{"id":17790,"date":"2024-08-02T19:31:47","date_gmt":"2024-08-02T17:31:47","guid":{"rendered":"https:\/\/chia-cundinamarca.gov.co\/web\/?p=17790"},"modified":"2024-08-02T19:37:23","modified_gmt":"2024-08-02T17:37:23","slug":"importantes-anuncios-para-la-vereda-bojaca","status":"publish","type":"post","link":"https:\/\/chia-cundinamarca.gov.co\/web\/2024\/08\/importantes-anuncios-para-la-vereda-bojaca\/","title":{"rendered":"\u00a1Importantes anuncios para la vereda Bojac\u00e1!"},"content":{"rendered":"\t\t<div data-elementor-type=\"wp-post\" data-elementor-id=\"17790\" class=\"elementor elementor-17790\" data-elementor-post-type=\"post\">\n\t\t\t\t<div class=\"elementor-element elementor-element-644c2f4 e-flex e-con-boxed e-con e-parent\" data-id=\"644c2f4\" data-element_type=\"container\" data-e-type=\"container\">\n\t\t\t\t\t<div class=\"e-con-inner\">\n\t\t\t\t<div class=\"elementor-element elementor-element-745360d elementor-widget elementor-widget-heading\" data-id=\"745360d\" data-element_type=\"widget\" data-e-type=\"widget\" data-widget_type=\"heading.default\">\n\t\t\t\t\t<h2 class=\"elementor-heading-title elementor-size-default\">\u00a1Importantes anuncios para la vereda Bojac\u00e1!<\/h2>\t\t\t\t<\/div>\n\t\t\t\t<div class=\"elementor-element elementor-element-22dba73 elementor-widget elementor-widget-image\" data-id=\"22dba73\" data-element_type=\"widget\" data-e-type=\"widget\" data-widget_type=\"image.default\">\n\t\t\t\t\t\t\t\t\t\t\t\t\t\t\t<img fetchpriority=\"high\" decoding=\"async\" width=\"768\" height=\"432\" src=\"https:\/\/chia-cundinamarca.gov.co\/web\/wp-content\/uploads\/2024\/08\/WhatsApp-Image-2024-08-02-at-12.25.17-PM-1-1-768x432.jpeg\" class=\"attachment-medium_large size-medium_large wp-image-17793\" alt=\"\" srcset=\"https:\/\/chia-cundinamarca.gov.co\/web\/wp-content\/uploads\/2024\/08\/WhatsApp-Image-2024-08-02-at-12.25.17-PM-1-1-768x432.jpeg 768w, https:\/\/chia-cundinamarca.gov.co\/web\/wp-content\/uploads\/2024\/08\/WhatsApp-Image-2024-08-02-at-12.25.17-PM-1-1-300x169.jpeg 300w, https:\/\/chia-cundinamarca.gov.co\/web\/wp-content\/uploads\/2024\/08\/WhatsApp-Image-2024-08-02-at-12.25.17-PM-1-1-1024x576.jpeg 1024w, https:\/\/chia-cundinamarca.gov.co\/web\/wp-content\/uploads\/2024\/08\/WhatsApp-Image-2024-08-02-at-12.25.17-PM-1-1-48x27.jpeg 48w, https:\/\/chia-cundinamarca.gov.co\/web\/wp-content\/uploads\/2024\/08\/WhatsApp-Image-2024-08-02-at-12.25.17-PM-1-1.jpeg 1280w\" sizes=\"(max-width: 768px) 100vw, 768px\" \/>\t\t\t\t\t\t\t\t\t\t\t\t\t\t\t<\/div>\n\t\t\t\t<div class=\"elementor-element elementor-element-125c3335 elementor-widget elementor-widget-text-editor\" data-id=\"125c3335\" data-element_type=\"widget\" data-e-type=\"widget\" data-widget_type=\"text-editor.default\">\n\t\t\t\t\t\t\t\t\t<p>Con el prop\u00f3sito de mejorar la calidad de vida de los habitantes de Bojac\u00e1, el alcalde Leonardo Donoso Ru\u00edz se reuni\u00f3 con la Junta de Acci\u00f3n Comunal para tratar temas coyunturales que afectan a la comunidad. La reuni\u00f3n se centr\u00f3 en soluciones de urbanismo, obras p\u00fablicas, sentidos viales, seguridad y alivios tributarios.<\/p><p>El primer tema debatido fue el sentido vial de la Calle 35, que gener\u00f3 opiniones divididas entre los asistentes, los delegados de la Secretar\u00eda de Movilidad explicaron que los sentidos viales deben estar sustentados en estudios y que, con la aprobaci\u00f3n de la armonizaci\u00f3n presupuestal del municipio, se implementar\u00e1 la se\u00f1alizaci\u00f3n necesaria para reducir la accidentalidad en la zona.<\/p><p>Adem\u00e1s, se discuti\u00f3 la necesidad de implementar v\u00edas alternas debido al crecimiento urbano y la construcci\u00f3n de m\u00e1s de 500 apartamentos de la constructora Urbansa. La malla vial del sector tambi\u00e9n fue un tema de discusi\u00f3n, incluyendo la intervenci\u00f3n de la Calle 29, la revisi\u00f3n de estudios para la ampliaci\u00f3n de la v\u00eda, la adquisici\u00f3n predial a trav\u00e9s del IDUVI y la implementaci\u00f3n de andenes y ciclorrutas.<\/p><p>De igual forma, se anunci\u00f3 la asignaci\u00f3n de 185 millones de pesos para la limpieza, cerramiento e instalaci\u00f3n de dos ba\u00f1os en el lote cercano a la antigua Oficina de Migraci\u00f3n Colombia, un tema que preocupa a la comunidad debido a la inseguridad que se ha presentado en este lote que en este momento est\u00e1 bald\u00edo.<\/p><p>El alcalde anunci\u00f3 alivios tributarios en los intereses de mora de los impuestos predial y de Industria y Comercio, que iniciar\u00e1n en un 90% y descender\u00e1n progresivamente hasta el 50% en julio de 2025. Tambi\u00e9n se anunci\u00f3 la instalaci\u00f3n de una Oficina permanente del Instituto Geogr\u00e1fico Agust\u00edn Codazzi (IGAC) en el centro comercial Centro Ch\u00eda durante un a\u00f1o.<\/p><p>La reuni\u00f3n fue un paso importante para abordar las necesidades de la comunidad de Bojac\u00e1 y encontrar soluciones conjuntas para mejorar la calidad de vida de sus habitantes. El Alcalde se comprometi\u00f3 a seguir trabajando con la Junta de Acci\u00f3n Comunal para hacer frente a los desaf\u00edos del sector.<\/p>\t\t\t\t\t\t\t\t<\/div>\n\t\t\t\t\t<\/div>\n\t\t\t\t<\/div>\n\t\t\t\t<\/div>\n\t\t","protected":false},"excerpt":{"rendered":"<p>\u00a1Importantes anuncios para la vereda Bojac\u00e1! Con el prop\u00f3sito de mejorar la calidad de vida de los habitantes de Bojac\u00e1, el alcalde Leonardo Donoso Ru\u00edz se reuni\u00f3 con la Junta de Acci\u00f3n Comunal para tratar temas coyunturales que afectan a la comunidad. La reuni\u00f3n se centr\u00f3 en soluciones de urbanismo, obras p\u00fablicas, sentidos viales, seguridad [&hellip;]<\/p>\n","protected":false},"author":1,"featured_media":17791,"comment_status":"closed","ping_status":"closed","sticky":false,"template":"","format":"standard","meta":{"footnotes":""},"categories":[17],"tags":[197,382,33,473,958,40,957],"class_list":["post-17790","post","type-post","status-publish","format-standard","has-post-thumbnail","hentry","category-noticias-2024","tag-alcalde","tag-bojaca","tag-chia","tag-desarrollo","tag-infraestructura","tag-seguridad","tag-urbanismo"],"_links":{"self":[{"href":"https:\/\/chia-cundinamarca.gov.co\/web\/wp-json\/wp\/v2\/posts\/17790","targetHints":{"allow":["GET"]}}],"collection":[{"href":"https:\/\/chia-cundinamarca.gov.co\/web\/wp-json\/wp\/v2\/posts"}],"about":[{"href":"https:\/\/chia-cundinamarca.gov.co\/web\/wp-json\/wp\/v2\/types\/post"}],"author":[{"embeddable":true,"href":"https:\/\/chia-cundinamarca.gov.co\/web\/wp-json\/wp\/v2\/users\/1"}],"replies":[{"embeddable":true,"href":"https:\/\/chia-cundinamarca.gov.co\/web\/wp-json\/wp\/v2\/comments?post=17790"}],"version-history":[{"count":4,"href":"https:\/\/chia-cundinamarca.gov.co\/web\/wp-json\/wp\/v2\/posts\/17790\/revisions"}],"predecessor-version":[{"id":17797,"href":"https:\/\/chia-cundinamarca.gov.co\/web\/wp-json\/wp\/v2\/posts\/17790\/revisions\/17797"}],"wp:featuredmedia":[{"embeddable":true,"href":"https:\/\/chia-cundinamarca.gov.co\/web\/wp-json\/wp\/v2\/media\/17791"}],"wp:attachment":[{"href":"https:\/\/chia-cundinamarca.gov.co\/web\/wp-json\/wp\/v2\/media?parent=17790"}],"wp:term":[{"taxonomy":"category","embeddable":true,"href":"https:\/\/chia-cundinamarca.gov.co\/web\/wp-json\/wp\/v2\/categories?post=17790"},{"taxonomy":"post_tag","embeddable":true,"href":"https:\/\/chia-cundinamarca.gov.co\/web\/wp-json\/wp\/v2\/tags?post=17790"}],"curies":[{"name":"wp","href":"https:\/\/api.w.org\/{rel}","templated":true}]}}