{"id":18586,"date":"2024-08-30T14:50:53","date_gmt":"2024-08-30T12:50:53","guid":{"rendered":"https:\/\/chia-cundinamarca.gov.co\/web\/?p=18586"},"modified":"2024-08-30T18:42:34","modified_gmt":"2024-08-30T16:42:34","slug":"las-ofertas-de-empleabilidad-en-chia-llega-a-las-veredas","status":"publish","type":"post","link":"https:\/\/chia-cundinamarca.gov.co\/web\/2024\/08\/las-ofertas-de-empleabilidad-en-chia-llega-a-las-veredas\/","title":{"rendered":"Las ofertas de empleabilidad en Ch\u00eda, llega a las veredas"},"content":{"rendered":"\t\t<div data-elementor-type=\"wp-post\" data-elementor-id=\"18586\" class=\"elementor elementor-18586\" data-elementor-post-type=\"post\">\n\t\t\t\t<div class=\"elementor-element elementor-element-396c7ef0 e-flex e-con-boxed e-con e-parent\" data-id=\"396c7ef0\" data-element_type=\"container\" data-e-type=\"container\">\n\t\t\t\t\t<div class=\"e-con-inner\">\n\t\t\t\t<div class=\"elementor-element elementor-element-2015ecc elementor-widget elementor-widget-heading\" data-id=\"2015ecc\" data-element_type=\"widget\" data-e-type=\"widget\" data-widget_type=\"heading.default\">\n\t\t\t\t\t<h2 class=\"elementor-heading-title elementor-size-default\">Las ofertas de empleo en Ch\u00eda, llegan a las veredas<\/h2>\t\t\t\t<\/div>\n\t\t\t\t<div class=\"elementor-element elementor-element-49a6bf1 elementor-widget elementor-widget-image\" data-id=\"49a6bf1\" data-element_type=\"widget\" data-e-type=\"widget\" data-widget_type=\"image.default\">\n\t\t\t\t\t\t\t\t\t\t\t\t\t\t\t<img fetchpriority=\"high\" decoding=\"async\" width=\"768\" height=\"432\" src=\"https:\/\/chia-cundinamarca.gov.co\/web\/wp-content\/uploads\/2024\/08\/Empleo-Fagua-768x432.jpeg\" class=\"attachment-medium_large size-medium_large wp-image-18601\" alt=\"Empleo Fagua\" srcset=\"https:\/\/chia-cundinamarca.gov.co\/web\/wp-content\/uploads\/2024\/08\/Empleo-Fagua-768x432.jpeg 768w, https:\/\/chia-cundinamarca.gov.co\/web\/wp-content\/uploads\/2024\/08\/Empleo-Fagua-300x169.jpeg 300w, https:\/\/chia-cundinamarca.gov.co\/web\/wp-content\/uploads\/2024\/08\/Empleo-Fagua-1024x576.jpeg 1024w, https:\/\/chia-cundinamarca.gov.co\/web\/wp-content\/uploads\/2024\/08\/Empleo-Fagua-48x27.jpeg 48w, https:\/\/chia-cundinamarca.gov.co\/web\/wp-content\/uploads\/2024\/08\/Empleo-Fagua.jpeg 1280w\" sizes=\"(max-width: 768px) 100vw, 768px\" \/>\t\t\t\t\t\t\t\t\t\t\t\t\t\t\t<\/div>\n\t\t\t\t<div class=\"elementor-element elementor-element-3979ca8d elementor-widget elementor-widget-text-editor\" data-id=\"3979ca8d\" data-element_type=\"widget\" data-e-type=\"widget\" data-widget_type=\"text-editor.default\">\n\t\t\t\t\t\t\t\t\t<p style=\"font-weight: 400;\">Con la finalidad de llegar a toda la comunidad de Ch\u00eda, la Secretar\u00eda para el Desarrollo Econ\u00f3mico ha trabajado en fortalecer la <a href=\"https:\/\/web.facebook.com\/agenciaempleochia\/?_rdc=1&amp;_rdr\">Agencia P\u00fablica de Empleo<\/a> para que las vacantes, de las m\u00e1s de 90 empresas aliadas sean cubiertas con las personas que se postulan del municipio.<\/p><p style=\"font-weight: 400;\">De esta forma, se han generado estrategias como la descentralizaci\u00f3n de la \u201cFeria de Empleo\u201d que se desarroll\u00f3 este martes 27 de agosto, llevando a cabo su primera jornada en la vereda Fagua, con la asistencia de cerca de 180 personas. Este programa tuvo una gran acogida ya que 7 empresas estuvieron all\u00ed recepcionando hojas de vida de los residentes. Esta iniciativa se llevar\u00e1 a todas las veredas cada mes y la pr\u00f3xima fecha, ser\u00e1 el 24 de septiembre en la vereda la Balsa.<\/p><p style=\"font-weight: 400;\">Cabe resaltar, que continuar\u00e1n los \u201cMartes de empleabilidad\u201d en el edificio El Curubito ubicado en la Carrera 10 #8-74 en el piso 1, desde las 9:00 a.m. a 12:00 m. all\u00ed con empresas oferentes que cuentan con variedad de ofertas laborales. En lo corrido del a\u00f1o se han atendido a 2.126 personas que han logrado estar en la base de datos de las empresas y el 26% han logrado vincularse.<\/p><p style=\"font-weight: 400;\">Desde la Administraci\u00f3n Municipal se ha logrado apoyar a las personas que se encuentran en busca de empleo y as\u00ed, mejorar la calidad de vida de los residentes de Ch\u00eda.<\/p><p style=\"font-weight: 400;\">\u00a0<\/p>\t\t\t\t\t\t\t\t<\/div>\n\t\t\t\t\t<\/div>\n\t\t\t\t<\/div>\n\t\t\t\t<\/div>\n\t\t","protected":false},"excerpt":{"rendered":"<p>Las ofertas de empleabilidad en Ch\u00eda llega a las veredas<\/p>\n","protected":false},"author":1,"featured_media":18601,"comment_status":"closed","ping_status":"closed","sticky":false,"template":"","format":"standard","meta":{"footnotes":""},"categories":[17],"tags":[1062,33,1060,1059,1058,1061,564],"class_list":["post-18586","post","type-post","status-publish","format-standard","has-post-thumbnail","hentry","category-noticias-2024","tag-agencia-publica-de-empleo","tag-chia","tag-descentralizacion","tag-economico","tag-empleabilidad","tag-vacantes","tag-veredas"],"_links":{"self":[{"href":"https:\/\/chia-cundinamarca.gov.co\/web\/wp-json\/wp\/v2\/posts\/18586","targetHints":{"allow":["GET"]}}],"collection":[{"href":"https:\/\/chia-cundinamarca.gov.co\/web\/wp-json\/wp\/v2\/posts"}],"about":[{"href":"https:\/\/chia-cundinamarca.gov.co\/web\/wp-json\/wp\/v2\/types\/post"}],"author":[{"embeddable":true,"href":"https:\/\/chia-cundinamarca.gov.co\/web\/wp-json\/wp\/v2\/users\/1"}],"replies":[{"embeddable":true,"href":"https:\/\/chia-cundinamarca.gov.co\/web\/wp-json\/wp\/v2\/comments?post=18586"}],"version-history":[{"count":11,"href":"https:\/\/chia-cundinamarca.gov.co\/web\/wp-json\/wp\/v2\/posts\/18586\/revisions"}],"predecessor-version":[{"id":18611,"href":"https:\/\/chia-cundinamarca.gov.co\/web\/wp-json\/wp\/v2\/posts\/18586\/revisions\/18611"}],"wp:featuredmedia":[{"embeddable":true,"href":"https:\/\/chia-cundinamarca.gov.co\/web\/wp-json\/wp\/v2\/media\/18601"}],"wp:attachment":[{"href":"https:\/\/chia-cundinamarca.gov.co\/web\/wp-json\/wp\/v2\/media?parent=18586"}],"wp:term":[{"taxonomy":"category","embeddable":true,"href":"https:\/\/chia-cundinamarca.gov.co\/web\/wp-json\/wp\/v2\/categories?post=18586"},{"taxonomy":"post_tag","embeddable":true,"href":"https:\/\/chia-cundinamarca.gov.co\/web\/wp-json\/wp\/v2\/tags?post=18586"}],"curies":[{"name":"wp","href":"https:\/\/api.w.org\/{rel}","templated":true}]}}