{"id":20046,"date":"2024-09-30T23:14:52","date_gmt":"2024-09-30T21:14:52","guid":{"rendered":"https:\/\/chia-cundinamarca.gov.co\/web\/?p=20046"},"modified":"2024-10-01T23:18:31","modified_gmt":"2024-10-01T21:18:31","slug":"cerca-de-piedra-y-sector-la-libertad-acudieron-a-la-socializacion-del-catastro-multiproposito","status":"publish","type":"post","link":"https:\/\/chia-cundinamarca.gov.co\/web\/2024\/09\/cerca-de-piedra-y-sector-la-libertad-acudieron-a-la-socializacion-del-catastro-multiproposito\/","title":{"rendered":"Cerca de Piedra y sector La Libertad acudieron a la socializaci\u00f3n del catastro multiprop\u00f3sito"},"content":{"rendered":"\t\t<div data-elementor-type=\"wp-post\" data-elementor-id=\"20046\" class=\"elementor elementor-20046\" data-elementor-post-type=\"post\">\n\t\t\t\t<div class=\"elementor-element elementor-element-1e0fbe55 e-flex e-con-boxed e-con e-parent\" data-id=\"1e0fbe55\" data-element_type=\"container\" data-e-type=\"container\">\n\t\t\t\t\t<div class=\"e-con-inner\">\n\t\t\t\t<div class=\"elementor-element elementor-element-52fa40e elementor-widget elementor-widget-heading\" data-id=\"52fa40e\" data-element_type=\"widget\" data-e-type=\"widget\" data-widget_type=\"heading.default\">\n\t\t\t\t\t<h2 class=\"elementor-heading-title elementor-size-default\">Cerca de Piedra y sector La Libertad acudieron a la socializaci\u00f3n del catastro multiprop\u00f3sito<\/h2>\t\t\t\t<\/div>\n\t\t\t\t<div class=\"elementor-element elementor-element-7f3df5c elementor-widget elementor-widget-image\" data-id=\"7f3df5c\" data-element_type=\"widget\" data-e-type=\"widget\" data-widget_type=\"image.default\">\n\t\t\t\t\t\t\t\t\t\t\t\t\t\t\t<img fetchpriority=\"high\" decoding=\"async\" width=\"768\" height=\"685\" src=\"https:\/\/chia-cundinamarca.gov.co\/web\/wp-content\/uploads\/2024\/10\/IGAC-Cerca-de-Piedra-768x685.jpeg\" class=\"attachment-medium_large size-medium_large wp-image-20049\" alt=\"IGAC Cerca de Piedra\" srcset=\"https:\/\/chia-cundinamarca.gov.co\/web\/wp-content\/uploads\/2024\/10\/IGAC-Cerca-de-Piedra-768x685.jpeg 768w, https:\/\/chia-cundinamarca.gov.co\/web\/wp-content\/uploads\/2024\/10\/IGAC-Cerca-de-Piedra-300x268.jpeg 300w, https:\/\/chia-cundinamarca.gov.co\/web\/wp-content\/uploads\/2024\/10\/IGAC-Cerca-de-Piedra-1024x914.jpeg 1024w, https:\/\/chia-cundinamarca.gov.co\/web\/wp-content\/uploads\/2024\/10\/IGAC-Cerca-de-Piedra-48x43.jpeg 48w, https:\/\/chia-cundinamarca.gov.co\/web\/wp-content\/uploads\/2024\/10\/IGAC-Cerca-de-Piedra.jpeg 1280w\" sizes=\"(max-width: 768px) 100vw, 768px\" \/>\t\t\t\t\t\t\t\t\t\t\t\t\t\t\t<\/div>\n\t\t\t\t<div class=\"elementor-element elementor-element-2806c00e elementor-widget elementor-widget-text-editor\" data-id=\"2806c00e\" data-element_type=\"widget\" data-e-type=\"widget\" data-widget_type=\"text-editor.default\">\n\t\t\t\t\t\t\t\t\t<p style=\"font-weight: 400;\">En un nuevo encuentro del proceso de socializaci\u00f3n del catastro multiprop\u00f3sito de Ch\u00eda, habitantes de la vereda Cerca de Piedra y el sector La Libertad fueron convocados en el sal\u00f3n comunal del \u00e1rea en el que la administraci\u00f3n y funcionarios del IGAC explicaron los detalles.<\/p>\r\n<p style=\"font-weight: 400;\">En esta ocasi\u00f3n, parte de los propietarios se\u00f1alaron que el comercio del sector ha tenido problemas financieros, lo que les impedir\u00e1 ajustarse al nuevo Estatuto de Rentas que expida el Concejo Municipal luego de que llegu\u00e9 la informaci\u00f3n predial ajustada.<\/p>\r\n<p style=\"font-weight: 400;\">Este sector de Ch\u00eda, que colinda al oriente con el territorio del Resguardo Ind\u00edgena Muysca de Cerca de Piedra y Fonquet\u00e1 y al occidente con La Variante tiene predios que han sido modificados en los \u00faltimos 10 a\u00f1os, asunto que ser\u00e1 inspeccionado dentro del catastro multiprop\u00f3sito.<\/p>\r\n<p style=\"font-weight: 400;\">Se espera que en lo que queda del a\u00f1o 2024, contin\u00fae el personal del IGAC recorriendo bajo la metodolog\u00eda directa las \u00e1reas rurales y urbanas de Ch\u00eda.<\/p>\t\t\t\t\t\t\t\t<\/div>\n\t\t\t\t\t<\/div>\n\t\t\t\t<\/div>\n\t\t\t\t<\/div>\n\t\t","protected":false},"excerpt":{"rendered":"<p>Cerca de Piedra y sector La Libertad acudieron a la socializaci\u00f3n del catastro multiprop\u00f3sito<\/p>\n","protected":false},"author":1,"featured_media":20049,"comment_status":"closed","ping_status":"closed","sticky":false,"template":"","format":"standard","meta":{"footnotes":""},"categories":[17],"tags":[919,964,157],"class_list":["post-20046","post","type-post","status-publish","format-standard","has-post-thumbnail","hentry","category-noticias-2024","tag-cerca-de-piedra","tag-igac","tag-resguardo-indigena"],"_links":{"self":[{"href":"https:\/\/chia-cundinamarca.gov.co\/web\/wp-json\/wp\/v2\/posts\/20046","targetHints":{"allow":["GET"]}}],"collection":[{"href":"https:\/\/chia-cundinamarca.gov.co\/web\/wp-json\/wp\/v2\/posts"}],"about":[{"href":"https:\/\/chia-cundinamarca.gov.co\/web\/wp-json\/wp\/v2\/types\/post"}],"author":[{"embeddable":true,"href":"https:\/\/chia-cundinamarca.gov.co\/web\/wp-json\/wp\/v2\/users\/1"}],"replies":[{"embeddable":true,"href":"https:\/\/chia-cundinamarca.gov.co\/web\/wp-json\/wp\/v2\/comments?post=20046"}],"version-history":[{"count":5,"href":"https:\/\/chia-cundinamarca.gov.co\/web\/wp-json\/wp\/v2\/posts\/20046\/revisions"}],"predecessor-version":[{"id":20055,"href":"https:\/\/chia-cundinamarca.gov.co\/web\/wp-json\/wp\/v2\/posts\/20046\/revisions\/20055"}],"wp:featuredmedia":[{"embeddable":true,"href":"https:\/\/chia-cundinamarca.gov.co\/web\/wp-json\/wp\/v2\/media\/20049"}],"wp:attachment":[{"href":"https:\/\/chia-cundinamarca.gov.co\/web\/wp-json\/wp\/v2\/media?parent=20046"}],"wp:term":[{"taxonomy":"category","embeddable":true,"href":"https:\/\/chia-cundinamarca.gov.co\/web\/wp-json\/wp\/v2\/categories?post=20046"},{"taxonomy":"post_tag","embeddable":true,"href":"https:\/\/chia-cundinamarca.gov.co\/web\/wp-json\/wp\/v2\/tags?post=20046"}],"curies":[{"name":"wp","href":"https:\/\/api.w.org\/{rel}","templated":true}]}}