{"id":2148,"date":"2024-01-16T00:03:42","date_gmt":"2024-01-15T23:03:42","guid":{"rendered":"https:\/\/chia-cundinamarca.gov.co\/web\/?p=2148"},"modified":"2024-01-16T22:48:45","modified_gmt":"2024-01-16T21:48:45","slug":"llegan-nuevamente-los-operativos-de-seguridad-a-chia","status":"publish","type":"post","link":"https:\/\/chia-cundinamarca.gov.co\/web\/2024\/01\/llegan-nuevamente-los-operativos-de-seguridad-a-chia\/","title":{"rendered":"Llegan nuevamente los operativos de seguridad a Ch\u00eda"},"content":{"rendered":"\t\t<div data-elementor-type=\"wp-post\" data-elementor-id=\"2148\" class=\"elementor elementor-2148\" data-elementor-post-type=\"post\">\n\t\t\t\t<div class=\"elementor-element elementor-element-60fa6b24 e-con-full e-flex e-con e-parent\" data-id=\"60fa6b24\" data-element_type=\"container\" data-e-type=\"container\">\n\t\t\t\t<div class=\"elementor-element elementor-element-720accf2 elementor-widget elementor-widget-text-editor\" data-id=\"720accf2\" data-element_type=\"widget\" data-e-type=\"widget\" data-widget_type=\"text-editor.default\">\n\t\t\t\t\t\t\t\t\t<h1>Llegan nuevamente los operativos de seguridad a Ch\u00eda<\/h1>\n<p>Cuatro<strong> operativos<\/strong> en lo que va corrido del mes de enero ya dejan varios <strong>menores conducidos<\/strong> a las comisar\u00edas de familia y la <strong>recuperaci\u00f3n<\/strong> de <strong>espacio p\u00fablico<\/strong> en el sector de la calle 3, al respaldo de <strong>Andr\u00e9s Carne de Res.<\/strong><\/p>\n<p>25 personas conducidas a la estaci\u00f3n de Polic\u00eda, 5 menores llevados a la comisar\u00eda de familia, 28 comparendos impuestos, 18 veh\u00edculos inmovilizados y uno <strong>recuperado por hurto<\/strong>, fue el balance de los operativos de seguridad realizados este fin de semana por parte de la administraci\u00f3n del alcalde de Ch\u00eda, <strong>Leonardo Donoso.<\/strong><\/p>\n<p>Los operativos, que fueron acompa\u00f1ados por el <strong>Ej\u00e9rcito Nacional,<\/strong> Polic\u00eda de Infancia y Adolescencia, Comisar\u00edas de Familia, Bomberos, Defensa Civil, Movilidad, la empresa Emserch\u00eda, y las secretar\u00edas de Salud y Acci\u00f3n Social, tambi\u00e9n dejaron como resultado la recuperaci\u00f3n de espacio p\u00fablico en las zonas de <strong>Centro Ch\u00eda y La Caro<\/strong> donde m\u00e1s de 20 habitantes de calle se hab\u00edan asentado en varios puntos.<\/p>\n<p><strong>Recuperaci\u00f3n de espacio p\u00fablico<\/strong><\/p>\n<p>De igual manera se logr\u00f3 la restituci\u00f3n de espacio p\u00fablico en la calle 3 que divide el establecimiento de comercio, <strong>Andr\u00e9s Carne de Res.<\/strong><\/p>\n<p><iframe title=\"YouTube video player\" src=\"https:\/\/www.youtube.com\/embed\/7iOXTI2KY1E?si=y2uzOxfDOgjdJblT\" width=\"560\" height=\"315\" frameborder=\"0\" allowfullscreen=\"allowfullscreen\"><\/iframe><\/p>\n<p>Con los operativos, que ya se completan 4 en lo que va corrido del mes de enero, la administraci\u00f3n quiere dar un golpe de confianza en la poblaci\u00f3n.<\/p>\n<p><iframe title=\"YouTube video player\" src=\"https:\/\/www.youtube.com\/embed\/Lr73YUnhsu0?si=0qA6AG6Dj7mHZ_XN\" width=\"560\" height=\"315\" frameborder=\"0\" allowfullscreen=\"allowfullscreen\"><\/iframe><\/p>\n<p>\u201cEstos operativos nos han permitido la recuperaci\u00f3n de espacio p\u00fablico en la zona hist\u00f3rica y de escenarios deportivos donde hac\u00edan presencia expendedores y consumidores de sustancias psicoactivas\u201d, explic\u00f3 Donoso, quien agreg\u00f3 que estas acciones se realizar\u00e1n de manera continua, contundente y sorpresiva y tienen como fin recuperar la confianza y la seguridad de los habitantes del municipio.<\/p>\n<p><strong>As\u00ed registraron los medios las acciones en seguridad de la administraci\u00f3n Donoso<\/strong><\/p>\n<p>Tras el balance positivo de la administraci\u00f3n de Ch\u00eda, varios medios nacionales registraron los hechos, enfatizando en la recuperaci\u00f3n de espacio p\u00fablico en el sector del restaurante<strong> Andr\u00e9s Carne de Res.<\/strong><\/p>\t\t\t\t\t\t\t\t<\/div>\n\t\t\t\t<\/div>\n\t\t<div class=\"elementor-element elementor-element-d7ebf07 e-flex e-con-boxed e-con e-parent\" data-id=\"d7ebf07\" data-element_type=\"container\" data-e-type=\"container\">\n\t\t\t\t\t<div class=\"e-con-inner\">\n\t\t\t\t\t<\/div>\n\t\t\t\t<\/div>\n\t\t<div class=\"elementor-element elementor-element-482ae9c e-flex e-con-boxed e-con e-parent\" data-id=\"482ae9c\" data-element_type=\"container\" data-e-type=\"container\">\n\t\t\t\t\t<div class=\"e-con-inner\">\n\t\t\t\t<div class=\"elementor-element elementor-element-e811214 elementor-widget elementor-widget-shortcode\" data-id=\"e811214\" data-element_type=\"widget\" data-e-type=\"widget\" data-widget_type=\"shortcode.default\">\n\t\t\t\t\t\t\t<div class=\"elementor-shortcode\"><blockquote class=\"twitter-tweet\"><p lang=\"es\" dir=\"ltr\"><a href=\"https:\/\/twitter.com\/hashtag\/CH%C3%8DA?src=hash&amp;ref_src=twsrc%5Etfw\">#CH\u00cdA<\/a> Las autoridades municipales le pusieron el tatequieto al restaurante <br>Andr\u00e9s Carne de Res por la ocupaci\u00f3n indebida del espacio p\u00fablico. Adem\u00e1s, en los operativos de las \u00faltimas horas 25 personas fueron capturadas y 5 menores llevados a la comisar\u00eda de familia. <a href=\"https:\/\/twitter.com\/camivar08g?ref_src=twsrc%5Etfw\">@Camivar08G<\/a> <a href=\"https:\/\/t.co\/lCeLeOrw5c\">pic.twitter.com\/lCeLeOrw5c<\/a><\/p>&mdash; \u00daltimaHoraCaracol (@UltimaHoraCR) <a href=\"https:\/\/twitter.com\/UltimaHoraCR\/status\/1746840951643906196?ref_src=twsrc%5Etfw\">January 15, 2024<\/a><\/blockquote> <script async src=\"https:\/\/platform.twitter.com\/widgets.js\" charset=\"utf-8\"><\/script><\/div>\n\t\t\t\t\t\t<\/div>\n\t\t\t\t<div class=\"elementor-element elementor-element-3d11406 elementor-widget elementor-widget-text-editor\" data-id=\"3d11406\" data-element_type=\"widget\" data-e-type=\"widget\" data-widget_type=\"text-editor.default\">\n\t\t\t\t\t\t\t\t\t<p>Finamente, el alcalde Leonardo Donoso ha reiterado que las autoridades del municipio continuar\u00e1n de manera permanente los operativos de seguridad y de recuperaci\u00f3n del espacio p\u00fablico, e invit\u00f3 a la ciudadan\u00eda a cumplir las normas viales.\u00a0<\/p>\t\t\t\t\t\t\t\t<\/div>\n\t\t\t\t\t<\/div>\n\t\t\t\t<\/div>\n\t\t\t\t<\/div>\n\t\t","protected":false},"excerpt":{"rendered":"<p>Llegan nuevamente los operativos de seguridad a Ch\u00eda Cuatro operativos en lo que va corrido del mes de enero ya dejan varios menores conducidos a las comisar\u00edas de familia y la recuperaci\u00f3n de espacio p\u00fablico en el sector de la calle 3, al respaldo de Andr\u00e9s Carne de Res. 25 personas conducidas a la estaci\u00f3n [&hellip;]<\/p>\n","protected":false},"author":1,"featured_media":2158,"comment_status":"closed","ping_status":"closed","sticky":false,"template":"","format":"standard","meta":{"footnotes":""},"categories":[17],"tags":[42,33,43,37,41,40],"class_list":["post-2148","post","type-post","status-publish","format-standard","has-post-thumbnail","hentry","category-noticias-2024","tag-andres-carne-de-res","tag-chia","tag-espacio-publico","tag-leonardo-donoso","tag-operativos","tag-seguridad"],"_links":{"self":[{"href":"https:\/\/chia-cundinamarca.gov.co\/web\/wp-json\/wp\/v2\/posts\/2148","targetHints":{"allow":["GET"]}}],"collection":[{"href":"https:\/\/chia-cundinamarca.gov.co\/web\/wp-json\/wp\/v2\/posts"}],"about":[{"href":"https:\/\/chia-cundinamarca.gov.co\/web\/wp-json\/wp\/v2\/types\/post"}],"author":[{"embeddable":true,"href":"https:\/\/chia-cundinamarca.gov.co\/web\/wp-json\/wp\/v2\/users\/1"}],"replies":[{"embeddable":true,"href":"https:\/\/chia-cundinamarca.gov.co\/web\/wp-json\/wp\/v2\/comments?post=2148"}],"version-history":[{"count":0,"href":"https:\/\/chia-cundinamarca.gov.co\/web\/wp-json\/wp\/v2\/posts\/2148\/revisions"}],"wp:featuredmedia":[{"embeddable":true,"href":"https:\/\/chia-cundinamarca.gov.co\/web\/wp-json\/wp\/v2\/media\/2158"}],"wp:attachment":[{"href":"https:\/\/chia-cundinamarca.gov.co\/web\/wp-json\/wp\/v2\/media?parent=2148"}],"wp:term":[{"taxonomy":"category","embeddable":true,"href":"https:\/\/chia-cundinamarca.gov.co\/web\/wp-json\/wp\/v2\/categories?post=2148"},{"taxonomy":"post_tag","embeddable":true,"href":"https:\/\/chia-cundinamarca.gov.co\/web\/wp-json\/wp\/v2\/tags?post=2148"}],"curies":[{"name":"wp","href":"https:\/\/api.w.org\/{rel}","templated":true}]}}