{"id":21615,"date":"2024-11-19T23:21:20","date_gmt":"2024-11-19T22:21:20","guid":{"rendered":"https:\/\/chia-cundinamarca.gov.co\/web\/?p=21615"},"modified":"2024-11-19T23:25:36","modified_gmt":"2024-11-19T22:25:36","slug":"alcalde-de-chia-exige-reactivar-obras-de-la-troncal-de-los-andes-ante-el-congreso","status":"publish","type":"post","link":"https:\/\/chia-cundinamarca.gov.co\/web\/2024\/11\/alcalde-de-chia-exige-reactivar-obras-de-la-troncal-de-los-andes-ante-el-congreso\/","title":{"rendered":"Alcalde de Ch\u00eda exige reactivar obras de la Troncal de Los Andes ante el Congreso"},"content":{"rendered":"\t\t<div data-elementor-type=\"wp-post\" data-elementor-id=\"21615\" class=\"elementor elementor-21615\" data-elementor-post-type=\"post\">\n\t\t\t\t<div class=\"elementor-element elementor-element-8a2dcfe e-flex e-con-boxed e-con e-parent\" data-id=\"8a2dcfe\" data-element_type=\"container\" data-e-type=\"container\">\n\t\t\t\t\t<div class=\"e-con-inner\">\n\t\t\t\t<div class=\"elementor-element elementor-element-8ef957a elementor-widget elementor-widget-heading\" data-id=\"8ef957a\" data-element_type=\"widget\" data-e-type=\"widget\" data-widget_type=\"heading.default\">\n\t\t\t\t\t<h2 class=\"elementor-heading-title elementor-size-default\">Alcalde de Ch\u00eda exige reactivar obras de la Troncal de Los Andes ante el Congreso<\/h2>\t\t\t\t<\/div>\n\t\t\t\t<div class=\"elementor-element elementor-element-d053a17 elementor-widget elementor-widget-image\" data-id=\"d053a17\" data-element_type=\"widget\" data-e-type=\"widget\" data-widget_type=\"image.default\">\n\t\t\t\t\t\t\t\t\t\t\t\t\t\t\t<img fetchpriority=\"high\" decoding=\"async\" width=\"768\" height=\"576\" src=\"https:\/\/chia-cundinamarca.gov.co\/web\/wp-content\/uploads\/2024\/11\/CARACOL-RADIO-TRONCAL-DE-LOS-ANDES.avif\" class=\"attachment-large size-large wp-image-21617\" alt=\"\" \/>\t\t\t\t\t\t\t\t\t\t\t\t\t\t\t<\/div>\n\t\t\t\t<div class=\"elementor-element elementor-element-5d4bbe1 elementor-widget elementor-widget-text-editor\" data-id=\"5d4bbe1\" data-element_type=\"widget\" data-e-type=\"widget\" data-widget_type=\"text-editor.default\">\n\t\t\t\t\t\t\t\t\t<p>Durante un debate de control pol\u00edtico, el alcalde de Ch\u00eda, Leonardo Donoso, pidi\u00f3 en el Congreso acciones inmediatas para completar la Troncal de Los Andes, una obra que lleva ocho a\u00f1os de retraso<\/p><p><span style=\"color: #000000;\">El alcalde de Ch\u00eda, Leonardo Donoso, aprovech\u00f3 su intervenci\u00f3n en el Congreso para exigir la reactivaci\u00f3n de las obras de la Troncal de Los Andes,\u00a0un proyecto de 3.8 kil\u00f3metros que considera fundamental para mejorar la movilidad en la Sabana Norte de Cundinamarca.\u00a0\u201cLlevamos 8 a\u00f1os para que los 3.8 km de la Troncal de Los Andes sean entregados, hoy somos un corredor estrat\u00e9gico que exige acciones inmediatas\u201d,\u00a0enfatiz\u00f3 Donoso.<\/span><\/p><p><a href=\"https:\/\/caracol.com.co\/2024\/11\/13\/alcalde-de-chia-exige-reactivar-obras-de-la-troncal-de-los-andes-ante-el-congreso\/?outputType=amp\" target=\"_blank\" rel=\"noopener\">Ver M\u00e1s<\/a><\/p>\t\t\t\t\t\t\t\t<\/div>\n\t\t\t\t\t<\/div>\n\t\t\t\t<\/div>\n\t\t\t\t<\/div>\n\t\t","protected":false},"excerpt":{"rendered":"<p>Alcalde de Ch\u00eda exige reactivar obras de la Troncal de Los Andes ante el Congreso Durante un debate de control pol\u00edtico, el alcalde de Ch\u00eda, Leonardo Donoso, pidi\u00f3 en el Congreso acciones inmediatas para completar la Troncal de Los Andes, una obra que lleva ocho a\u00f1os de retraso El alcalde de Ch\u00eda, Leonardo Donoso, aprovech\u00f3 [&hellip;]<\/p>\n","protected":false},"author":1,"featured_media":21617,"comment_status":"closed","ping_status":"closed","sticky":false,"template":"","format":"standard","meta":{"footnotes":""},"categories":[31],"tags":[],"class_list":["post-21615","post","type-post","status-publish","format-standard","has-post-thumbnail","hentry","category-asi-nos-ven-los-medios"],"_links":{"self":[{"href":"https:\/\/chia-cundinamarca.gov.co\/web\/wp-json\/wp\/v2\/posts\/21615","targetHints":{"allow":["GET"]}}],"collection":[{"href":"https:\/\/chia-cundinamarca.gov.co\/web\/wp-json\/wp\/v2\/posts"}],"about":[{"href":"https:\/\/chia-cundinamarca.gov.co\/web\/wp-json\/wp\/v2\/types\/post"}],"author":[{"embeddable":true,"href":"https:\/\/chia-cundinamarca.gov.co\/web\/wp-json\/wp\/v2\/users\/1"}],"replies":[{"embeddable":true,"href":"https:\/\/chia-cundinamarca.gov.co\/web\/wp-json\/wp\/v2\/comments?post=21615"}],"version-history":[{"count":4,"href":"https:\/\/chia-cundinamarca.gov.co\/web\/wp-json\/wp\/v2\/posts\/21615\/revisions"}],"predecessor-version":[{"id":21620,"href":"https:\/\/chia-cundinamarca.gov.co\/web\/wp-json\/wp\/v2\/posts\/21615\/revisions\/21620"}],"wp:featuredmedia":[{"embeddable":true,"href":"https:\/\/chia-cundinamarca.gov.co\/web\/wp-json\/wp\/v2\/media\/21617"}],"wp:attachment":[{"href":"https:\/\/chia-cundinamarca.gov.co\/web\/wp-json\/wp\/v2\/media?parent=21615"}],"wp:term":[{"taxonomy":"category","embeddable":true,"href":"https:\/\/chia-cundinamarca.gov.co\/web\/wp-json\/wp\/v2\/categories?post=21615"},{"taxonomy":"post_tag","embeddable":true,"href":"https:\/\/chia-cundinamarca.gov.co\/web\/wp-json\/wp\/v2\/tags?post=21615"}],"curies":[{"name":"wp","href":"https:\/\/api.w.org\/{rel}","templated":true}]}}