{"id":22127,"date":"2024-12-09T22:47:49","date_gmt":"2024-12-09T21:47:49","guid":{"rendered":"https:\/\/chia-cundinamarca.gov.co\/web\/?p=22127"},"modified":"2024-12-09T22:52:00","modified_gmt":"2024-12-09T21:52:00","slug":"asi-vivio-el-municipio-de-chia-el-inicio-y-el-alumbrado-de-la-navidad","status":"publish","type":"post","link":"https:\/\/chia-cundinamarca.gov.co\/web\/2024\/12\/asi-vivio-el-municipio-de-chia-el-inicio-y-el-alumbrado-de-la-navidad\/","title":{"rendered":"As\u00ed vivi\u00f3 el municipio de Ch\u00eda, el inicio y el alumbrado de la Navidad"},"content":{"rendered":"\t\t<div data-elementor-type=\"wp-post\" data-elementor-id=\"22127\" class=\"elementor elementor-22127\" data-elementor-post-type=\"post\">\n\t\t\t\t<div class=\"elementor-element elementor-element-f39e14f e-flex e-con-boxed e-con e-parent\" data-id=\"f39e14f\" data-element_type=\"container\" data-e-type=\"container\">\n\t\t\t\t\t<div class=\"e-con-inner\">\n\t\t\t\t<div class=\"elementor-element elementor-element-b70cddd elementor-widget elementor-widget-heading\" data-id=\"b70cddd\" data-element_type=\"widget\" data-e-type=\"widget\" data-widget_type=\"heading.default\">\n\t\t\t\t\t<h2 class=\"elementor-heading-title elementor-size-default\">As\u00ed vivi\u00f3 el municipio de Ch\u00eda, el inicio y el alumbrado de la Navidad<\/h2>\t\t\t\t<\/div>\n\t\t\t\t<div class=\"elementor-element elementor-element-d15a619 elementor-widget elementor-widget-image\" data-id=\"d15a619\" data-element_type=\"widget\" data-e-type=\"widget\" data-widget_type=\"image.default\">\n\t\t\t\t\t\t\t\t\t\t\t\t\t\t\t<img fetchpriority=\"high\" decoding=\"async\" width=\"800\" height=\"533\" src=\"https:\/\/chia-cundinamarca.gov.co\/web\/wp-content\/uploads\/2024\/12\/EL-ESPECTADOR-2.avif\" class=\"attachment-large size-large wp-image-22129\" alt=\"\" \/>\t\t\t\t\t\t\t\t\t\t\t\t\t\t\t<\/div>\n\t\t\t\t<div class=\"elementor-element elementor-element-b2a6d3b elementor-widget elementor-widget-text-editor\" data-id=\"b2a6d3b\" data-element_type=\"widget\" data-e-type=\"widget\" data-widget_type=\"text-editor.default\">\n\t\t\t\t\t\t\t\t\t<p>Junto a m\u00e1s de seis mil personas, el municipio de Ch\u00eda vivi\u00f3 del primer d\u00eda de la Navidad y del Festival Gastron\u00f3mico en su versi\u00f3n 18. Adem\u00e1s, la ciudad se ilumin\u00f3 con las luces navide\u00f1as en seis puntos del municipio.<\/p><p>Como estaba en la programaci\u00f3n, las personas que asistieron a la celebraci\u00f3n pudieron disfrutar de presentaciones art\u00edsticas y musicales nacionales. Adem\u00e1s, del invitado internacional, Los Mel\u00f3dicos. El festival continuar\u00e1 hoy, 8 de diciembre, en la plazoleta Hoqabiga, el Parque Ospina P\u00e9rez y el Parque Principal Santander.<\/p><p>\u00a0<\/p><p><a href=\"https:\/\/www.elespectador.com\/bogota\/inicio-de-la-navidad-en-el-municipio-de-chia\/\" target=\"_blank\" rel=\"noopener\">Ver M\u00e1s<\/a><\/p>\t\t\t\t\t\t\t\t<\/div>\n\t\t\t\t\t<\/div>\n\t\t\t\t<\/div>\n\t\t\t\t<\/div>\n\t\t","protected":false},"excerpt":{"rendered":"<p>As\u00ed vivi\u00f3 el municipio de Ch\u00eda, el inicio y el alumbrado de la Navidad Junto a m\u00e1s de seis mil personas, el municipio de Ch\u00eda vivi\u00f3 del primer d\u00eda de la Navidad y del Festival Gastron\u00f3mico en su versi\u00f3n 18. Adem\u00e1s, la ciudad se ilumin\u00f3 con las luces navide\u00f1as en seis puntos del municipio. Como [&hellip;]<\/p>\n","protected":false},"author":1,"featured_media":0,"comment_status":"closed","ping_status":"closed","sticky":false,"template":"","format":"standard","meta":{"footnotes":""},"categories":[31],"tags":[],"class_list":["post-22127","post","type-post","status-publish","format-standard","hentry","category-asi-nos-ven-los-medios"],"_links":{"self":[{"href":"https:\/\/chia-cundinamarca.gov.co\/web\/wp-json\/wp\/v2\/posts\/22127","targetHints":{"allow":["GET"]}}],"collection":[{"href":"https:\/\/chia-cundinamarca.gov.co\/web\/wp-json\/wp\/v2\/posts"}],"about":[{"href":"https:\/\/chia-cundinamarca.gov.co\/web\/wp-json\/wp\/v2\/types\/post"}],"author":[{"embeddable":true,"href":"https:\/\/chia-cundinamarca.gov.co\/web\/wp-json\/wp\/v2\/users\/1"}],"replies":[{"embeddable":true,"href":"https:\/\/chia-cundinamarca.gov.co\/web\/wp-json\/wp\/v2\/comments?post=22127"}],"version-history":[{"count":4,"href":"https:\/\/chia-cundinamarca.gov.co\/web\/wp-json\/wp\/v2\/posts\/22127\/revisions"}],"predecessor-version":[{"id":22132,"href":"https:\/\/chia-cundinamarca.gov.co\/web\/wp-json\/wp\/v2\/posts\/22127\/revisions\/22132"}],"wp:attachment":[{"href":"https:\/\/chia-cundinamarca.gov.co\/web\/wp-json\/wp\/v2\/media?parent=22127"}],"wp:term":[{"taxonomy":"category","embeddable":true,"href":"https:\/\/chia-cundinamarca.gov.co\/web\/wp-json\/wp\/v2\/categories?post=22127"},{"taxonomy":"post_tag","embeddable":true,"href":"https:\/\/chia-cundinamarca.gov.co\/web\/wp-json\/wp\/v2\/tags?post=22127"}],"curies":[{"name":"wp","href":"https:\/\/api.w.org\/{rel}","templated":true}]}}