{"id":22223,"date":"2024-12-12T23:54:41","date_gmt":"2024-12-12T22:54:41","guid":{"rendered":"https:\/\/chia-cundinamarca.gov.co\/web\/?p=22223"},"modified":"2024-12-12T23:55:32","modified_gmt":"2024-12-12T22:55:32","slug":"foro-de-prevencion-y-educacion-compromiso-institucional-contra-la-trata-de-personas","status":"publish","type":"post","link":"https:\/\/chia-cundinamarca.gov.co\/web\/2024\/12\/foro-de-prevencion-y-educacion-compromiso-institucional-contra-la-trata-de-personas\/","title":{"rendered":"Foro de prevenci\u00f3n y educaci\u00f3n: Compromiso institucional contra la trata de personas"},"content":{"rendered":"\t\t<div data-elementor-type=\"wp-post\" data-elementor-id=\"22223\" class=\"elementor elementor-22223\" data-elementor-post-type=\"post\">\n\t\t\t\t<div class=\"elementor-element elementor-element-2c469f2d e-flex e-con-boxed e-con e-parent\" data-id=\"2c469f2d\" data-element_type=\"container\" data-e-type=\"container\">\n\t\t\t\t\t<div class=\"e-con-inner\">\n\t\t\t\t<div class=\"elementor-element elementor-element-003f17c elementor-widget elementor-widget-heading\" data-id=\"003f17c\" data-element_type=\"widget\" data-e-type=\"widget\" data-widget_type=\"heading.default\">\n\t\t\t\t\t<h2 class=\"elementor-heading-title elementor-size-default\">Foro de prevenci\u00f3n y educaci\u00f3n: Compromiso institucional contra la trata de personas<\/h2>\t\t\t\t<\/div>\n\t\t\t\t<div class=\"elementor-element elementor-element-961e1b8 elementor-widget elementor-widget-image\" data-id=\"961e1b8\" data-element_type=\"widget\" data-e-type=\"widget\" data-widget_type=\"image.default\">\n\t\t\t\t\t\t\t\t\t\t\t\t\t\t\t<img fetchpriority=\"high\" decoding=\"async\" width=\"768\" height=\"432\" src=\"https:\/\/chia-cundinamarca.gov.co\/web\/wp-content\/uploads\/2024\/12\/trata-de-personas-768x432.jpeg\" class=\"attachment-medium_large size-medium_large wp-image-22224\" alt=\"El se\u00f1or Alcalde Municipal Leonardo Donoso Ruiz como presidente del Comit\u00e9 Municipal de lucha contra el delito de trata de personas, el Secretario de Gobierno Hansel Gaona como secretario t\u00e9cnico, Sandra Vallejo Directora de Seguridad y Convivencia como enlace municipal, expertos pertenecientes a la Organizaci\u00f3n Internacional para las Migraciones OIM, Ministerio del Interior, Fiscal\u00eda General de la Naci\u00f3n, Gobernaci\u00f3n de Cundinamarca, prestigiosos representantes de la Academia, de la Rama Judicial, DIJIN, Polic\u00eda Nacional, Ministerio de Trabajo y Futuro Colombia, dirigieron la jornada de prevenci\u00f3n del delito de trata de personas. 150 personas entre funcionarios p\u00fablicos y representantes de entidades p\u00fablicas y privadas, hicieron parte de este foro que hace parte de uno de los objetivos del plan nacional como estrategia para la erradicaci\u00f3n de este flagelo que esclaviza no solamente a mujeres, sino ni\u00f1as, ni\u00f1os, adolescentes, j\u00f3venes y hombres. Lo que se all\u00ed se pretendi\u00f3 no solo fue concientizar, formar, educar y retroalimentar a las diferentes instituciones que guardan relaci\u00f3n acad\u00e9mica y misionalidad con este tipo de flagelos que afectan a la comunidad, sino sobretodo indicar la ruta para v\u00edctimas de trata de personas, cuyo prop\u00f3sito es concientizar sobre las etapas que se deben tener en cuenta y la manera como se recepcionan y caracterizan los casos. As\u00ed las cosas, es importante aclarar que existen otros modelos de trata de personas como los trabajos o servicios forzados, la extracci\u00f3n de \u00f3rganos, el turismo sexual, la servidumbre, la esclavitud, la prostituci\u00f3n y desde luego cualquier otra explotaci\u00f3n que vulnere los derechos humanos, la autonom\u00eda, la dignidad y la libertad. Por ello, la importancia de este foro para mitigar del todo una conducta que afecta y aunque parece ser silenciosa, est\u00e1 presente en los territorios.\" srcset=\"https:\/\/chia-cundinamarca.gov.co\/web\/wp-content\/uploads\/2024\/12\/trata-de-personas-768x432.jpeg 768w, https:\/\/chia-cundinamarca.gov.co\/web\/wp-content\/uploads\/2024\/12\/trata-de-personas-300x169.jpeg 300w, https:\/\/chia-cundinamarca.gov.co\/web\/wp-content\/uploads\/2024\/12\/trata-de-personas-1024x576.jpeg 1024w, https:\/\/chia-cundinamarca.gov.co\/web\/wp-content\/uploads\/2024\/12\/trata-de-personas-1536x864.jpeg 1536w, https:\/\/chia-cundinamarca.gov.co\/web\/wp-content\/uploads\/2024\/12\/trata-de-personas-48x27.jpeg 48w, https:\/\/chia-cundinamarca.gov.co\/web\/wp-content\/uploads\/2024\/12\/trata-de-personas.jpeg 1600w\" sizes=\"(max-width: 768px) 100vw, 768px\" \/>\t\t\t\t\t\t\t\t\t\t\t\t\t\t\t<\/div>\n\t\t\t\t<div class=\"elementor-element elementor-element-3bcc13b4 elementor-widget elementor-widget-text-editor\" data-id=\"3bcc13b4\" data-element_type=\"widget\" data-e-type=\"widget\" data-widget_type=\"text-editor.default\">\n\t\t\t\t\t\t\t\t\t<p>El se\u00f1or Alcalde Municipal Leonardo Donoso Ruiz como presidente del Comit\u00e9 Municipal de lucha contra el delito de trata de personas, el Secretario de Gobierno Hansel Gaona como secretario t\u00e9cnico, Sandra Vallejo Directora de Seguridad y Convivencia como enlace municipal, expertos pertenecientes a la Organizaci\u00f3n Internacional para las Migraciones OIM, Ministerio del Interior, Fiscal\u00eda General de la Naci\u00f3n, Gobernaci\u00f3n de Cundinamarca, prestigiosos representantes de la Academia, de la Rama Judicial, DIJIN, Polic\u00eda Nacional, Ministerio de Trabajo y Futuro Colombia, dirigieron la jornada de prevenci\u00f3n del delito de trata de personas.<\/p><p>150 personas entre funcionarios p\u00fablicos y representantes de entidades p\u00fablicas y privadas, hicieron parte de este foro que hace parte de uno de los objetivos del plan nacional como estrategia para la erradicaci\u00f3n de este flagelo que esclaviza no solamente a mujeres, sino ni\u00f1as, ni\u00f1os, adolescentes, j\u00f3venes y hombres.<\/p><p>Lo que se all\u00ed se pretendi\u00f3 no solo fue concientizar, formar, educar y retroalimentar a las diferentes instituciones que guardan relaci\u00f3n acad\u00e9mica y misionalidad con este tipo de<br \/>flagelos que afectan a la comunidad, sino sobretodo indicar la ruta para v\u00edctimas de trata de personas, cuyo prop\u00f3sito es concientizar sobre las etapas que se deben tener en cuenta y la manera como se recepcionan y caracterizan los casos.<\/p><p>As\u00ed las cosas, es importante aclarar que existen otros modelos de trata de personas como los trabajos o servicios forzados, la extracci\u00f3n de \u00f3rganos, el turismo sexual, la servidumbre, la esclavitud, la prostituci\u00f3n y desde luego cualquier otra explotaci\u00f3n que vulnere los derechos humanos, la autonom\u00eda, la dignidad y la libertad. Por ello, la importancia de este foro para mitigar del todo una conducta que afecta y aunque parece ser silenciosa, est\u00e1 presente en los territorios.<\/p>\t\t\t\t\t\t\t\t<\/div>\n\t\t\t\t\t<\/div>\n\t\t\t\t<\/div>\n\t\t\t\t<\/div>\n\t\t","protected":false},"excerpt":{"rendered":"<p>Foro de prevenci\u00f3n y educaci\u00f3n: Compromiso institucional contra la trata de personas El se\u00f1or Alcalde Municipal Leonardo Donoso Ruiz como presidente del Comit\u00e9 Municipal de lucha contra el delito de trata de personas, el Secretario de Gobierno Hansel Gaona como secretario t\u00e9cnico, Sandra Vallejo Directora de Seguridad y Convivencia como enlace municipal, expertos pertenecientes a [&hellip;]<\/p>\n","protected":false},"author":1,"featured_media":22224,"comment_status":"closed","ping_status":"closed","sticky":false,"template":"","format":"standard","meta":{"footnotes":""},"categories":[17],"tags":[],"class_list":["post-22223","post","type-post","status-publish","format-standard","has-post-thumbnail","hentry","category-noticias-2024"],"_links":{"self":[{"href":"https:\/\/chia-cundinamarca.gov.co\/web\/wp-json\/wp\/v2\/posts\/22223","targetHints":{"allow":["GET"]}}],"collection":[{"href":"https:\/\/chia-cundinamarca.gov.co\/web\/wp-json\/wp\/v2\/posts"}],"about":[{"href":"https:\/\/chia-cundinamarca.gov.co\/web\/wp-json\/wp\/v2\/types\/post"}],"author":[{"embeddable":true,"href":"https:\/\/chia-cundinamarca.gov.co\/web\/wp-json\/wp\/v2\/users\/1"}],"replies":[{"embeddable":true,"href":"https:\/\/chia-cundinamarca.gov.co\/web\/wp-json\/wp\/v2\/comments?post=22223"}],"version-history":[{"count":4,"href":"https:\/\/chia-cundinamarca.gov.co\/web\/wp-json\/wp\/v2\/posts\/22223\/revisions"}],"predecessor-version":[{"id":22228,"href":"https:\/\/chia-cundinamarca.gov.co\/web\/wp-json\/wp\/v2\/posts\/22223\/revisions\/22228"}],"wp:featuredmedia":[{"embeddable":true,"href":"https:\/\/chia-cundinamarca.gov.co\/web\/wp-json\/wp\/v2\/media\/22224"}],"wp:attachment":[{"href":"https:\/\/chia-cundinamarca.gov.co\/web\/wp-json\/wp\/v2\/media?parent=22223"}],"wp:term":[{"taxonomy":"category","embeddable":true,"href":"https:\/\/chia-cundinamarca.gov.co\/web\/wp-json\/wp\/v2\/categories?post=22223"},{"taxonomy":"post_tag","embeddable":true,"href":"https:\/\/chia-cundinamarca.gov.co\/web\/wp-json\/wp\/v2\/tags?post=22223"}],"curies":[{"name":"wp","href":"https:\/\/api.w.org\/{rel}","templated":true}]}}