{"id":23404,"date":"2025-02-01T00:07:13","date_gmt":"2025-01-31T23:07:13","guid":{"rendered":"https:\/\/chia-cundinamarca.gov.co\/web\/?p=23404"},"modified":"2025-02-01T00:09:09","modified_gmt":"2025-01-31T23:09:09","slug":"en-chia-el-pae-tambien-tiene-un-menu-especial-hoy-fue-ajiaco","status":"publish","type":"post","link":"https:\/\/chia-cundinamarca.gov.co\/web\/2025\/02\/en-chia-el-pae-tambien-tiene-un-menu-especial-hoy-fue-ajiaco\/","title":{"rendered":"En Ch\u00eda el PAE tambi\u00e9n tiene un men\u00fa especial, hoy fue ajiaco"},"content":{"rendered":"\t\t<div data-elementor-type=\"wp-post\" data-elementor-id=\"23404\" class=\"elementor elementor-23404\" data-elementor-post-type=\"post\">\n\t\t\t\t<div class=\"elementor-element elementor-element-27d9d51f e-flex e-con-boxed e-con e-parent\" data-id=\"27d9d51f\" data-element_type=\"container\" data-e-type=\"container\">\n\t\t\t\t\t<div class=\"e-con-inner\">\n\t\t\t\t<div class=\"elementor-element elementor-element-55546d0 elementor-widget elementor-widget-heading\" data-id=\"55546d0\" data-element_type=\"widget\" data-e-type=\"widget\" data-widget_type=\"heading.default\">\n\t\t\t\t\t<h2 class=\"elementor-heading-title elementor-size-default\">En Ch\u00eda el PAE tambi\u00e9n tiene un men\u00fa especial, hoy fue ajiaco <\/h2>\t\t\t\t<\/div>\n\t\t\t\t<div class=\"elementor-element elementor-element-0a79676 elementor-widget elementor-widget-image\" data-id=\"0a79676\" data-element_type=\"widget\" data-e-type=\"widget\" data-widget_type=\"image.default\">\n\t\t\t\t\t\t\t\t\t\t\t\t\t\t\t<img fetchpriority=\"high\" decoding=\"async\" width=\"768\" height=\"804\" src=\"https:\/\/chia-cundinamarca.gov.co\/web\/wp-content\/uploads\/2025\/02\/AJIACO-2-768x804.jpeg\" class=\"attachment-medium_large size-medium_large wp-image-23406\" alt=\"En Ch\u00eda el PAE tambi\u00e9n tiene un men\u00fa especial, hoy fue ajiaco\" srcset=\"https:\/\/chia-cundinamarca.gov.co\/web\/wp-content\/uploads\/2025\/02\/AJIACO-2-768x804.jpeg 768w, https:\/\/chia-cundinamarca.gov.co\/web\/wp-content\/uploads\/2025\/02\/AJIACO-2-286x300.jpeg 286w, https:\/\/chia-cundinamarca.gov.co\/web\/wp-content\/uploads\/2025\/02\/AJIACO-2-978x1024.jpeg 978w, https:\/\/chia-cundinamarca.gov.co\/web\/wp-content\/uploads\/2025\/02\/AJIACO-2-48x50.jpeg 48w, https:\/\/chia-cundinamarca.gov.co\/web\/wp-content\/uploads\/2025\/02\/AJIACO-2.jpeg 1200w\" sizes=\"(max-width: 768px) 100vw, 768px\" \/>\t\t\t\t\t\t\t\t\t\t\t\t\t\t\t<\/div>\n\t\t\t\t<div class=\"elementor-element elementor-element-41e4f45e elementor-widget elementor-widget-text-editor\" data-id=\"41e4f45e\" data-element_type=\"widget\" data-e-type=\"widget\" data-widget_type=\"text-editor.default\">\n\t\t\t\t\t\t\t\t\t<p>Men\u00fas especiales como parte del Plan de Alimentaci\u00f3n escolar (PAE), una iniciativa de la administraci\u00f3n del alcalde Leonardo Donoso para este 2025 que le permitir\u00e1 a los ni\u00f1os y ni\u00f1as de las Instituciones Educativas Oficiales tener una alimentaci\u00f3n distinta y de su preferencia.<\/p><p>De esta manera, el PAE en Ch\u00eda ahora no solo tiene una cobertura del 100%, una alimentaci\u00f3n nutritiva y balanceada, sino que adem\u00e1s cuenta con la entrega de un men\u00fa especial una vez para los ni\u00f1os de las 12 Instituciones Oficiales del municipio en sus dos modalidades, preparada en sitio e industrializada.<\/p><p>Con esta iniciativa, tambi\u00e9n se busca que los ni\u00f1os conozcan acerca de la riqueza gastron\u00f3mica y cultural colombiana, ya que la idea es que el men\u00fa especial que se entregue tenga relaci\u00f3n directa con el pa\u00eds. Es de mencionar que se realizar\u00e1n encuestas directas con los estudiantes para que ellos mismos decidan que alimento es de su preferencia para tener cada cierre de mes.<\/p><p>As\u00ed las cosas, este viernes 31 de enero fue la primera entrega del men\u00fa especial, que deleito a todos los peque\u00f1os que se saborearon con esta rica alimentaci\u00f3n.<\/p>\t\t\t\t\t\t\t\t<\/div>\n\t\t\t\t\t<\/div>\n\t\t\t\t<\/div>\n\t\t\t\t<\/div>\n\t\t","protected":false},"excerpt":{"rendered":"<p>En Ch\u00eda el PAE tambi\u00e9n tiene un men\u00fa especial, hoy fue ajiaco <\/p>\n","protected":false},"author":1,"featured_media":23405,"comment_status":"closed","ping_status":"closed","sticky":false,"template":"","format":"standard","meta":{"footnotes":""},"categories":[17,1190],"tags":[],"class_list":["post-23404","post","type-post","status-publish","format-standard","has-post-thumbnail","hentry","category-noticias-2024","category-noticias-2025"],"_links":{"self":[{"href":"https:\/\/chia-cundinamarca.gov.co\/web\/wp-json\/wp\/v2\/posts\/23404","targetHints":{"allow":["GET"]}}],"collection":[{"href":"https:\/\/chia-cundinamarca.gov.co\/web\/wp-json\/wp\/v2\/posts"}],"about":[{"href":"https:\/\/chia-cundinamarca.gov.co\/web\/wp-json\/wp\/v2\/types\/post"}],"author":[{"embeddable":true,"href":"https:\/\/chia-cundinamarca.gov.co\/web\/wp-json\/wp\/v2\/users\/1"}],"replies":[{"embeddable":true,"href":"https:\/\/chia-cundinamarca.gov.co\/web\/wp-json\/wp\/v2\/comments?post=23404"}],"version-history":[{"count":5,"href":"https:\/\/chia-cundinamarca.gov.co\/web\/wp-json\/wp\/v2\/posts\/23404\/revisions"}],"predecessor-version":[{"id":23411,"href":"https:\/\/chia-cundinamarca.gov.co\/web\/wp-json\/wp\/v2\/posts\/23404\/revisions\/23411"}],"wp:featuredmedia":[{"embeddable":true,"href":"https:\/\/chia-cundinamarca.gov.co\/web\/wp-json\/wp\/v2\/media\/23405"}],"wp:attachment":[{"href":"https:\/\/chia-cundinamarca.gov.co\/web\/wp-json\/wp\/v2\/media?parent=23404"}],"wp:term":[{"taxonomy":"category","embeddable":true,"href":"https:\/\/chia-cundinamarca.gov.co\/web\/wp-json\/wp\/v2\/categories?post=23404"},{"taxonomy":"post_tag","embeddable":true,"href":"https:\/\/chia-cundinamarca.gov.co\/web\/wp-json\/wp\/v2\/tags?post=23404"}],"curies":[{"name":"wp","href":"https:\/\/api.w.org\/{rel}","templated":true}]}}