{"id":24394,"date":"2025-03-04T22:30:18","date_gmt":"2025-03-04T21:30:18","guid":{"rendered":"https:\/\/chia-cundinamarca.gov.co\/web\/?p=24394"},"modified":"2025-03-05T18:18:26","modified_gmt":"2025-03-05T17:18:26","slug":"alcalde-leonardo-donoso-reitera-el-llamado-de-atencion-a-enel-codensa-para-que-responda-por-danos-y-cortes-a-los-usuarios","status":"publish","type":"post","link":"https:\/\/chia-cundinamarca.gov.co\/web\/2025\/03\/alcalde-leonardo-donoso-reitera-el-llamado-de-atencion-a-enel-codensa-para-que-responda-por-danos-y-cortes-a-los-usuarios\/","title":{"rendered":"Alcalde Leonardo Donoso reitera el llamado de atenci\u00f3n a Enel Colombia  para que responda por da\u00f1os y cortes a los usuarios"},"content":{"rendered":"\t\t<div data-elementor-type=\"wp-post\" data-elementor-id=\"24394\" class=\"elementor elementor-24394\" data-elementor-post-type=\"post\">\n\t\t\t\t<div class=\"elementor-element elementor-element-29cfe368 e-flex e-con-boxed e-con e-parent\" data-id=\"29cfe368\" data-element_type=\"container\" data-e-type=\"container\">\n\t\t\t\t\t<div class=\"e-con-inner\">\n\t\t\t\t<div class=\"elementor-element elementor-element-781e8f7 elementor-widget elementor-widget-heading\" data-id=\"781e8f7\" data-element_type=\"widget\" data-e-type=\"widget\" data-widget_type=\"heading.default\">\n\t\t\t\t\t<h2 class=\"elementor-heading-title elementor-size-default\">Alcalde Leonardo Donoso reitera el llamado de atenci\u00f3n a Enel Colombia para que responda por da\u00f1os y cortes a los usuarios<\/h2>\t\t\t\t<\/div>\n\t\t\t\t<div class=\"elementor-element elementor-element-d09556f elementor-widget elementor-widget-image\" data-id=\"d09556f\" data-element_type=\"widget\" data-e-type=\"widget\" data-widget_type=\"image.default\">\n\t\t\t\t\t\t\t\t\t\t\t\t\t\t\t<img fetchpriority=\"high\" decoding=\"async\" width=\"768\" height=\"768\" src=\"https:\/\/chia-cundinamarca.gov.co\/web\/wp-content\/uploads\/2025\/03\/enel-codensa-reiterar-768x768.jpeg\" class=\"attachment-medium_large size-medium_large wp-image-24395\" alt=\"Alcalde Leonardo Donoso reitera el llamado de atenci\u00f3n a Enel Codensa para que responda por da\u00f1os y cortes a los usuarios\" srcset=\"https:\/\/chia-cundinamarca.gov.co\/web\/wp-content\/uploads\/2025\/03\/enel-codensa-reiterar-768x768.jpeg 768w, https:\/\/chia-cundinamarca.gov.co\/web\/wp-content\/uploads\/2025\/03\/enel-codensa-reiterar-300x300.jpeg 300w, https:\/\/chia-cundinamarca.gov.co\/web\/wp-content\/uploads\/2025\/03\/enel-codensa-reiterar-1024x1024.jpeg 1024w, https:\/\/chia-cundinamarca.gov.co\/web\/wp-content\/uploads\/2025\/03\/enel-codensa-reiterar-150x150.jpeg 150w, https:\/\/chia-cundinamarca.gov.co\/web\/wp-content\/uploads\/2025\/03\/enel-codensa-reiterar-1536x1536.jpeg 1536w, https:\/\/chia-cundinamarca.gov.co\/web\/wp-content\/uploads\/2025\/03\/enel-codensa-reiterar-250x250.jpeg 250w, https:\/\/chia-cundinamarca.gov.co\/web\/wp-content\/uploads\/2025\/03\/enel-codensa-reiterar-48x48.jpeg 48w, https:\/\/chia-cundinamarca.gov.co\/web\/wp-content\/uploads\/2025\/03\/enel-codensa-reiterar.jpeg 1600w\" sizes=\"(max-width: 768px) 100vw, 768px\" \/>\t\t\t\t\t\t\t\t\t\t\t\t\t\t\t<\/div>\n\t\t\t\t<div class=\"elementor-element elementor-element-17c9fd93 elementor-widget elementor-widget-text-editor\" data-id=\"17c9fd93\" data-element_type=\"widget\" data-e-type=\"widget\" data-widget_type=\"text-editor.default\">\n\t\t\t\t\t\t\t\t\t<p>Durante la Audiencia de Rendici\u00f3n de Cuentas 2024, realizada el pasado 22 de febrero de 2025, el alcalde Leonardo Donoso se pronunci\u00f3 nuevamente reclamando la prestaci\u00f3n adecuada del servicio de energ\u00eda domiciliaria de Enel Colombia y solicit\u00f3 de manera reiterada que la empresa asuma la responsabilidad por los da\u00f1os causados a m\u00e1s de 580 usuarios de Ch\u00eda.<\/p><p>\u201cEllos vienen a apropiarse de la infraestructura que hicieron los comunales, los municipios y la CAR, y ellos (Enel Colombia), de manera arbitraria comenzaron con un monopolio a prestar el servicio, y cualquier intervenci\u00f3n que hagamos\u2026 como ampliar una v\u00eda, tenemos que pagarle por cada poste 20 millones de pesos, sabiendo que ellos est\u00e1n usurpando el espacio p\u00fablico\u201d, indic\u00f3 el mandatario de Ch\u00eda.<\/p><p>Donoso agreg\u00f3 que la multinacional cobra por llevar las redes de fibra \u00f3ptica, por la instalaci\u00f3n de c\u00e1maras de vigilancia, por la instalaci\u00f3n del alumbrado p\u00fablico y, \u201c\u2026cuando ellos dejan de prestar el servicio, o cuando hay un corte, o cuando dejan da\u00f1ar los electrodom\u00e9sticos, pasan horas enteras y nadie responde en Enel Codensa\u201d.<\/p><p>\u201cVen\u00edan prestando de manera deficiente el servicio del alumbrado p\u00fablico, me tienen demandado y estamos en el Consejo de Estado en un debate en el que hoy me cuestionan, y estamos luchando por eso, porque le quitamos el monopolio de un negocio que estaban rentando en m\u00e1s de 14 mil millones al a\u00f1o sin devolverle un peso al municipio\u201d, manifest\u00f3 el primer mandatario.<\/p><p>\u201cHab\u00eda luminarias de 25 a\u00f1os de antig\u00fcedad, y ellos simplemente se llevaban la plata y no retribu\u00edan nada al municipio, y cuando le quitamos el \u00b4chorro\u00b4 me demandaron, cuando dej\u00e9 de pagar la alcahueter\u00eda por lo que es de nosotros. Es que se llevan de ac\u00e1 m\u00e1s de 20 mil millones de pesos al mes, y nos quieren cobrar por instalar una c\u00e1mara, que es un beneficio para nosotros mismos\u201d, puntualiz\u00f3 el alcalde.<\/p><h4><strong>M\u00e1s contexto sobre el servicio de energ\u00eda en Ch\u00eda<\/strong><\/h4><p>El alumbrado p\u00fablico de Ch\u00eda naci\u00f3 con rifas, bazares y encuentros que hac\u00edan las Juntas de Acci\u00f3n Comunal en las que poco a poco fueron consiguiendo postes, luminarias y las Unidades Constructivas de Alumbrado P\u00fablico, UCAPS.<\/p><p>La Empresa de Energ\u00eda El\u00e9ctrica de Cundinamarca a finales de los a\u00f1os 90 le vendi\u00f3 a Codensa todos los derechos de alumbrado p\u00fablico incluidos los UCAPS, con un inventario mal realizado, ya que desconoci\u00f3 las obras y adquisiciones que adelantaron los comunales a\u00f1os atr\u00e1s y desde ese momento pasaban al control de Codensa.<\/p><p>En el a\u00f1o 2003 la empresa en menci\u00f3n adquiri\u00f3 la operaci\u00f3n del alumbrado p\u00fablico y domiciliario de Ch\u00eda, a trav\u00e9s de un convenio de 15 a\u00f1os, tiempo en el cual no hizo actualizaci\u00f3n, expansi\u00f3n ni modernizaci\u00f3n, destinando su actividad a la comercializaci\u00f3n de energ\u00eda.<\/p><p>A pesar de vender \u00fanicamente energ\u00eda, con la celebraci\u00f3n de un convenio, la empresa le impuso por 15 a\u00f1os a los usuarios el cobro del arriendo de postes y luminarias en las facturas, argumentando que estos eran de propiedad de la misma y desconociendo el origen de una infraestructura \u00b4levantada con las u\u00f1as\u00b4 por los comunales.<\/p><p>Ante esto, el municipio solicit\u00f3 a Codensa las facturas de las supuestas compras de la infraestructura que originalmente fue adquirida por los comunales, y por supuesto, nunca las allegaron por no existir, es as\u00ed como el alcalde de su momento, Leonardo Donoso en su primer mandato plante\u00f3 otras alternativas para implementar el alumbrado p\u00fablico en Ch\u00eda.<\/p><p>En ese a\u00f1o 2018, una vez se aproximaba la finalizaci\u00f3n del contrato entre Codensa y Ch\u00eda, la Alcald\u00eda del municipio abri\u00f3 una licitaci\u00f3n p\u00fablica, en la que incluso la misma Codensa se present\u00f3 junto con otras m\u00e1s y el resultado del proceso, dio como adjudicataria a la empresa, Iluminaciones de La Sabana, con el contrato 635, el cual le obliga a la empresa la prestaci\u00f3n del alumbrado p\u00fablico y navide\u00f1o.<\/p><p><iframe title=\"YouTube video player\" src=\"https:\/\/www.youtube.com\/embed\/rmad_wYHmX0?si=s9sbxXUDXEf_KqWS\" width=\"560\" height=\"315\" frameborder=\"0\" allowfullscreen=\"allowfullscreen\"><\/iframe><\/p><h4><strong>\u00bfQu\u00e9 encontr\u00f3 la nueva empresa de alumbrado p\u00fablico?<\/strong><\/h4><p>La empresa Iluminaciones de La Sabana encontr\u00f3, en principio, una infraestructura antigua y en su mayor\u00eda obsoleta, que incluso atentaba en contra de la salud individual y colectiva; y adicionalmente, esa condici\u00f3n de obsolescencia, produjo costos exagerados en el servicio de energ\u00eda y un uso ambientalmente nocivo del recurso energ\u00e9tico.<\/p><p>Seg\u00fan la Direcci\u00f3n de Servicios P\u00fablicos de Ch\u00eda, adscrita a la Secretar\u00eda de Planeaci\u00f3n del municipio, la nueva empresa (Iluminaciones de La Sabana) inform\u00f3 a la administraci\u00f3n, que desde el a\u00f1o 2018, se hicieron hallazgos de luminarias de 25 a\u00f1os, cuando la ley permit\u00eda hasta un m\u00e1ximo de 15 a\u00f1os de vida \u00fatil, aspecto que fue conocido por la Procuradur\u00eda General de la Naci\u00f3n, as\u00ed como, los informes que demostraban que un 95% de luminarias eran hechas en sodio, aspecto que va en contra de la salud humana.<\/p><p>Ante este panorama y cumpliendo con la regulaci\u00f3n espec\u00edfica del <a href=\"https:\/\/www.minenergia.gov.co\/es\/\">Ministerio de Minas y Energ\u00eda<\/a> y las exigencias de la Comisi\u00f3n de Regulaci\u00f3n de Energ\u00eda y Gas, <a href=\"https:\/\/creg.gov.co\">CREG<\/a>, la empresa ganadora del proceso se acogi\u00f3 a los lineamientos, especialmente los contenidos en el Reglamento T\u00e9cnico de Iluminaci\u00f3n y Alumbrado P\u00fablico, <a href=\"https:\/\/www.minenergia.gov.co\/es\/misional\/energia-electrica-2\/reglamentos-tecnicos\/reglamento-t\u00e9cnico-de-iluminaci\u00f3n-y-alumbrado-p\u00fablico-retilap\/\">RETILAP de la CREG.<\/a><\/p><p>Cumpliendo con dichas especificaciones del RETILAP, se instalaron las nuevas luminarias tipo LED, aspecto que redujo radicalmente los costos en el alumbrado p\u00fablico, pasando de 425 millones de pesos mensuales bajo el sistema de Codensa a 155 millones con Iluminaciones de La Sabana.<\/p><h5><a href=\"https:\/\/chia-cundinamarca.gov.co\/web\/2024\/09\/16\/conozca-los-canales-de-atencion-de-las-empresas-prestadoras-de-servicios-publicos\/\"><strong><span style=\"color: #ff9900;\"><em>Lea tambi\u00e9n: Conozca los canales de atenci\u00f3n de las empresas prestadoras de servicios p\u00fablicos<\/em><\/span><\/strong><\/a><\/h5><p>Adicionalmente, se precis\u00f3 que el sistema de monopolio de Codensa, nunca cont\u00f3 con un mecanismo de medici\u00f3n exacto de la energ\u00eda domiciliaria que comercializa, raz\u00f3n por la cual implementan f\u00f3rmulas de promedios de consumo en rangos de tiempo, aspecto que, hasta el d\u00eda de hoy, febrero de 2025, a\u00fan no ha subsanado.<\/p><p>Ante lo anterior, el municipio solicit\u00f3 a Codensa aplicar un sistema exacto de medici\u00f3n en los transformadores de energ\u00eda de Ch\u00eda, en beneficio de los m\u00e1s de 50 mil usuarios que pagan su servicio p\u00fablico domiciliario, y la respuesta de la hoy multinacional, fue declinar de la misma.<\/p><p>Por su parte, la interventor\u00eda a la empresa Iluminaciones de La Sabana, realizada mediante el contrato 636 de 2018 a cargo de la Empresa Tecnoch\u00eda, la cual tambi\u00e9n adquiri\u00f3 mediante licitaci\u00f3n publica el contrato, recomend\u00f3 al municipio no hacer los pagos a Codensa por el uso de los postes que sostienen el alumbrado p\u00fablico, por no existir ninguna relaci\u00f3n contractual de Ch\u00eda con esa empresa.<\/p><p>Sin embargo, para garantizar la transparencia de los recursos, el municipio solicit\u00f3 a la Superintendencia de Servicios P\u00fablicos, activar una cuenta a nombre de Ch\u00eda, en la que la entidad territorial le deposita el promedio del costo por el uso de infraestructura para hacer un uso responsable del recurso mientras se determina en un proceso administrativo (en curso) a qui\u00e9n se le debe pagar.<\/p><p>Cabe mencionar que a trav\u00e9s de Resoluci\u00f3n 325 \u2013 002477 de 28 de febrero de 2022 de la CREG, se aprob\u00f3 el proceso de fusi\u00f3n entre las empresas Emgesa S.A. ESP, Codensa S.A ESP, Enel Green Power Colombia S.A.S. ESP y ESSA2 SpA y filiales en Centroam\u00e9rica bajo la \u00fanica sociedad ENEL COLOMBIA S.A.<\/p><h4><strong>Las quejas de los usuarios de Ch\u00eda contra Enel Colombia<\/strong><\/h4><p>Seg\u00fan el reporte m\u00e1s reciente de la Direcci\u00f3n de Servicios P\u00fablicos de la Secretar\u00eda de Planeaci\u00f3n de Ch\u00eda, las quejas radicalmente formalmente ante la multinacional por la mala prestaci\u00f3n del servicio de energ\u00eda domiciliario, ascienden a m\u00e1s de 580 desde el a\u00f1o 2019 hasta el mes de febrero del a\u00f1o 2025.<\/p><p>Estas quejas en su mayor\u00eda se asocian a p\u00e9rdida total o parcial de electrodom\u00e9sticos y los efectos de los cortes de energ\u00eda sobre comercios, hogares, y empresas prestadoras de servicios de tecnolog\u00eda o escenciales como la salud.<\/p><p>Seg\u00fan el mismo reporte el a\u00f1o 2019 se presentaron 3 quejas; en 2020, 42; 2021, 147; 2022, 201; 2023, 96; 2024, 80 y 2025, 18, dado un total de 587.<br \/>Cabe mencionar que las obligaciones puntuales de Enel Codensa en Ch\u00eda son prestar el servicio domiciliario de energ\u00eda y el mantenimiento de redes de alta y media.<\/p><p>Sin embargo, el comportamiento de esa multinacional ha ido en reversa de los intereses de miles de usuarios no s\u00f3lo de Ch\u00eda sino de la gran mayor\u00eda de los municipios de Cundinamarca.<\/p><p>Ante esa situaci\u00f3n desde la C\u00e1mara de Representantes, la empresa ha sido citada a debates de control pol\u00edtico con el fin de exigir al Ministerio de Minas y Energ\u00eda y las superintendencias inmersas en la vigilancia del sector minero y energ\u00e9tico.<\/p>\t\t\t\t\t\t\t\t<\/div>\n\t\t\t\t\t<\/div>\n\t\t\t\t<\/div>\n\t\t\t\t<\/div>\n\t\t","protected":false},"excerpt":{"rendered":"<p>Alcalde Leonardo Donoso reitera el llamado de atenci\u00f3n a Enel Codensa para que responda por da\u00f1os y cortes a los usuarios<\/p>\n","protected":false},"author":1,"featured_media":24395,"comment_status":"closed","ping_status":"closed","sticky":false,"template":"","format":"standard","meta":{"footnotes":""},"categories":[1190],"tags":[],"class_list":["post-24394","post","type-post","status-publish","format-standard","has-post-thumbnail","hentry","category-noticias-2025"],"_links":{"self":[{"href":"https:\/\/chia-cundinamarca.gov.co\/web\/wp-json\/wp\/v2\/posts\/24394","targetHints":{"allow":["GET"]}}],"collection":[{"href":"https:\/\/chia-cundinamarca.gov.co\/web\/wp-json\/wp\/v2\/posts"}],"about":[{"href":"https:\/\/chia-cundinamarca.gov.co\/web\/wp-json\/wp\/v2\/types\/post"}],"author":[{"embeddable":true,"href":"https:\/\/chia-cundinamarca.gov.co\/web\/wp-json\/wp\/v2\/users\/1"}],"replies":[{"embeddable":true,"href":"https:\/\/chia-cundinamarca.gov.co\/web\/wp-json\/wp\/v2\/comments?post=24394"}],"version-history":[{"count":17,"href":"https:\/\/chia-cundinamarca.gov.co\/web\/wp-json\/wp\/v2\/posts\/24394\/revisions"}],"predecessor-version":[{"id":24416,"href":"https:\/\/chia-cundinamarca.gov.co\/web\/wp-json\/wp\/v2\/posts\/24394\/revisions\/24416"}],"wp:featuredmedia":[{"embeddable":true,"href":"https:\/\/chia-cundinamarca.gov.co\/web\/wp-json\/wp\/v2\/media\/24395"}],"wp:attachment":[{"href":"https:\/\/chia-cundinamarca.gov.co\/web\/wp-json\/wp\/v2\/media?parent=24394"}],"wp:term":[{"taxonomy":"category","embeddable":true,"href":"https:\/\/chia-cundinamarca.gov.co\/web\/wp-json\/wp\/v2\/categories?post=24394"},{"taxonomy":"post_tag","embeddable":true,"href":"https:\/\/chia-cundinamarca.gov.co\/web\/wp-json\/wp\/v2\/tags?post=24394"}],"curies":[{"name":"wp","href":"https:\/\/api.w.org\/{rel}","templated":true}]}}