{"id":24513,"date":"2025-03-07T18:20:22","date_gmt":"2025-03-07T17:20:22","guid":{"rendered":"https:\/\/chia-cundinamarca.gov.co\/web\/?p=24513"},"modified":"2025-03-07T18:22:55","modified_gmt":"2025-03-07T17:22:55","slug":"aromas-que-unen-finaliza-con-exito-el-curso-de-perfumeria-en-la-balsa","status":"publish","type":"post","link":"https:\/\/chia-cundinamarca.gov.co\/web\/2025\/03\/aromas-que-unen-finaliza-con-exito-el-curso-de-perfumeria-en-la-balsa\/","title":{"rendered":"Aromas que unen: finaliza con \u00e9xito el Curso de Perfumer\u00eda en La Balsa"},"content":{"rendered":"\t\t<div data-elementor-type=\"wp-post\" data-elementor-id=\"24513\" class=\"elementor elementor-24513\" data-elementor-post-type=\"post\">\n\t\t\t\t<div class=\"elementor-element elementor-element-79799767 e-flex e-con-boxed e-con e-parent\" data-id=\"79799767\" data-element_type=\"container\" data-e-type=\"container\">\n\t\t\t\t\t<div class=\"e-con-inner\">\n\t\t\t\t<div class=\"elementor-element elementor-element-defeea9 elementor-widget elementor-widget-heading\" data-id=\"defeea9\" data-element_type=\"widget\" data-e-type=\"widget\" data-widget_type=\"heading.default\">\n\t\t\t\t\t<h2 class=\"elementor-heading-title elementor-size-default\">Aromas que unen: finaliza con \u00e9xito el Curso de Perfumer\u00eda en La Balsa<\/h2>\t\t\t\t<\/div>\n\t\t\t\t<div class=\"elementor-element elementor-element-2f1e72c elementor-widget elementor-widget-image\" data-id=\"2f1e72c\" data-element_type=\"widget\" data-e-type=\"widget\" data-widget_type=\"image.default\">\n\t\t\t\t\t\t\t\t\t\t\t\t\t\t\t<img fetchpriority=\"high\" decoding=\"async\" width=\"768\" height=\"512\" src=\"https:\/\/chia-cundinamarca.gov.co\/web\/wp-content\/uploads\/2025\/03\/Foto-Curso-Perfumeria-1-768x512.jpg\" class=\"attachment-medium_large size-medium_large wp-image-24516\" alt=\"Aromas que unen: finaliza con \u00e9xito el Curso de Perfumer\u00eda en La Balsa\" srcset=\"https:\/\/chia-cundinamarca.gov.co\/web\/wp-content\/uploads\/2025\/03\/Foto-Curso-Perfumeria-1-768x512.jpg 768w, https:\/\/chia-cundinamarca.gov.co\/web\/wp-content\/uploads\/2025\/03\/Foto-Curso-Perfumeria-1-300x200.jpg 300w, https:\/\/chia-cundinamarca.gov.co\/web\/wp-content\/uploads\/2025\/03\/Foto-Curso-Perfumeria-1-1024x682.jpg 1024w, https:\/\/chia-cundinamarca.gov.co\/web\/wp-content\/uploads\/2025\/03\/Foto-Curso-Perfumeria-1-48x32.jpg 48w, https:\/\/chia-cundinamarca.gov.co\/web\/wp-content\/uploads\/2025\/03\/Foto-Curso-Perfumeria-1.jpg 1490w\" sizes=\"(max-width: 768px) 100vw, 768px\" \/>\t\t\t\t\t\t\t\t\t\t\t\t\t\t\t<\/div>\n\t\t\t\t<div class=\"elementor-element elementor-element-285c1270 elementor-widget elementor-widget-text-editor\" data-id=\"285c1270\" data-element_type=\"widget\" data-e-type=\"widget\" data-widget_type=\"text-editor.default\">\n\t\t\t\t\t\t\t\t\t<p style=\"font-weight: 400;\">La Secretar\u00eda de Participaci\u00f3n Ciudadana y Acci\u00f3n Comunitaria celebr\u00f3 con \u00e9xito el cierre del ciclo de formaci\u00f3n en perfumer\u00eda, desarrollado en la vereda La Balsa, sector El Juncal. Durante cuatro sesiones, m\u00e1s de 25 participantes adquirieron conocimientos sobre la elaboraci\u00f3n de fragancias, desde la correcta formulaci\u00f3n hasta las t\u00e9cnicas esenciales para su fabricaci\u00f3n.<\/p>\r\n<p style=\"font-weight: 400;\">M\u00e1s que un espacio de aprendizaje, este curso se convirti\u00f3 en un punto de encuentro para la comunidad, fortaleciendo lazos a trav\u00e9s del trabajo en equipo, la creatividad y el intercambio de experiencias. La formaci\u00f3n en perfumer\u00eda no solo abre puertas al emprendimiento, sino que tambi\u00e9n fomenta la integraci\u00f3n social y el sentido de pertenencia en el sector.<\/p>\r\n<p style=\"font-weight: 400;\">Para cerrar la jornada, los asistentes disfrutaron de un <strong>Canelazo Comunal<\/strong>, una iniciativa de la Secretar\u00eda de Participaci\u00f3n Ciudadana y Acci\u00f3n Comunitaria que busca generar espacios de cercan\u00eda y fortalecer el tejido social.<\/p>\r\n<p style=\"font-weight: 400;\"><strong>Pr\u00f3ximo destino: Samar\u00eda<\/strong><\/p>\r\n<p style=\"font-weight: 400;\">Gracias a la gran acogida de esta iniciativa, la Secretar\u00eda llevar\u00e1 el <strong>Curso de Perfumer\u00eda Fina<\/strong> a otros sectores del municipio. La pr\u00f3xima jornada se desarrollar\u00e1 el <strong>lunes 10 de marzo a las 5:00 p.m.<\/strong>, en el segundo piso del sal\u00f3n comunal de Samaria.<\/p>\r\n<p style=\"font-weight: 400;\">La Administraci\u00f3n Municipal extiende la invitaci\u00f3n a toda la comunidad a participar en estos espacios de formaci\u00f3n, que no solo ofrecen herramientas para el emprendimiento, sino que tambi\u00e9n refuerzan la integraci\u00f3n y la participaci\u00f3n ciudadana en Ch\u00eda.<\/p>\t\t\t\t\t\t\t\t<\/div>\n\t\t\t\t\t<\/div>\n\t\t\t\t<\/div>\n\t\t\t\t<\/div>\n\t\t","protected":false},"excerpt":{"rendered":"<p>La Secretar\u00eda de Participaci\u00f3n Ciudadana y Acci\u00f3n Comunitaria celebr\u00f3 con \u00e9xito el cierre del ciclo de formaci\u00f3n en perfumer\u00eda, desarrollado en la vereda La Balsa, sector El Juncal<\/p>\n","protected":false},"author":1,"featured_media":24514,"comment_status":"closed","ping_status":"closed","sticky":false,"template":"","format":"standard","meta":{"footnotes":""},"categories":[1190,1],"tags":[],"class_list":["post-24513","post","type-post","status-publish","format-standard","has-post-thumbnail","hentry","category-noticias-2025","category-sin-categoria"],"_links":{"self":[{"href":"https:\/\/chia-cundinamarca.gov.co\/web\/wp-json\/wp\/v2\/posts\/24513","targetHints":{"allow":["GET"]}}],"collection":[{"href":"https:\/\/chia-cundinamarca.gov.co\/web\/wp-json\/wp\/v2\/posts"}],"about":[{"href":"https:\/\/chia-cundinamarca.gov.co\/web\/wp-json\/wp\/v2\/types\/post"}],"author":[{"embeddable":true,"href":"https:\/\/chia-cundinamarca.gov.co\/web\/wp-json\/wp\/v2\/users\/1"}],"replies":[{"embeddable":true,"href":"https:\/\/chia-cundinamarca.gov.co\/web\/wp-json\/wp\/v2\/comments?post=24513"}],"version-history":[{"count":4,"href":"https:\/\/chia-cundinamarca.gov.co\/web\/wp-json\/wp\/v2\/posts\/24513\/revisions"}],"predecessor-version":[{"id":24519,"href":"https:\/\/chia-cundinamarca.gov.co\/web\/wp-json\/wp\/v2\/posts\/24513\/revisions\/24519"}],"wp:featuredmedia":[{"embeddable":true,"href":"https:\/\/chia-cundinamarca.gov.co\/web\/wp-json\/wp\/v2\/media\/24514"}],"wp:attachment":[{"href":"https:\/\/chia-cundinamarca.gov.co\/web\/wp-json\/wp\/v2\/media?parent=24513"}],"wp:term":[{"taxonomy":"category","embeddable":true,"href":"https:\/\/chia-cundinamarca.gov.co\/web\/wp-json\/wp\/v2\/categories?post=24513"},{"taxonomy":"post_tag","embeddable":true,"href":"https:\/\/chia-cundinamarca.gov.co\/web\/wp-json\/wp\/v2\/tags?post=24513"}],"curies":[{"name":"wp","href":"https:\/\/api.w.org\/{rel}","templated":true}]}}