{"id":2499,"date":"2024-01-20T01:15:22","date_gmt":"2024-01-20T00:15:22","guid":{"rendered":"https:\/\/chia-cundinamarca.gov.co\/web\/?p=2499"},"modified":"2024-01-22T14:54:18","modified_gmt":"2024-01-22T13:54:18","slug":"chia-se-prepara-para-los-efectos-del-fenomeno-del-nino","status":"publish","type":"post","link":"https:\/\/chia-cundinamarca.gov.co\/web\/2024\/01\/chia-se-prepara-para-los-efectos-del-fenomeno-del-nino\/","title":{"rendered":"Ch\u00eda se prepara para los efectos del Fen\u00f3meno del Ni\u00f1o"},"content":{"rendered":"\t\t<div data-elementor-type=\"wp-post\" data-elementor-id=\"2499\" class=\"elementor elementor-2499\" data-elementor-post-type=\"post\">\n\t\t\t\t<div class=\"elementor-element elementor-element-5edad6bf e-flex e-con-boxed e-con e-parent\" data-id=\"5edad6bf\" data-element_type=\"container\" data-e-type=\"container\">\n\t\t\t\t\t<div class=\"e-con-inner\">\n\t\t\t\t<div class=\"elementor-element elementor-element-6878dc75 elementor-widget elementor-widget-text-editor\" data-id=\"6878dc75\" data-element_type=\"widget\" data-e-type=\"widget\" data-widget_type=\"text-editor.default\">\n\t\t\t\t\t\t\t\t\t<h1>Ch\u00eda se prepara para los efectos del Fen\u00f3meno del Ni\u00f1o<\/h1><p>Como parte de las medidas preventivas para enfrentar el <strong>Fen\u00f3meno del Ni\u00f1o<\/strong>, la Alcald\u00eda de <strong>Ch\u00eda<\/strong> instal\u00f3 su primer <strong>Consejo Municipal de Gesti\u00f3n del Riesgo.<\/strong><\/p><p>Durante el comit\u00e9, liderado por el alcalde <strong>Leonardo Donoso<\/strong>, el mandatario fue enf\u00e1tico en se\u00f1alar que, ante las altas temperaturas ocasionadas por el Fen\u00f3meno del Ni\u00f1o, las entidades deben estar alertas frente a posibles emergencias y a realizar la pedagog\u00eda necesaria para mantener informada a la comunidad.<\/p><p>As\u00ed mismo se\u00f1al\u00f3 que el <strong>Puesto de Mando Unificado<\/strong> debe estar atento ante cualquier eventualidad que ocurra en el municipio.<\/p>\t\t\t\t\t\t\t\t<\/div>\n\t\t\t\t<div class=\"elementor-element elementor-element-5c3214f elementor-widget elementor-widget-gallery\" data-id=\"5c3214f\" data-element_type=\"widget\" data-e-type=\"widget\" data-settings=\"{&quot;lazyload&quot;:&quot;yes&quot;,&quot;gallery_layout&quot;:&quot;grid&quot;,&quot;columns&quot;:4,&quot;columns_tablet&quot;:2,&quot;columns_mobile&quot;:1,&quot;gap&quot;:{&quot;unit&quot;:&quot;px&quot;,&quot;size&quot;:10,&quot;sizes&quot;:[]},&quot;gap_tablet&quot;:{&quot;unit&quot;:&quot;px&quot;,&quot;size&quot;:10,&quot;sizes&quot;:[]},&quot;gap_mobile&quot;:{&quot;unit&quot;:&quot;px&quot;,&quot;size&quot;:10,&quot;sizes&quot;:[]},&quot;link_to&quot;:&quot;file&quot;,&quot;aspect_ratio&quot;:&quot;3:2&quot;,&quot;overlay_background&quot;:&quot;yes&quot;,&quot;content_hover_animation&quot;:&quot;fade-in&quot;}\" data-widget_type=\"gallery.default\">\n\t\t\t\t\t\t\t<div class=\"elementor-gallery__container\">\n\t\t\t\t\t\t\t<a class=\"e-gallery-item elementor-gallery-item elementor-animated-content\" href=\"https:\/\/chia-cundinamarca.gov.co\/web\/wp-content\/uploads\/2024\/01\/WhatsApp-Image-2024-01-19-at-6.48.51-PM.jpeg\" data-elementor-open-lightbox=\"yes\" data-elementor-lightbox-slideshow=\"5c3214f\" data-elementor-lightbox-title=\"Primer Comit\u00e9 de Gesti\u00f3n del Riesgo\" data-elementor-lightbox-description=\"Como parte de las medidas preventivas para enfrentar el Fen\u00f3meno del Ni\u00f1o, la Alcald\u00eda de Ch\u00eda instal\u00f3 su primer Consejo Municipal de Gesti\u00f3n del Riesgo.\" data-e-action-hash=\"#elementor-action%3Aaction%3Dlightbox%26settings%3DeyJpZCI6MjUwMywidXJsIjoiaHR0cHM6XC9cL2NoaWEtY3VuZGluYW1hcmNhLmdvdi5jb1wvd2ViXC93cC1jb250ZW50XC91cGxvYWRzXC8yMDI0XC8wMVwvV2hhdHNBcHAtSW1hZ2UtMjAyNC0wMS0xOS1hdC02LjQ4LjUxLVBNLmpwZWciLCJzbGlkZXNob3ciOiI1YzMyMTRmIn0%3D\">\n\t\t\t\t\t<div class=\"e-gallery-image elementor-gallery-item__image\" data-thumbnail=\"https:\/\/chia-cundinamarca.gov.co\/web\/wp-content\/uploads\/2024\/01\/WhatsApp-Image-2024-01-19-at-6.48.51-PM-300x200.jpeg\" data-width=\"300\" data-height=\"200\" aria-label=\"Como parte de las medidas preventivas para enfrentar el Fen\u00f3meno del Ni\u00f1o, la Alcald\u00eda de Ch\u00eda instal\u00f3 su primer Consejo Municipal de Gesti\u00f3n del Riesgo.\" role=\"img\" ><\/div>\n\t\t\t\t\t\t\t\t\t\t\t<div class=\"elementor-gallery-item__overlay\"><\/div>\n\t\t\t\t\t\t\t\t\t\t\t\t\t\t<\/a>\n\t\t\t\t\t\t\t<a class=\"e-gallery-item elementor-gallery-item elementor-animated-content\" href=\"https:\/\/chia-cundinamarca.gov.co\/web\/wp-content\/uploads\/2024\/01\/WhatsApp-Image-2024-01-19-at-6.48.51-PM-1.jpeg\" data-elementor-open-lightbox=\"yes\" data-elementor-lightbox-slideshow=\"5c3214f\" data-elementor-lightbox-title=\"WhatsApp Image 2024-01-19 at 6.48.51 PM (1)\" data-e-action-hash=\"#elementor-action%3Aaction%3Dlightbox%26settings%3DeyJpZCI6MjUwMiwidXJsIjoiaHR0cHM6XC9cL2NoaWEtY3VuZGluYW1hcmNhLmdvdi5jb1wvd2ViXC93cC1jb250ZW50XC91cGxvYWRzXC8yMDI0XC8wMVwvV2hhdHNBcHAtSW1hZ2UtMjAyNC0wMS0xOS1hdC02LjQ4LjUxLVBNLTEuanBlZyIsInNsaWRlc2hvdyI6IjVjMzIxNGYifQ%3D%3D\">\n\t\t\t\t\t<div class=\"e-gallery-image elementor-gallery-item__image\" data-thumbnail=\"https:\/\/chia-cundinamarca.gov.co\/web\/wp-content\/uploads\/2024\/01\/WhatsApp-Image-2024-01-19-at-6.48.51-PM-1-300x200.jpeg\" data-width=\"300\" data-height=\"200\" aria-label=\"\" role=\"img\" ><\/div>\n\t\t\t\t\t\t\t\t\t\t\t<div class=\"elementor-gallery-item__overlay\"><\/div>\n\t\t\t\t\t\t\t\t\t\t\t\t\t\t<\/a>\n\t\t\t\t\t\t\t<a class=\"e-gallery-item elementor-gallery-item elementor-animated-content\" href=\"https:\/\/chia-cundinamarca.gov.co\/web\/wp-content\/uploads\/2024\/01\/WhatsApp-Image-2024-01-19-at-6.48.51-PM-2.jpeg\" data-elementor-open-lightbox=\"yes\" data-elementor-lightbox-slideshow=\"5c3214f\" data-elementor-lightbox-title=\"WhatsApp Image 2024-01-19 at 6.48.51 PM (2)\" data-e-action-hash=\"#elementor-action%3Aaction%3Dlightbox%26settings%3DeyJpZCI6MjUwMSwidXJsIjoiaHR0cHM6XC9cL2NoaWEtY3VuZGluYW1hcmNhLmdvdi5jb1wvd2ViXC93cC1jb250ZW50XC91cGxvYWRzXC8yMDI0XC8wMVwvV2hhdHNBcHAtSW1hZ2UtMjAyNC0wMS0xOS1hdC02LjQ4LjUxLVBNLTIuanBlZyIsInNsaWRlc2hvdyI6IjVjMzIxNGYifQ%3D%3D\">\n\t\t\t\t\t<div class=\"e-gallery-image elementor-gallery-item__image\" data-thumbnail=\"https:\/\/chia-cundinamarca.gov.co\/web\/wp-content\/uploads\/2024\/01\/WhatsApp-Image-2024-01-19-at-6.48.51-PM-2-300x200.jpeg\" data-width=\"300\" data-height=\"200\" aria-label=\"\" role=\"img\" ><\/div>\n\t\t\t\t\t\t\t\t\t\t\t<div class=\"elementor-gallery-item__overlay\"><\/div>\n\t\t\t\t\t\t\t\t\t\t\t\t\t\t<\/a>\n\t\t\t\t\t\t\t<a class=\"e-gallery-item elementor-gallery-item elementor-animated-content\" href=\"https:\/\/chia-cundinamarca.gov.co\/web\/wp-content\/uploads\/2024\/01\/WhatsApp-Image-2024-01-19-at-6.48.51-PM-3.jpeg\" data-elementor-open-lightbox=\"yes\" data-elementor-lightbox-slideshow=\"5c3214f\" data-elementor-lightbox-title=\"Ch\u00eda se prepara para los efectos del fen\u00f3meno del ni\u00f1o\" data-elementor-lightbox-description=\"Como parte de las medidas preventivas para enfrentar el Fen\u00f3meno del Ni\u00f1o, la Alcald\u00eda de Ch\u00eda instal\u00f3 su primer Consejo Municipal de Gesti\u00f3n del Riesgo.\" data-e-action-hash=\"#elementor-action%3Aaction%3Dlightbox%26settings%3DeyJpZCI6MjUwMCwidXJsIjoiaHR0cHM6XC9cL2NoaWEtY3VuZGluYW1hcmNhLmdvdi5jb1wvd2ViXC93cC1jb250ZW50XC91cGxvYWRzXC8yMDI0XC8wMVwvV2hhdHNBcHAtSW1hZ2UtMjAyNC0wMS0xOS1hdC02LjQ4LjUxLVBNLTMuanBlZyIsInNsaWRlc2hvdyI6IjVjMzIxNGYifQ%3D%3D\">\n\t\t\t\t\t<div class=\"e-gallery-image elementor-gallery-item__image\" data-thumbnail=\"https:\/\/chia-cundinamarca.gov.co\/web\/wp-content\/uploads\/2024\/01\/WhatsApp-Image-2024-01-19-at-6.48.51-PM-3-300x200.jpeg\" data-width=\"300\" data-height=\"200\" aria-label=\"Ch\u00eda se prepara para los efectos del fen\u00f3meno del ni\u00f1o\" role=\"img\" ><\/div>\n\t\t\t\t\t\t\t\t\t\t\t<div class=\"elementor-gallery-item__overlay\"><\/div>\n\t\t\t\t\t\t\t\t\t\t\t\t\t\t<\/a>\n\t\t\t\t\t<\/div>\n\t\t\t\t\t<\/div>\n\t\t\t\t\t<\/div>\n\t\t\t\t<\/div>\n\t\t\t\t<\/div>\n\t\t","protected":false},"excerpt":{"rendered":"<p>Ch\u00eda se prepara para los efectos del Fen\u00f3meno del Ni\u00f1o Como parte de las medidas preventivas para enfrentar el Fen\u00f3meno del Ni\u00f1o, la Alcald\u00eda de Ch\u00eda instal\u00f3 su primer Consejo Municipal de Gesti\u00f3n del Riesgo. Durante el comit\u00e9, liderado por el alcalde Leonardo Donoso, el mandatario fue enf\u00e1tico en se\u00f1alar que, ante las altas temperaturas [&hellip;]<\/p>\n","protected":false},"author":1,"featured_media":2503,"comment_status":"closed","ping_status":"closed","sticky":false,"template":"","format":"standard","meta":{"footnotes":""},"categories":[17],"tags":[60,33,61,59],"class_list":["post-2499","post","type-post","status-publish","format-standard","has-post-thumbnail","hentry","category-noticias-2024","tag-alcaldia-de-chia","tag-chia","tag-fenomeno-del-nino","tag-puesto-de-mando-unificado"],"_links":{"self":[{"href":"https:\/\/chia-cundinamarca.gov.co\/web\/wp-json\/wp\/v2\/posts\/2499","targetHints":{"allow":["GET"]}}],"collection":[{"href":"https:\/\/chia-cundinamarca.gov.co\/web\/wp-json\/wp\/v2\/posts"}],"about":[{"href":"https:\/\/chia-cundinamarca.gov.co\/web\/wp-json\/wp\/v2\/types\/post"}],"author":[{"embeddable":true,"href":"https:\/\/chia-cundinamarca.gov.co\/web\/wp-json\/wp\/v2\/users\/1"}],"replies":[{"embeddable":true,"href":"https:\/\/chia-cundinamarca.gov.co\/web\/wp-json\/wp\/v2\/comments?post=2499"}],"version-history":[{"count":0,"href":"https:\/\/chia-cundinamarca.gov.co\/web\/wp-json\/wp\/v2\/posts\/2499\/revisions"}],"wp:featuredmedia":[{"embeddable":true,"href":"https:\/\/chia-cundinamarca.gov.co\/web\/wp-json\/wp\/v2\/media\/2503"}],"wp:attachment":[{"href":"https:\/\/chia-cundinamarca.gov.co\/web\/wp-json\/wp\/v2\/media?parent=2499"}],"wp:term":[{"taxonomy":"category","embeddable":true,"href":"https:\/\/chia-cundinamarca.gov.co\/web\/wp-json\/wp\/v2\/categories?post=2499"},{"taxonomy":"post_tag","embeddable":true,"href":"https:\/\/chia-cundinamarca.gov.co\/web\/wp-json\/wp\/v2\/tags?post=2499"}],"curies":[{"name":"wp","href":"https:\/\/api.w.org\/{rel}","templated":true}]}}