{"id":27551,"date":"2025-06-19T19:55:57","date_gmt":"2025-06-19T17:55:57","guid":{"rendered":"https:\/\/chia-cundinamarca.gov.co\/web\/?p=27551"},"modified":"2025-07-04T00:40:20","modified_gmt":"2025-07-03T22:40:20","slug":"chia-recibio-con-brazos-abiertos-a-30-coros-de-cundinamarca-en-el-encuentro-coral-pedagogico-brasilero","status":"publish","type":"post","link":"https:\/\/chia-cundinamarca.gov.co\/web\/2025\/06\/chia-recibio-con-brazos-abiertos-a-30-coros-de-cundinamarca-en-el-encuentro-coral-pedagogico-brasilero\/","title":{"rendered":"Ch\u00eda recibi\u00f3 a 30 coros en el \u201cEncuentro Coral Pedag\u00f3gico Brasilero\u201d"},"content":{"rendered":"\t\t<div data-elementor-type=\"wp-post\" data-elementor-id=\"27551\" class=\"elementor elementor-27551\" data-elementor-post-type=\"post\">\n\t\t\t\t<div class=\"elementor-element elementor-element-5c0e7b52 e-flex e-con-boxed e-con e-parent\" data-id=\"5c0e7b52\" data-element_type=\"container\" data-e-type=\"container\">\n\t\t\t\t\t<div class=\"e-con-inner\">\n\t\t\t\t<div class=\"elementor-element elementor-element-cdc12fa elementor-widget elementor-widget-heading\" data-id=\"cdc12fa\" data-element_type=\"widget\" data-e-type=\"widget\" data-widget_type=\"heading.default\">\n\t\t\t\t\t<h2 class=\"elementor-heading-title elementor-size-default\">Ch\u00eda recibi\u00f3 con brazos abiertos a 30 coros de Cundinamarca en el \u201cEncuentro Coral Pedag\u00f3gico Brasilero\u201d<\/h2>\t\t\t\t<\/div>\n\t\t\t\t<div class=\"elementor-element elementor-element-acee1ba elementor-widget elementor-widget-image\" data-id=\"acee1ba\" data-element_type=\"widget\" data-e-type=\"widget\" data-widget_type=\"image.default\">\n\t\t\t\t\t\t\t\t\t\t\t\t\t\t\t<img fetchpriority=\"high\" decoding=\"async\" width=\"768\" height=\"432\" src=\"https:\/\/chia-cundinamarca.gov.co\/web\/wp-content\/uploads\/2025\/06\/coros-brasil-768x432.jpeg\" class=\"attachment-medium_large size-medium_large wp-image-27785\" alt=\"coros brasil\" srcset=\"https:\/\/chia-cundinamarca.gov.co\/web\/wp-content\/uploads\/2025\/06\/coros-brasil-768x432.jpeg 768w, https:\/\/chia-cundinamarca.gov.co\/web\/wp-content\/uploads\/2025\/06\/coros-brasil-300x169.jpeg 300w, https:\/\/chia-cundinamarca.gov.co\/web\/wp-content\/uploads\/2025\/06\/coros-brasil-1024x576.jpeg 1024w, https:\/\/chia-cundinamarca.gov.co\/web\/wp-content\/uploads\/2025\/06\/coros-brasil-1536x864.jpeg 1536w, https:\/\/chia-cundinamarca.gov.co\/web\/wp-content\/uploads\/2025\/06\/coros-brasil-2048x1152.jpeg 2048w\" sizes=\"(max-width: 768px) 100vw, 768px\" \/>\t\t\t\t\t\t\t\t\t\t\t\t\t\t\t<\/div>\n\t\t\t\t<div class=\"elementor-element elementor-element-5124e358 elementor-widget elementor-widget-text-editor\" data-id=\"5124e358\" data-element_type=\"widget\" data-e-type=\"widget\" data-widget_type=\"text-editor.default\">\n\t\t\t\t\t\t\t\t\t<p>El pasado s\u00e1bado 14 de junio de 2025, el Auditorio Zea Mays fue el escenario donde 840 voces se dieron cita para compartir una jornada alrededor de la m\u00fasica coral, el compa\u00f1erismo y el intercambio de saberes, en el Encuentro Coral Pedag\u00f3gico Brasilero, actividad que hace parte de la programaci\u00f3n del XII Festival Art\u00edstico Internacional, apoyado por el Ministerio de las Culturas, las Artes y los Saberes y la Alcald\u00eda de Ch\u00eda y liderado por la ONG San Francisco Cultural.Como parte de la preparaci\u00f3n para el gran d\u00eda, Daniel Andrade, director del Circuito Coral de Brasil, ofreci\u00f3 talleres de interpretaci\u00f3n vocal que dejaron un impacto significativo en los procesos pedag\u00f3gicos de la Red Municipal de Coros de Ch\u00eda, fortaleciendo la formaci\u00f3n de los estudiantes de la Escuela de Formaci\u00f3n Art\u00edstica y Cultural (EFAC) y algunas Instituciones Educativas Oficiales del municipio.<\/p><p>Durante los ensayos, los coros infantiles practicaron las canciones \u201cO Caderno\u201d de Vinicius de Moraes e Toquinho y \u201cChorinho\u201d de Mar\u00eda Meron; mientras los adultos alzaban sus voces al ritmo de \u201cIsso aqu\u00ed o qu\u00e9 \u00e9\u201d y \u201cAquarela do Brasil\u201d de Ary Barroso y \u201cTrenzihno\u201d de Heitor Villa \u2013 Lobas. Estas clases magistrales tuvieron lugar en la Instituci\u00f3n Educativa Jos\u00e9 Joaqu\u00edn Casas, la Instituci\u00f3n Educativa Cerca de Piedra, y el Auditorio Zea Mays, durante el 11, 12 y 13 de junio.<br \/>El Gran D\u00eda<br \/>Desde las 3:00 p.\u202fm. del s\u00e1bado 14 de junio, el Auditorio Zea Mays se ilumin\u00f3 con voces mel\u00f3dicas y un esp\u00edritu de hermandad que uni\u00f3 a Colombia y Brasil a trav\u00e9s de 30 agrupaciones corales provenientes de Cundinamarca, Bogot\u00e1 y el pa\u00eds invitado. Familias, estudiantes, artistas y habitantes de la regi\u00f3n se reunieron para escuchar esta gran muestra coral, con una asistencia masiva.<br \/>Destacadas agrupaciones locales como el Coro Infantil de la I.E.D Cerca de Piedra, Coro Juvenil TEAM de la I.E.D Cerca de Piedra, Coros Infantil, Juvenil, Adulto y Adulto Mayor Suas\u00ed, Coro Infantil Extensi\u00f3n EFAC y el Coro de la Universidad de La Sabana, ofrecieron presentaciones emotivas que reflejaron el compromiso de sus directores y el talento cultivado en el territorio. Tambi\u00e9n participaron coros de Bogot\u00e1, Cota, Funza, Guasca, Mosquera, Sibat\u00e9, Soacha, Tabio, Tenjo y Tocancip\u00e1, quienes aportaron repertorios diversos y de gran calidad art\u00edstica.<br \/>Durante la jornada se rindi\u00f3 homenaje a grandes amigos que ya no est\u00e1n con nosotros, como el maestro mexicano Javier Jaramillo, invitado internacional en versi\u00f3n anteriores del festival y Francisco Alberto Rodr\u00edguez Botiva, padre de H\u00e9ctor Rodr\u00edguez, maestro en t\u00e9cnica vocal y director de diferentes agrupaciones corales de nuestra Casa de la Cultura, desde hace m\u00e1s de 10 a\u00f1os.<br \/>La presentaci\u00f3n del Coral da Aslemg de Brasil, bajo la direcci\u00f3n del maestro Guilherme Bragan\u00e7a, deslumbr\u00f3 con tres piezas representativas de la m\u00fasica brasilera, evocando la alegr\u00eda de ese pa\u00eds. Su participaci\u00f3n fue un claro s\u00edmbolo del poder transformador de la m\u00fasica como lenguaje universal.<br \/>Un momento inesperado se vivi\u00f3 en la noche, cuando un padre de familia pidi\u00f3 matrimonio a su pareja, quien acept\u00f3 conmovida, justo antes del gran cierre interpretado por el ensamble coral.<br \/>El broche de oro de este Encuentro fue la interpretaci\u00f3n colectiva en portugu\u00e9s, protagonizada por un gran ensamble coral de 840 voces que llen\u00f3 el auditorio aplausos: el maestro Daniel Andrade, en forma de agradecimiento a cada uno de los talentos participantes, interpret\u00f3 una canci\u00f3n fuera del repertorio, proyectando su espectacular voz.<br \/>Este Encuentro Coral Pedag\u00f3gico, hace parte de la variada agenda cultural que Ch\u00eda ha planeado para este nuevo a\u00f1o, donde, en esta ocasi\u00f3n, la m\u00fasica coral se convirti\u00f3 en una herramienta pedag\u00f3gica, art\u00edstica y emocional capaz de tender puentes entre generaciones, territorios e idiomas.<\/p>\t\t\t\t\t\t\t\t<\/div>\n\t\t\t\t<div class=\"elementor-element elementor-element-3d5b376 elementor-widget elementor-widget-gallery\" data-id=\"3d5b376\" data-element_type=\"widget\" data-e-type=\"widget\" data-settings=\"{&quot;lazyload&quot;:&quot;yes&quot;,&quot;gallery_layout&quot;:&quot;grid&quot;,&quot;columns&quot;:4,&quot;columns_tablet&quot;:2,&quot;columns_mobile&quot;:1,&quot;gap&quot;:{&quot;unit&quot;:&quot;px&quot;,&quot;size&quot;:10,&quot;sizes&quot;:[]},&quot;gap_tablet&quot;:{&quot;unit&quot;:&quot;px&quot;,&quot;size&quot;:10,&quot;sizes&quot;:[]},&quot;gap_mobile&quot;:{&quot;unit&quot;:&quot;px&quot;,&quot;size&quot;:10,&quot;sizes&quot;:[]},&quot;link_to&quot;:&quot;file&quot;,&quot;aspect_ratio&quot;:&quot;3:2&quot;,&quot;overlay_background&quot;:&quot;yes&quot;,&quot;content_hover_animation&quot;:&quot;fade-in&quot;}\" data-widget_type=\"gallery.default\">\n\t\t\t\t\t\t\t<div class=\"elementor-gallery__container\">\n\t\t\t\t\t\t\t<a class=\"e-gallery-item elementor-gallery-item elementor-animated-content\" href=\"https:\/\/chia-cundinamarca.gov.co\/web\/wp-content\/uploads\/2025\/06\/WhatsApp-Image-2025-06-19-at-8.51.43-AM-7-scaled.jpeg\" data-elementor-open-lightbox=\"yes\" data-elementor-lightbox-slideshow=\"3d5b376\" data-elementor-lightbox-title=\"Ch\u00eda recibi\u00f3 los coros de Portugal\" data-elementor-lightbox-description=\"Ch\u00eda recibi\u00f3 los coros de Portugal\" data-e-action-hash=\"#elementor-action%3Aaction%3Dlightbox%26settings%3DeyJpZCI6Mjc1NTcsInVybCI6Imh0dHBzOlwvXC9jaGlhLWN1bmRpbmFtYXJjYS5nb3YuY29cL3dlYlwvd3AtY29udGVudFwvdXBsb2Fkc1wvMjAyNVwvMDZcL1doYXRzQXBwLUltYWdlLTIwMjUtMDYtMTktYXQtOC41MS40My1BTS03LXNjYWxlZC5qcGVnIiwic2xpZGVzaG93IjoiM2Q1YjM3NiJ9\">\n\t\t\t\t\t<div class=\"e-gallery-image elementor-gallery-item__image\" data-thumbnail=\"https:\/\/chia-cundinamarca.gov.co\/web\/wp-content\/uploads\/2025\/06\/WhatsApp-Image-2025-06-19-at-8.51.43-AM-7-300x169.jpeg\" data-width=\"300\" data-height=\"169\" aria-label=\"Ch\u00eda recibi\u00f3 los coros de Portugal\" role=\"img\" ><\/div>\n\t\t\t\t\t\t\t\t\t\t\t<div class=\"elementor-gallery-item__overlay\"><\/div>\n\t\t\t\t\t\t\t\t\t\t\t\t\t\t<\/a>\n\t\t\t\t\t\t\t<a class=\"e-gallery-item elementor-gallery-item elementor-animated-content\" href=\"https:\/\/chia-cundinamarca.gov.co\/web\/wp-content\/uploads\/2025\/06\/WhatsApp-Image-2025-06-19-at-8.51.43-AM-6-scaled.jpeg\" data-elementor-open-lightbox=\"yes\" data-elementor-lightbox-slideshow=\"3d5b376\" data-elementor-lightbox-title=\"WhatsApp Image 2025-06-19 at 8.51.43 AM (6)\" data-e-action-hash=\"#elementor-action%3Aaction%3Dlightbox%26settings%3DeyJpZCI6Mjc1NTksInVybCI6Imh0dHBzOlwvXC9jaGlhLWN1bmRpbmFtYXJjYS5nb3YuY29cL3dlYlwvd3AtY29udGVudFwvdXBsb2Fkc1wvMjAyNVwvMDZcL1doYXRzQXBwLUltYWdlLTIwMjUtMDYtMTktYXQtOC41MS40My1BTS02LXNjYWxlZC5qcGVnIiwic2xpZGVzaG93IjoiM2Q1YjM3NiJ9\">\n\t\t\t\t\t<div class=\"e-gallery-image elementor-gallery-item__image\" data-thumbnail=\"https:\/\/chia-cundinamarca.gov.co\/web\/wp-content\/uploads\/2025\/06\/WhatsApp-Image-2025-06-19-at-8.51.43-AM-6-300x169.jpeg\" data-width=\"300\" data-height=\"169\" aria-label=\"\" role=\"img\" ><\/div>\n\t\t\t\t\t\t\t\t\t\t\t<div class=\"elementor-gallery-item__overlay\"><\/div>\n\t\t\t\t\t\t\t\t\t\t\t\t\t\t<\/a>\n\t\t\t\t\t\t\t<a class=\"e-gallery-item elementor-gallery-item elementor-animated-content\" href=\"https:\/\/chia-cundinamarca.gov.co\/web\/wp-content\/uploads\/2025\/06\/WhatsApp-Image-2025-06-19-at-8.51.43-AM-5-scaled.jpeg\" data-elementor-open-lightbox=\"yes\" data-elementor-lightbox-slideshow=\"3d5b376\" data-elementor-lightbox-title=\"WhatsApp Image 2025-06-19 at 8.51.43 AM (5)\" data-e-action-hash=\"#elementor-action%3Aaction%3Dlightbox%26settings%3DeyJpZCI6Mjc1NjAsInVybCI6Imh0dHBzOlwvXC9jaGlhLWN1bmRpbmFtYXJjYS5nb3YuY29cL3dlYlwvd3AtY29udGVudFwvdXBsb2Fkc1wvMjAyNVwvMDZcL1doYXRzQXBwLUltYWdlLTIwMjUtMDYtMTktYXQtOC41MS40My1BTS01LXNjYWxlZC5qcGVnIiwic2xpZGVzaG93IjoiM2Q1YjM3NiJ9\">\n\t\t\t\t\t<div class=\"e-gallery-image elementor-gallery-item__image\" data-thumbnail=\"https:\/\/chia-cundinamarca.gov.co\/web\/wp-content\/uploads\/2025\/06\/WhatsApp-Image-2025-06-19-at-8.51.43-AM-5-300x169.jpeg\" data-width=\"300\" data-height=\"169\" aria-label=\"\" role=\"img\" ><\/div>\n\t\t\t\t\t\t\t\t\t\t\t<div class=\"elementor-gallery-item__overlay\"><\/div>\n\t\t\t\t\t\t\t\t\t\t\t\t\t\t<\/a>\n\t\t\t\t\t\t\t<a class=\"e-gallery-item elementor-gallery-item elementor-animated-content\" href=\"https:\/\/chia-cundinamarca.gov.co\/web\/wp-content\/uploads\/2025\/06\/WhatsApp-Image-2025-06-19-at-8.51.43-AM-4-scaled.jpeg\" data-elementor-open-lightbox=\"yes\" data-elementor-lightbox-slideshow=\"3d5b376\" data-elementor-lightbox-title=\"WhatsApp Image 2025-06-19 at 8.51.43 AM (4)\" data-e-action-hash=\"#elementor-action%3Aaction%3Dlightbox%26settings%3DeyJpZCI6Mjc1NjEsInVybCI6Imh0dHBzOlwvXC9jaGlhLWN1bmRpbmFtYXJjYS5nb3YuY29cL3dlYlwvd3AtY29udGVudFwvdXBsb2Fkc1wvMjAyNVwvMDZcL1doYXRzQXBwLUltYWdlLTIwMjUtMDYtMTktYXQtOC41MS40My1BTS00LXNjYWxlZC5qcGVnIiwic2xpZGVzaG93IjoiM2Q1YjM3NiJ9\">\n\t\t\t\t\t<div class=\"e-gallery-image elementor-gallery-item__image\" data-thumbnail=\"https:\/\/chia-cundinamarca.gov.co\/web\/wp-content\/uploads\/2025\/06\/WhatsApp-Image-2025-06-19-at-8.51.43-AM-4-300x169.jpeg\" data-width=\"300\" data-height=\"169\" aria-label=\"\" role=\"img\" ><\/div>\n\t\t\t\t\t\t\t\t\t\t\t<div class=\"elementor-gallery-item__overlay\"><\/div>\n\t\t\t\t\t\t\t\t\t\t\t\t\t\t<\/a>\n\t\t\t\t\t\t\t<a class=\"e-gallery-item elementor-gallery-item elementor-animated-content\" href=\"https:\/\/chia-cundinamarca.gov.co\/web\/wp-content\/uploads\/2025\/06\/WhatsApp-Image-2025-06-19-at-8.51.43-AM-3-scaled.jpeg\" data-elementor-open-lightbox=\"yes\" data-elementor-lightbox-slideshow=\"3d5b376\" data-elementor-lightbox-title=\"WhatsApp Image 2025-06-19 at 8.51.43 AM (3)\" data-e-action-hash=\"#elementor-action%3Aaction%3Dlightbox%26settings%3DeyJpZCI6Mjc1NjIsInVybCI6Imh0dHBzOlwvXC9jaGlhLWN1bmRpbmFtYXJjYS5nb3YuY29cL3dlYlwvd3AtY29udGVudFwvdXBsb2Fkc1wvMjAyNVwvMDZcL1doYXRzQXBwLUltYWdlLTIwMjUtMDYtMTktYXQtOC41MS40My1BTS0zLXNjYWxlZC5qcGVnIiwic2xpZGVzaG93IjoiM2Q1YjM3NiJ9\">\n\t\t\t\t\t<div class=\"e-gallery-image elementor-gallery-item__image\" data-thumbnail=\"https:\/\/chia-cundinamarca.gov.co\/web\/wp-content\/uploads\/2025\/06\/WhatsApp-Image-2025-06-19-at-8.51.43-AM-3-300x169.jpeg\" data-width=\"300\" data-height=\"169\" aria-label=\"\" role=\"img\" ><\/div>\n\t\t\t\t\t\t\t\t\t\t\t<div class=\"elementor-gallery-item__overlay\"><\/div>\n\t\t\t\t\t\t\t\t\t\t\t\t\t\t<\/a>\n\t\t\t\t\t\t\t<a class=\"e-gallery-item elementor-gallery-item elementor-animated-content\" href=\"https:\/\/chia-cundinamarca.gov.co\/web\/wp-content\/uploads\/2025\/06\/WhatsApp-Image-2025-06-19-at-8.51.43-AM-2-scaled.jpeg\" data-elementor-open-lightbox=\"yes\" data-elementor-lightbox-slideshow=\"3d5b376\" data-elementor-lightbox-title=\"WhatsApp Image 2025-06-19 at 8.51.43 AM (2)\" data-e-action-hash=\"#elementor-action%3Aaction%3Dlightbox%26settings%3DeyJpZCI6Mjc1NjMsInVybCI6Imh0dHBzOlwvXC9jaGlhLWN1bmRpbmFtYXJjYS5nb3YuY29cL3dlYlwvd3AtY29udGVudFwvdXBsb2Fkc1wvMjAyNVwvMDZcL1doYXRzQXBwLUltYWdlLTIwMjUtMDYtMTktYXQtOC41MS40My1BTS0yLXNjYWxlZC5qcGVnIiwic2xpZGVzaG93IjoiM2Q1YjM3NiJ9\">\n\t\t\t\t\t<div class=\"e-gallery-image elementor-gallery-item__image\" data-thumbnail=\"https:\/\/chia-cundinamarca.gov.co\/web\/wp-content\/uploads\/2025\/06\/WhatsApp-Image-2025-06-19-at-8.51.43-AM-2-300x169.jpeg\" data-width=\"300\" data-height=\"169\" aria-label=\"\" role=\"img\" ><\/div>\n\t\t\t\t\t\t\t\t\t\t\t<div class=\"elementor-gallery-item__overlay\"><\/div>\n\t\t\t\t\t\t\t\t\t\t\t\t\t\t<\/a>\n\t\t\t\t\t\t\t<a class=\"e-gallery-item elementor-gallery-item elementor-animated-content\" href=\"https:\/\/chia-cundinamarca.gov.co\/web\/wp-content\/uploads\/2025\/06\/WhatsApp-Image-2025-06-19-at-8.51.43-AM-1-scaled.jpeg\" data-elementor-open-lightbox=\"yes\" data-elementor-lightbox-slideshow=\"3d5b376\" data-elementor-lightbox-title=\"WhatsApp Image 2025-06-19 at 8.51.43 AM (1)\" data-e-action-hash=\"#elementor-action%3Aaction%3Dlightbox%26settings%3DeyJpZCI6Mjc1NjQsInVybCI6Imh0dHBzOlwvXC9jaGlhLWN1bmRpbmFtYXJjYS5nb3YuY29cL3dlYlwvd3AtY29udGVudFwvdXBsb2Fkc1wvMjAyNVwvMDZcL1doYXRzQXBwLUltYWdlLTIwMjUtMDYtMTktYXQtOC41MS40My1BTS0xLXNjYWxlZC5qcGVnIiwic2xpZGVzaG93IjoiM2Q1YjM3NiJ9\">\n\t\t\t\t\t<div class=\"e-gallery-image elementor-gallery-item__image\" data-thumbnail=\"https:\/\/chia-cundinamarca.gov.co\/web\/wp-content\/uploads\/2025\/06\/WhatsApp-Image-2025-06-19-at-8.51.43-AM-1-300x225.jpeg\" data-width=\"300\" data-height=\"225\" aria-label=\"\" role=\"img\" ><\/div>\n\t\t\t\t\t\t\t\t\t\t\t<div class=\"elementor-gallery-item__overlay\"><\/div>\n\t\t\t\t\t\t\t\t\t\t\t\t\t\t<\/a>\n\t\t\t\t\t\t\t<a class=\"e-gallery-item elementor-gallery-item elementor-animated-content\" href=\"https:\/\/chia-cundinamarca.gov.co\/web\/wp-content\/uploads\/2025\/06\/WhatsApp-Image-2025-06-19-at-8.51.43-AM-scaled.jpeg\" data-elementor-open-lightbox=\"yes\" data-elementor-lightbox-slideshow=\"3d5b376\" data-elementor-lightbox-title=\"WhatsApp Image 2025-06-19 at 8.51.43 AM\" data-e-action-hash=\"#elementor-action%3Aaction%3Dlightbox%26settings%3DeyJpZCI6Mjc1NjUsInVybCI6Imh0dHBzOlwvXC9jaGlhLWN1bmRpbmFtYXJjYS5nb3YuY29cL3dlYlwvd3AtY29udGVudFwvdXBsb2Fkc1wvMjAyNVwvMDZcL1doYXRzQXBwLUltYWdlLTIwMjUtMDYtMTktYXQtOC41MS40My1BTS1zY2FsZWQuanBlZyIsInNsaWRlc2hvdyI6IjNkNWIzNzYifQ%3D%3D\">\n\t\t\t\t\t<div class=\"e-gallery-image elementor-gallery-item__image\" data-thumbnail=\"https:\/\/chia-cundinamarca.gov.co\/web\/wp-content\/uploads\/2025\/06\/WhatsApp-Image-2025-06-19-at-8.51.43-AM-300x169.jpeg\" data-width=\"300\" data-height=\"169\" aria-label=\"\" role=\"img\" ><\/div>\n\t\t\t\t\t\t\t\t\t\t\t<div class=\"elementor-gallery-item__overlay\"><\/div>\n\t\t\t\t\t\t\t\t\t\t\t\t\t\t<\/a>\n\t\t\t\t\t\t\t<a class=\"e-gallery-item elementor-gallery-item elementor-animated-content\" href=\"https:\/\/chia-cundinamarca.gov.co\/web\/wp-content\/uploads\/2025\/06\/WhatsApp-Image-2025-06-19-at-8.51.42-AM-6-scaled.jpeg\" data-elementor-open-lightbox=\"yes\" data-elementor-lightbox-slideshow=\"3d5b376\" data-elementor-lightbox-title=\"WhatsApp Image 2025-06-19 at 8.51.42 AM (6)\" data-e-action-hash=\"#elementor-action%3Aaction%3Dlightbox%26settings%3DeyJpZCI6Mjc1NjYsInVybCI6Imh0dHBzOlwvXC9jaGlhLWN1bmRpbmFtYXJjYS5nb3YuY29cL3dlYlwvd3AtY29udGVudFwvdXBsb2Fkc1wvMjAyNVwvMDZcL1doYXRzQXBwLUltYWdlLTIwMjUtMDYtMTktYXQtOC41MS40Mi1BTS02LXNjYWxlZC5qcGVnIiwic2xpZGVzaG93IjoiM2Q1YjM3NiJ9\">\n\t\t\t\t\t<div class=\"e-gallery-image elementor-gallery-item__image\" data-thumbnail=\"https:\/\/chia-cundinamarca.gov.co\/web\/wp-content\/uploads\/2025\/06\/WhatsApp-Image-2025-06-19-at-8.51.42-AM-6-300x169.jpeg\" data-width=\"300\" data-height=\"169\" aria-label=\"\" role=\"img\" ><\/div>\n\t\t\t\t\t\t\t\t\t\t\t<div class=\"elementor-gallery-item__overlay\"><\/div>\n\t\t\t\t\t\t\t\t\t\t\t\t\t\t<\/a>\n\t\t\t\t\t\t\t<a class=\"e-gallery-item elementor-gallery-item elementor-animated-content\" href=\"https:\/\/chia-cundinamarca.gov.co\/web\/wp-content\/uploads\/2025\/06\/WhatsApp-Image-2025-06-19-at-8.51.42-AM-5-scaled.jpeg\" data-elementor-open-lightbox=\"yes\" data-elementor-lightbox-slideshow=\"3d5b376\" data-elementor-lightbox-title=\"WhatsApp Image 2025-06-19 at 8.51.42 AM (5)\" data-e-action-hash=\"#elementor-action%3Aaction%3Dlightbox%26settings%3DeyJpZCI6Mjc1NjcsInVybCI6Imh0dHBzOlwvXC9jaGlhLWN1bmRpbmFtYXJjYS5nb3YuY29cL3dlYlwvd3AtY29udGVudFwvdXBsb2Fkc1wvMjAyNVwvMDZcL1doYXRzQXBwLUltYWdlLTIwMjUtMDYtMTktYXQtOC41MS40Mi1BTS01LXNjYWxlZC5qcGVnIiwic2xpZGVzaG93IjoiM2Q1YjM3NiJ9\">\n\t\t\t\t\t<div class=\"e-gallery-image elementor-gallery-item__image\" data-thumbnail=\"https:\/\/chia-cundinamarca.gov.co\/web\/wp-content\/uploads\/2025\/06\/WhatsApp-Image-2025-06-19-at-8.51.42-AM-5-300x169.jpeg\" data-width=\"300\" data-height=\"169\" aria-label=\"\" role=\"img\" ><\/div>\n\t\t\t\t\t\t\t\t\t\t\t<div class=\"elementor-gallery-item__overlay\"><\/div>\n\t\t\t\t\t\t\t\t\t\t\t\t\t\t<\/a>\n\t\t\t\t\t\t\t<a class=\"e-gallery-item elementor-gallery-item elementor-animated-content\" href=\"https:\/\/chia-cundinamarca.gov.co\/web\/wp-content\/uploads\/2025\/06\/WhatsApp-Image-2025-06-19-at-8.51.42-AM-4-scaled.jpeg\" data-elementor-open-lightbox=\"yes\" data-elementor-lightbox-slideshow=\"3d5b376\" data-elementor-lightbox-title=\"WhatsApp Image 2025-06-19 at 8.51.42 AM (4)\" data-e-action-hash=\"#elementor-action%3Aaction%3Dlightbox%26settings%3DeyJpZCI6Mjc1NjgsInVybCI6Imh0dHBzOlwvXC9jaGlhLWN1bmRpbmFtYXJjYS5nb3YuY29cL3dlYlwvd3AtY29udGVudFwvdXBsb2Fkc1wvMjAyNVwvMDZcL1doYXRzQXBwLUltYWdlLTIwMjUtMDYtMTktYXQtOC41MS40Mi1BTS00LXNjYWxlZC5qcGVnIiwic2xpZGVzaG93IjoiM2Q1YjM3NiJ9\">\n\t\t\t\t\t<div class=\"e-gallery-image elementor-gallery-item__image\" data-thumbnail=\"https:\/\/chia-cundinamarca.gov.co\/web\/wp-content\/uploads\/2025\/06\/WhatsApp-Image-2025-06-19-at-8.51.42-AM-4-300x169.jpeg\" data-width=\"300\" data-height=\"169\" aria-label=\"\" role=\"img\" ><\/div>\n\t\t\t\t\t\t\t\t\t\t\t<div class=\"elementor-gallery-item__overlay\"><\/div>\n\t\t\t\t\t\t\t\t\t\t\t\t\t\t<\/a>\n\t\t\t\t\t\t\t<a class=\"e-gallery-item elementor-gallery-item elementor-animated-content\" href=\"https:\/\/chia-cundinamarca.gov.co\/web\/wp-content\/uploads\/2025\/06\/WhatsApp-Image-2025-06-19-at-8.51.42-AM-3-scaled.jpeg\" data-elementor-open-lightbox=\"yes\" data-elementor-lightbox-slideshow=\"3d5b376\" data-elementor-lightbox-title=\"WhatsApp Image 2025-06-19 at 8.51.42 AM (3)\" data-e-action-hash=\"#elementor-action%3Aaction%3Dlightbox%26settings%3DeyJpZCI6Mjc1NjksInVybCI6Imh0dHBzOlwvXC9jaGlhLWN1bmRpbmFtYXJjYS5nb3YuY29cL3dlYlwvd3AtY29udGVudFwvdXBsb2Fkc1wvMjAyNVwvMDZcL1doYXRzQXBwLUltYWdlLTIwMjUtMDYtMTktYXQtOC41MS40Mi1BTS0zLXNjYWxlZC5qcGVnIiwic2xpZGVzaG93IjoiM2Q1YjM3NiJ9\">\n\t\t\t\t\t<div class=\"e-gallery-image elementor-gallery-item__image\" data-thumbnail=\"https:\/\/chia-cundinamarca.gov.co\/web\/wp-content\/uploads\/2025\/06\/WhatsApp-Image-2025-06-19-at-8.51.42-AM-3-300x225.jpeg\" data-width=\"300\" data-height=\"225\" aria-label=\"\" role=\"img\" ><\/div>\n\t\t\t\t\t\t\t\t\t\t\t<div class=\"elementor-gallery-item__overlay\"><\/div>\n\t\t\t\t\t\t\t\t\t\t\t\t\t\t<\/a>\n\t\t\t\t\t\t\t<a class=\"e-gallery-item elementor-gallery-item elementor-animated-content\" href=\"https:\/\/chia-cundinamarca.gov.co\/web\/wp-content\/uploads\/2025\/06\/WhatsApp-Image-2025-06-19-at-8.51.42-AM-2-scaled.jpeg\" data-elementor-open-lightbox=\"yes\" data-elementor-lightbox-slideshow=\"3d5b376\" data-elementor-lightbox-title=\"WhatsApp Image 2025-06-19 at 8.51.42 AM (2)\" data-e-action-hash=\"#elementor-action%3Aaction%3Dlightbox%26settings%3DeyJpZCI6Mjc1NzAsInVybCI6Imh0dHBzOlwvXC9jaGlhLWN1bmRpbmFtYXJjYS5nb3YuY29cL3dlYlwvd3AtY29udGVudFwvdXBsb2Fkc1wvMjAyNVwvMDZcL1doYXRzQXBwLUltYWdlLTIwMjUtMDYtMTktYXQtOC41MS40Mi1BTS0yLXNjYWxlZC5qcGVnIiwic2xpZGVzaG93IjoiM2Q1YjM3NiJ9\">\n\t\t\t\t\t<div class=\"e-gallery-image elementor-gallery-item__image\" data-thumbnail=\"https:\/\/chia-cundinamarca.gov.co\/web\/wp-content\/uploads\/2025\/06\/WhatsApp-Image-2025-06-19-at-8.51.42-AM-2-300x225.jpeg\" data-width=\"300\" data-height=\"225\" aria-label=\"\" role=\"img\" ><\/div>\n\t\t\t\t\t\t\t\t\t\t\t<div class=\"elementor-gallery-item__overlay\"><\/div>\n\t\t\t\t\t\t\t\t\t\t\t\t\t\t<\/a>\n\t\t\t\t\t\t\t<a class=\"e-gallery-item elementor-gallery-item elementor-animated-content\" href=\"https:\/\/chia-cundinamarca.gov.co\/web\/wp-content\/uploads\/2025\/06\/WhatsApp-Image-2025-06-19-at-8.51.42-AM-1-scaled.jpeg\" data-elementor-open-lightbox=\"yes\" data-elementor-lightbox-slideshow=\"3d5b376\" data-elementor-lightbox-title=\"WhatsApp Image 2025-06-19 at 8.51.42 AM (1)\" data-e-action-hash=\"#elementor-action%3Aaction%3Dlightbox%26settings%3DeyJpZCI6Mjc1NzEsInVybCI6Imh0dHBzOlwvXC9jaGlhLWN1bmRpbmFtYXJjYS5nb3YuY29cL3dlYlwvd3AtY29udGVudFwvdXBsb2Fkc1wvMjAyNVwvMDZcL1doYXRzQXBwLUltYWdlLTIwMjUtMDYtMTktYXQtOC41MS40Mi1BTS0xLXNjYWxlZC5qcGVnIiwic2xpZGVzaG93IjoiM2Q1YjM3NiJ9\">\n\t\t\t\t\t<div class=\"e-gallery-image elementor-gallery-item__image\" data-thumbnail=\"https:\/\/chia-cundinamarca.gov.co\/web\/wp-content\/uploads\/2025\/06\/WhatsApp-Image-2025-06-19-at-8.51.42-AM-1-300x169.jpeg\" data-width=\"300\" data-height=\"169\" aria-label=\"\" role=\"img\" ><\/div>\n\t\t\t\t\t\t\t\t\t\t\t<div class=\"elementor-gallery-item__overlay\"><\/div>\n\t\t\t\t\t\t\t\t\t\t\t\t\t\t<\/a>\n\t\t\t\t\t\t\t<a class=\"e-gallery-item elementor-gallery-item elementor-animated-content\" href=\"https:\/\/chia-cundinamarca.gov.co\/web\/wp-content\/uploads\/2025\/06\/WhatsApp-Image-2025-06-19-at-8.51.42-AM-scaled.jpeg\" data-elementor-open-lightbox=\"yes\" data-elementor-lightbox-slideshow=\"3d5b376\" data-elementor-lightbox-title=\"WhatsApp Image 2025-06-19 at 8.51.42 AM\" data-e-action-hash=\"#elementor-action%3Aaction%3Dlightbox%26settings%3DeyJpZCI6Mjc1NzIsInVybCI6Imh0dHBzOlwvXC9jaGlhLWN1bmRpbmFtYXJjYS5nb3YuY29cL3dlYlwvd3AtY29udGVudFwvdXBsb2Fkc1wvMjAyNVwvMDZcL1doYXRzQXBwLUltYWdlLTIwMjUtMDYtMTktYXQtOC41MS40Mi1BTS1zY2FsZWQuanBlZyIsInNsaWRlc2hvdyI6IjNkNWIzNzYifQ%3D%3D\">\n\t\t\t\t\t<div class=\"e-gallery-image elementor-gallery-item__image\" data-thumbnail=\"https:\/\/chia-cundinamarca.gov.co\/web\/wp-content\/uploads\/2025\/06\/WhatsApp-Image-2025-06-19-at-8.51.42-AM-300x225.jpeg\" data-width=\"300\" data-height=\"225\" aria-label=\"\" role=\"img\" ><\/div>\n\t\t\t\t\t\t\t\t\t\t\t<div class=\"elementor-gallery-item__overlay\"><\/div>\n\t\t\t\t\t\t\t\t\t\t\t\t\t\t<\/a>\n\t\t\t\t\t\t\t<a class=\"e-gallery-item elementor-gallery-item elementor-animated-content\" href=\"https:\/\/chia-cundinamarca.gov.co\/web\/wp-content\/uploads\/2025\/06\/WhatsApp-Image-2025-06-19-at-8.51.41-AM-2-scaled.jpeg\" data-elementor-open-lightbox=\"yes\" data-elementor-lightbox-slideshow=\"3d5b376\" data-elementor-lightbox-title=\"WhatsApp Image 2025-06-19 at 8.51.41 AM (2)\" data-e-action-hash=\"#elementor-action%3Aaction%3Dlightbox%26settings%3DeyJpZCI6Mjc1NzMsInVybCI6Imh0dHBzOlwvXC9jaGlhLWN1bmRpbmFtYXJjYS5nb3YuY29cL3dlYlwvd3AtY29udGVudFwvdXBsb2Fkc1wvMjAyNVwvMDZcL1doYXRzQXBwLUltYWdlLTIwMjUtMDYtMTktYXQtOC41MS40MS1BTS0yLXNjYWxlZC5qcGVnIiwic2xpZGVzaG93IjoiM2Q1YjM3NiJ9\">\n\t\t\t\t\t<div class=\"e-gallery-image elementor-gallery-item__image\" data-thumbnail=\"https:\/\/chia-cundinamarca.gov.co\/web\/wp-content\/uploads\/2025\/06\/WhatsApp-Image-2025-06-19-at-8.51.41-AM-2-300x169.jpeg\" data-width=\"300\" data-height=\"169\" aria-label=\"\" role=\"img\" ><\/div>\n\t\t\t\t\t\t\t\t\t\t\t<div class=\"elementor-gallery-item__overlay\"><\/div>\n\t\t\t\t\t\t\t\t\t\t\t\t\t\t<\/a>\n\t\t\t\t\t\t\t<a class=\"e-gallery-item elementor-gallery-item elementor-animated-content\" href=\"https:\/\/chia-cundinamarca.gov.co\/web\/wp-content\/uploads\/2025\/06\/WhatsApp-Image-2025-06-19-at-8.51.41-AM-1-scaled.jpeg\" data-elementor-open-lightbox=\"yes\" data-elementor-lightbox-slideshow=\"3d5b376\" data-elementor-lightbox-title=\"WhatsApp Image 2025-06-19 at 8.51.41 AM (1)\" data-e-action-hash=\"#elementor-action%3Aaction%3Dlightbox%26settings%3DeyJpZCI6Mjc1NzQsInVybCI6Imh0dHBzOlwvXC9jaGlhLWN1bmRpbmFtYXJjYS5nb3YuY29cL3dlYlwvd3AtY29udGVudFwvdXBsb2Fkc1wvMjAyNVwvMDZcL1doYXRzQXBwLUltYWdlLTIwMjUtMDYtMTktYXQtOC41MS40MS1BTS0xLXNjYWxlZC5qcGVnIiwic2xpZGVzaG93IjoiM2Q1YjM3NiJ9\">\n\t\t\t\t\t<div class=\"e-gallery-image elementor-gallery-item__image\" data-thumbnail=\"https:\/\/chia-cundinamarca.gov.co\/web\/wp-content\/uploads\/2025\/06\/WhatsApp-Image-2025-06-19-at-8.51.41-AM-1-300x169.jpeg\" data-width=\"300\" data-height=\"169\" aria-label=\"\" role=\"img\" ><\/div>\n\t\t\t\t\t\t\t\t\t\t\t<div class=\"elementor-gallery-item__overlay\"><\/div>\n\t\t\t\t\t\t\t\t\t\t\t\t\t\t<\/a>\n\t\t\t\t\t\t\t<a class=\"e-gallery-item elementor-gallery-item elementor-animated-content\" href=\"https:\/\/chia-cundinamarca.gov.co\/web\/wp-content\/uploads\/2025\/06\/WhatsApp-Image-2025-06-19-at-8.51.41-AM-scaled.jpeg\" data-elementor-open-lightbox=\"yes\" data-elementor-lightbox-slideshow=\"3d5b376\" data-elementor-lightbox-title=\"WhatsApp Image 2025-06-19 at 8.51.41 AM\" data-e-action-hash=\"#elementor-action%3Aaction%3Dlightbox%26settings%3DeyJpZCI6Mjc1NzUsInVybCI6Imh0dHBzOlwvXC9jaGlhLWN1bmRpbmFtYXJjYS5nb3YuY29cL3dlYlwvd3AtY29udGVudFwvdXBsb2Fkc1wvMjAyNVwvMDZcL1doYXRzQXBwLUltYWdlLTIwMjUtMDYtMTktYXQtOC41MS40MS1BTS1zY2FsZWQuanBlZyIsInNsaWRlc2hvdyI6IjNkNWIzNzYifQ%3D%3D\">\n\t\t\t\t\t<div class=\"e-gallery-image elementor-gallery-item__image\" data-thumbnail=\"https:\/\/chia-cundinamarca.gov.co\/web\/wp-content\/uploads\/2025\/06\/WhatsApp-Image-2025-06-19-at-8.51.41-AM-300x169.jpeg\" data-width=\"300\" data-height=\"169\" aria-label=\"\" role=\"img\" ><\/div>\n\t\t\t\t\t\t\t\t\t\t\t<div class=\"elementor-gallery-item__overlay\"><\/div>\n\t\t\t\t\t\t\t\t\t\t\t\t\t\t<\/a>\n\t\t\t\t\t<\/div>\n\t\t\t\t\t<\/div>\n\t\t\t\t\t<\/div>\n\t\t\t\t<\/div>\n\t\t\t\t<\/div>\n\t\t","protected":false},"excerpt":{"rendered":"<p>Ch\u00eda recibi\u00f3 con brazos abiertos a 30 coros de Cundinamarca en el \u201cEncuentro Coral Pedag\u00f3gico Brasilero\u201d<\/p>\n","protected":false},"author":1,"featured_media":27785,"comment_status":"closed","ping_status":"closed","sticky":false,"template":"","format":"standard","meta":{"footnotes":""},"categories":[1190],"tags":[],"class_list":["post-27551","post","type-post","status-publish","format-standard","has-post-thumbnail","hentry","category-noticias-2025"],"_links":{"self":[{"href":"https:\/\/chia-cundinamarca.gov.co\/web\/wp-json\/wp\/v2\/posts\/27551","targetHints":{"allow":["GET"]}}],"collection":[{"href":"https:\/\/chia-cundinamarca.gov.co\/web\/wp-json\/wp\/v2\/posts"}],"about":[{"href":"https:\/\/chia-cundinamarca.gov.co\/web\/wp-json\/wp\/v2\/types\/post"}],"author":[{"embeddable":true,"href":"https:\/\/chia-cundinamarca.gov.co\/web\/wp-json\/wp\/v2\/users\/1"}],"replies":[{"embeddable":true,"href":"https:\/\/chia-cundinamarca.gov.co\/web\/wp-json\/wp\/v2\/comments?post=27551"}],"version-history":[{"count":11,"href":"https:\/\/chia-cundinamarca.gov.co\/web\/wp-json\/wp\/v2\/posts\/27551\/revisions"}],"predecessor-version":[{"id":27990,"href":"https:\/\/chia-cundinamarca.gov.co\/web\/wp-json\/wp\/v2\/posts\/27551\/revisions\/27990"}],"wp:featuredmedia":[{"embeddable":true,"href":"https:\/\/chia-cundinamarca.gov.co\/web\/wp-json\/wp\/v2\/media\/27785"}],"wp:attachment":[{"href":"https:\/\/chia-cundinamarca.gov.co\/web\/wp-json\/wp\/v2\/media?parent=27551"}],"wp:term":[{"taxonomy":"category","embeddable":true,"href":"https:\/\/chia-cundinamarca.gov.co\/web\/wp-json\/wp\/v2\/categories?post=27551"},{"taxonomy":"post_tag","embeddable":true,"href":"https:\/\/chia-cundinamarca.gov.co\/web\/wp-json\/wp\/v2\/tags?post=27551"}],"curies":[{"name":"wp","href":"https:\/\/api.w.org\/{rel}","templated":true}]}}