{"id":27632,"date":"2025-06-25T19:10:09","date_gmt":"2025-06-25T17:10:09","guid":{"rendered":"https:\/\/chia-cundinamarca.gov.co\/web\/?p=27632"},"modified":"2025-06-27T19:34:12","modified_gmt":"2025-06-27T17:34:12","slug":"avanza-la-socializacion-de-aspirantes-a-curules-especiales-para-el-consejo-de-juventud-2025","status":"publish","type":"post","link":"https:\/\/chia-cundinamarca.gov.co\/web\/2025\/06\/avanza-la-socializacion-de-aspirantes-a-curules-especiales-para-el-consejo-de-juventud-2025\/","title":{"rendered":"En Ch\u00eda se premia la creatividad literaria con conciencia ambiental"},"content":{"rendered":"\t\t<div data-elementor-type=\"wp-post\" data-elementor-id=\"27632\" class=\"elementor elementor-27632\" data-elementor-post-type=\"post\">\n\t\t\t\t<div class=\"elementor-element elementor-element-7946f125 e-flex e-con-boxed e-con e-parent\" data-id=\"7946f125\" data-element_type=\"container\" data-e-type=\"container\">\n\t\t\t\t\t<div class=\"e-con-inner\">\n\t\t\t\t<div class=\"elementor-element elementor-element-d195aac elementor-widget elementor-widget-heading\" data-id=\"d195aac\" data-element_type=\"widget\" data-e-type=\"widget\" data-widget_type=\"heading.default\">\n\t\t\t\t\t<h2 class=\"elementor-heading-title elementor-size-default\">En Ch\u00eda se premia la creatividad literaria con conciencia ambiental<\/h2>\t\t\t\t<\/div>\n\t\t\t\t<div class=\"elementor-element elementor-element-89dda8e elementor-widget elementor-widget-image\" data-id=\"89dda8e\" data-element_type=\"widget\" data-e-type=\"widget\" data-widget_type=\"image.default\">\n\t\t\t\t\t\t\t\t\t\t\t\t\t\t\t<img fetchpriority=\"high\" decoding=\"async\" width=\"768\" height=\"468\" src=\"https:\/\/chia-cundinamarca.gov.co\/web\/wp-content\/uploads\/2025\/06\/CULTURA-768x468.png\" class=\"attachment-medium_large size-medium_large wp-image-27743\" alt=\"CULTURA\" srcset=\"https:\/\/chia-cundinamarca.gov.co\/web\/wp-content\/uploads\/2025\/06\/CULTURA-768x468.png 768w, https:\/\/chia-cundinamarca.gov.co\/web\/wp-content\/uploads\/2025\/06\/CULTURA-300x183.png 300w, https:\/\/chia-cundinamarca.gov.co\/web\/wp-content\/uploads\/2025\/06\/CULTURA-1024x624.png 1024w, https:\/\/chia-cundinamarca.gov.co\/web\/wp-content\/uploads\/2025\/06\/CULTURA-1536x936.png 1536w, https:\/\/chia-cundinamarca.gov.co\/web\/wp-content\/uploads\/2025\/06\/CULTURA.png 1934w\" sizes=\"(max-width: 768px) 100vw, 768px\" \/>\t\t\t\t\t\t\t\t\t\t\t\t\t\t\t<\/div>\n\t\t\t\t<div class=\"elementor-element elementor-element-7dea9831 elementor-widget elementor-widget-text-editor\" data-id=\"7dea9831\" data-element_type=\"widget\" data-e-type=\"widget\" data-widget_type=\"text-editor.default\">\n\t\t\t\t\t\t\t\t\t\n<p>La Red de Bibliotecas P\u00fablicas del municipio de Ch\u00eda reconoci\u00f3 el talento de ni\u00f1os, j\u00f3venes y adultos en el Concurso Literario Ecosostenible, donde la creatividad se convirti\u00f3 en un puente entre la literatura y el cuidado del agua.<br \/>Este certamen convoc\u00f3 a participantes de todas las edades, incluyendo personas en situaci\u00f3n de discapacidad, para reflexionar sobre la relaci\u00f3n entre pr\u00e1cticas de lectura, escritura y oralidad con acciones ecosostenibles. Las obras fueron presentadas en cinco categor\u00edas: poes\u00eda, poema visual, microcuento gr\u00e1fico, podcast y obra pl\u00e1stica en material reciclado, y evaluadas por promotores de lectura del municipio.<\/p>\n\n<p><br \/>Con un total de 77 inscritos, fueron reconocidos como ganadores:<br \/>Microcuento gr\u00e1fico:<br \/>Santi (Santiago Romero Bojac\u00e1), Yuna (Sara Valeria L\u00f3pez), Lunarte (Alejandra Le\u00f3n Ram\u00edrez), Mateo R (Mateo Rozo C.), Thor (Henry A. G\u00f3mez), Sebas Mart\u00ednez (Juan Sebasti\u00e1n Mart\u00ednez P.), Crist (Crist\u00f3bal Alfonso Romero), Matt (Dylan Mateo Rubio M.), Menkalinen (Danna S. Rizo V.), Koneko (Lizeth Daniela Garz\u00f3n C\u00e1ceres), Cris de G\u00e9nesis (Cristian Rodr\u00edguez Ospino), Astromelia (Juanita C. Triana Q.).<\/p>\n\n<p>Poema visual:<br \/>Sebas Mej\u00eda (Sebasti\u00e1n Mej\u00eda G\u00f3mez), Mike (Michael Ni\u00f1o Escobar), LaPuente (Martha Luc\u00eda Puente R.), Isap (Isabella Fuentes).<\/p>\n\n<p>Obra pl\u00e1stica en material reciclado con relato:<br \/>Ivonne (Marta Ivone Sabogal), San (Janeidith Tatiana Jerez S.), Lirio (Sara Alejandra D\u00edaz S.).<\/p>\n\n<p>Podcast:<br \/>Ecos (Daniela S\u00e1nchez Amaya), MediaLuna Films (Juan Manuel Bernal), Krystal (Claudia Marlen Sarmiento Mu\u00f1oz).<\/p>\n\n<p>Poes\u00eda:<br \/>Cimarr\u00f3n Arco\u00edris (Juanita Villa Cort\u00e9s), Matilda (Gloria Esperanza Cojo Rodr\u00edguez), Tet\u00e9 (Laura T. Posada Rodr\u00edguez), Pers\u00e9fone (Liseth Camila \u00c1vila C.), Emerselino (Emerson Mart\u00ednez G.), Profe (Carolina Canal L.), Sony (Sonia C\u00e1ceres Donoso), Druidesa del bosque (Amparo Restrepo), Uolkem (Eddy Marulanda Cu\u00e9llar).<\/p>\n\n<p>La premiaci\u00f3n se llev\u00f3 a cabo el 20 de junio del 2025 en la Biblioteca P\u00fablica Hoqabiga. La jornada inici\u00f3 con una bienvenida musical a cargo de la agrupaci\u00f3n Camerata EFAC, seguida por los saludos institucionales de la directora de Cultura Viviana Parra y la coordinadora de la Red de Bibliotecas P\u00fablicas del municipio de Ch\u00eda Margarita Estrada. La intervenci\u00f3n de la ganadora Claudia Sarmiento dej\u00f3 una sentida reflexi\u00f3n sobre la importancia de cuidar el planeta a trav\u00e9s del arte y la literatura.<br \/>Desde la Direcci\u00f3n de Cultura y la Red de Bibliotecas P\u00fablicas del municipio de Ch\u00eda, extendemos un especial reconocimiento a todos los participantes por su sensibilidad, creatividad y compromiso con un mundo m\u00e1s justo y sostenible. Con estas iniciativas, seguimos construyendo conciencia ecol\u00f3gica y ciudadan\u00eda activa a trav\u00e9s de la palabra.<\/p>\n\t\t\t\t\t\t\t\t<\/div>\n\t\t\t\t\t<\/div>\n\t\t\t\t<\/div>\n\t\t\t\t<\/div>\n\t\t","protected":false},"excerpt":{"rendered":"<p>En Ch\u00eda se premia la creatividad literaria con conciencia ambiental La Red de Bibliotecas P\u00fablicas del municipio de Ch\u00eda reconoci\u00f3 el talento de ni\u00f1os, j\u00f3venes y adultos en el Concurso Literario Ecosostenible, donde la creatividad se convirti\u00f3 en un puente entre la literatura y el cuidado del agua.Este certamen convoc\u00f3 a participantes de todas las [&hellip;]<\/p>\n","protected":false},"author":1,"featured_media":27743,"comment_status":"closed","ping_status":"closed","sticky":false,"template":"","format":"standard","meta":{"footnotes":""},"categories":[1190],"tags":[33,37],"class_list":["post-27632","post","type-post","status-publish","format-standard","has-post-thumbnail","hentry","category-noticias-2025","tag-chia","tag-leonardo-donoso"],"_links":{"self":[{"href":"https:\/\/chia-cundinamarca.gov.co\/web\/wp-json\/wp\/v2\/posts\/27632","targetHints":{"allow":["GET"]}}],"collection":[{"href":"https:\/\/chia-cundinamarca.gov.co\/web\/wp-json\/wp\/v2\/posts"}],"about":[{"href":"https:\/\/chia-cundinamarca.gov.co\/web\/wp-json\/wp\/v2\/types\/post"}],"author":[{"embeddable":true,"href":"https:\/\/chia-cundinamarca.gov.co\/web\/wp-json\/wp\/v2\/users\/1"}],"replies":[{"embeddable":true,"href":"https:\/\/chia-cundinamarca.gov.co\/web\/wp-json\/wp\/v2\/comments?post=27632"}],"version-history":[{"count":14,"href":"https:\/\/chia-cundinamarca.gov.co\/web\/wp-json\/wp\/v2\/posts\/27632\/revisions"}],"predecessor-version":[{"id":27747,"href":"https:\/\/chia-cundinamarca.gov.co\/web\/wp-json\/wp\/v2\/posts\/27632\/revisions\/27747"}],"wp:featuredmedia":[{"embeddable":true,"href":"https:\/\/chia-cundinamarca.gov.co\/web\/wp-json\/wp\/v2\/media\/27743"}],"wp:attachment":[{"href":"https:\/\/chia-cundinamarca.gov.co\/web\/wp-json\/wp\/v2\/media?parent=27632"}],"wp:term":[{"taxonomy":"category","embeddable":true,"href":"https:\/\/chia-cundinamarca.gov.co\/web\/wp-json\/wp\/v2\/categories?post=27632"},{"taxonomy":"post_tag","embeddable":true,"href":"https:\/\/chia-cundinamarca.gov.co\/web\/wp-json\/wp\/v2\/tags?post=27632"}],"curies":[{"name":"wp","href":"https:\/\/api.w.org\/{rel}","templated":true}]}}