{"id":28255,"date":"2025-07-11T16:44:39","date_gmt":"2025-07-11T21:44:39","guid":{"rendered":"https:\/\/chia-cundinamarca.gov.co\/web\/?p=28255"},"modified":"2025-07-14T12:06:48","modified_gmt":"2025-07-14T17:06:48","slug":"80-modulos-de-atencion-y-3-niveles-de-servicio-el-nuevo-cambio-en-chia","status":"publish","type":"post","link":"https:\/\/chia-cundinamarca.gov.co\/web\/2025\/07\/80-modulos-de-atencion-y-3-niveles-de-servicio-el-nuevo-cambio-en-chia\/","title":{"rendered":"80 m\u00f3dulos de atenci\u00f3n y 3 niveles de servicio, el nuevo CAMbio en Ch\u00eda"},"content":{"rendered":"\t\t<div data-elementor-type=\"wp-post\" data-elementor-id=\"28255\" class=\"elementor elementor-28255\" data-elementor-post-type=\"post\">\n\t\t\t\t<div class=\"elementor-element elementor-element-6dabc721 e-flex e-con-boxed e-con e-parent\" data-id=\"6dabc721\" data-element_type=\"container\" data-e-type=\"container\">\n\t\t\t\t\t<div class=\"e-con-inner\">\n\t\t\t\t<div class=\"elementor-element elementor-element-2ea6d0f elementor-widget elementor-widget-heading\" data-id=\"2ea6d0f\" data-element_type=\"widget\" data-e-type=\"widget\" data-widget_type=\"heading.default\">\n\t\t\t\t\t<h2 class=\"elementor-heading-title elementor-size-default\">80 m\u00f3dulos de atenci\u00f3n y 3 niveles de servicio, el nuevo CAMbio en Ch\u00eda<\/h2>\t\t\t\t<\/div>\n\t\t\t\t<div class=\"elementor-element elementor-element-badf63b elementor-widget elementor-widget-video\" data-id=\"badf63b\" data-element_type=\"widget\" data-e-type=\"widget\" data-settings=\"{&quot;youtube_url&quot;:&quot;https:\\\/\\\/youtube.com\\\/shorts\\\/lvo8eUalfnQ?feature=share&quot;,&quot;video_type&quot;:&quot;youtube&quot;,&quot;controls&quot;:&quot;yes&quot;}\" data-widget_type=\"video.default\">\n\t\t\t\t\t\t\t<div class=\"elementor-wrapper elementor-open-inline\">\n\t\t\t<div class=\"elementor-video\"><\/div>\t\t<\/div>\n\t\t\t\t\t\t<\/div>\n\t\t\t\t<div class=\"elementor-element elementor-element-a5162da elementor-widget elementor-widget-image\" data-id=\"a5162da\" data-element_type=\"widget\" data-e-type=\"widget\" data-widget_type=\"image.default\">\n\t\t\t\t\t\t\t\t\t\t\t\t\t\t\t<img fetchpriority=\"high\" decoding=\"async\" width=\"768\" height=\"768\" src=\"https:\/\/chia-cundinamarca.gov.co\/web\/wp-content\/uploads\/2025\/07\/CAMbio-768x768.png\" class=\"attachment-medium_large size-medium_large wp-image-28256\" alt=\"\u00a1Se acerca el CAMbio!\" srcset=\"https:\/\/chia-cundinamarca.gov.co\/web\/wp-content\/uploads\/2025\/07\/CAMbio-768x768.png 768w, https:\/\/chia-cundinamarca.gov.co\/web\/wp-content\/uploads\/2025\/07\/CAMbio-300x300.png 300w, https:\/\/chia-cundinamarca.gov.co\/web\/wp-content\/uploads\/2025\/07\/CAMbio-1024x1024.png 1024w, https:\/\/chia-cundinamarca.gov.co\/web\/wp-content\/uploads\/2025\/07\/CAMbio-150x150.png 150w, https:\/\/chia-cundinamarca.gov.co\/web\/wp-content\/uploads\/2025\/07\/CAMbio.png 1234w\" sizes=\"(max-width: 768px) 100vw, 768px\" \/>\t\t\t\t\t\t\t\t\t\t\t\t\t\t\t<\/div>\n\t\t\t\t<div class=\"elementor-element elementor-element-67d290cc elementor-widget elementor-widget-text-editor\" data-id=\"67d290cc\" data-element_type=\"widget\" data-e-type=\"widget\" data-widget_type=\"text-editor.default\">\n\t\t\t\t\t\t\t\t\t\n<p>En pocos d\u00edas, se inaugurar\u00e1 la nueva sede de la Alcald\u00eda de Ch\u00eda, lugar en el que uno de los elementos que m\u00e1s impactar\u00e1 de manera positiva en los habitantes del municipio, ser\u00e1 la&nbsp;<strong>transformaci\u00f3n en el servicio<\/strong>&nbsp;que le dar\u00e1 una nueva cara a la atenci\u00f3n ciudadana.<\/p>\n\n\n\n<p>El Centro Administrativo Municipal (CAM), con una&nbsp;<strong>capacidad para la atenci\u00f3n diaria de m\u00e1s de 1.200 ciudadanos<\/strong>, contar\u00e1 con:<\/p>\n\n\n\n<ul class=\"wp-block-list\">\n<li>80 m\u00f3dulos de atenci\u00f3n.<\/li>\n<\/ul>\n\n\n\n<ul class=\"wp-block-list\">\n<li>Ventanillas para la radicaci\u00f3n de todas las dependencias adscritas a la Administraci\u00f3n Municipal y las entidades descentralizadas.<\/li>\n<\/ul>\n\n\n\n<ul class=\"wp-block-list\">\n<li>Implementaci\u00f3n de tres niveles de servicio:<\/li>\n<\/ul>\n\n\n\n<ul class=\"wp-block-list\">\n<li><strong>Nivel 1:<\/strong>\u00a0Atenci\u00f3n b\u00e1sica en ventanilla (radicaci\u00f3n, orientaci\u00f3n)<\/li>\n<\/ul>\n\n\n\n<ul class=\"wp-block-list\">\n<li><strong>Nivel 2:<\/strong>\u00a0Atenci\u00f3n t\u00e9cnica especializada<\/li>\n<\/ul>\n\n\n\n<ul class=\"wp-block-list\">\n<li><strong>Nivel 3:<\/strong>\u00a0Atenci\u00f3n directa por parte de directivos, secretarios o despacho del alcalde (con agendamiento)<\/li>\n<\/ul>\n\n\n\n<p>Bajo este protocolo, los ciudadanos que lo requieran, tendr\u00e1n acceso al primer piso del CAM, que estar\u00e1 ubicado en la carrera 9&nbsp;No. 11-42, para&nbsp;realizar en un mismo lugar, sus radicaciones y gran parte de los tr\u00e1mites administrativos de manera guiada y con el respaldo de cada una de las secretar\u00edas y direcciones.&nbsp;<\/p>\n\n\n\n<p>Sin desplazamientos ni agendamientos, se busca responder con eficacia a las solicitudes de la poblaci\u00f3n,&nbsp;<strong>elevando el nivel del servicio<\/strong>&nbsp;desde el primer contacto con el ciudadano, quien se encontrar\u00e1 con dos figuras que simbolizan el nuevo PACO: el anfitri\u00f3n y el defensor, responsables de orientar el servicio y otorgar trato prioritario y\/o preferencial a aquellos que lo requieran.<\/p>\n\n\n\n<p>Canales<strong><em><u>&nbsp;<\/u><\/em><\/strong>de Atenci\u00f3n al Ciudadano<\/p>\n\n\n\n<ul class=\"wp-block-list\">\n<li><strong><em>Canal Presencial Principal &#8211; PACO CAM<\/em><\/strong><\/li>\n<\/ul>\n\n\n\n<p>Punto de Atenci\u00f3n al Ciudadano y Orientaci\u00f3n<\/p>\n\n\n\n<p>Carrera 9 No. 11-24 CAM<\/p>\n\n\n\n<p>Lunes a viernes de 8:00 a.m. a 4:30 p.m.&nbsp;<\/p>\n\n\n\n<ul class=\"wp-block-list\">\n<li><strong><em>Punto de Atenci\u00f3n al Ciudadano y Orientaci\u00f3n &#8211; PACO 2<\/em><\/strong>\u00a0Carrera 10 No. 0-49\u00a0<\/li>\n<\/ul>\n\n\n\n<p>Centro Comercial Vivenza &#8211; Local 106&nbsp;<\/p>\n\n\n\n<p>Lunes a viernes de 8:00 a.m. a 4:30 p.m.&nbsp;<\/p>\n\n\n\n<ul class=\"wp-block-list\">\n<li><strong><em>Canal telef\u00f3nico<\/em><\/strong><\/li>\n<\/ul>\n\n\n\n<p>(601) 884 4444&nbsp;<\/p>\n\n\n\n<p>Lunes a viernes de 8:00 a.m. a 5:00 p.m. (d\u00edas h\u00e1biles)<\/p>\n\n\n\n<ul class=\"wp-block-list\">\n<li><strong><em>L\u00ednea Anticorrupci\u00f3n\u00a0<\/em><\/strong><\/li>\n<\/ul>\n\n\n\n<p>(601) 884 4444 Ext. 5555<\/p>\n\n\n\n<p>Lunes a viernes de 8:00 a.m. a 5:00 p.m.&nbsp;(atenci\u00f3n durante los d\u00edas h\u00e1biles)<\/p>\n\n\n\n<ul class=\"wp-block-list\">\n<li><strong><em>Correo electr\u00f3nico<\/em><\/strong><\/li>\n<\/ul>\n\n\n\n<p>contactenos@chia.gov.co<\/p>\n\n\n\n<ul class=\"wp-block-list\">\n<li><strong><em>Bot\u00f3n PQRSDF<\/em><\/strong><\/li>\n<\/ul>\n\n\n\n<p>http:\/\/200.122.252.9:8083\/Proceso\/PQRs.aspx<\/p>\n\n\n\n<p><em>\u00a1Se acerca el CAMbio!<\/em><\/p>\n\t\t\t\t\t\t\t\t<\/div>\n\t\t\t\t\t<\/div>\n\t\t\t\t<\/div>\n\t\t\t\t<\/div>\n\t\t","protected":false},"excerpt":{"rendered":"<p>80 m\u00f3dulos de atenci\u00f3n y 3 niveles de servicio, el nuevo CAMbio en Ch\u00eda En pocos d\u00edas, se inaugurar\u00e1 la nueva sede de la Alcald\u00eda de Ch\u00eda, lugar en el que uno de los elementos que m\u00e1s impactar\u00e1 de manera positiva en los habitantes del municipio, ser\u00e1 la&nbsp;transformaci\u00f3n en el servicio&nbsp;que le dar\u00e1 una nueva [&hellip;]<\/p>\n","protected":false},"author":1,"featured_media":28256,"comment_status":"closed","ping_status":"closed","sticky":false,"template":"","format":"standard","meta":{"footnotes":""},"categories":[1190],"tags":[],"class_list":["post-28255","post","type-post","status-publish","format-standard","has-post-thumbnail","hentry","category-noticias-2025"],"_links":{"self":[{"href":"https:\/\/chia-cundinamarca.gov.co\/web\/wp-json\/wp\/v2\/posts\/28255","targetHints":{"allow":["GET"]}}],"collection":[{"href":"https:\/\/chia-cundinamarca.gov.co\/web\/wp-json\/wp\/v2\/posts"}],"about":[{"href":"https:\/\/chia-cundinamarca.gov.co\/web\/wp-json\/wp\/v2\/types\/post"}],"author":[{"embeddable":true,"href":"https:\/\/chia-cundinamarca.gov.co\/web\/wp-json\/wp\/v2\/users\/1"}],"replies":[{"embeddable":true,"href":"https:\/\/chia-cundinamarca.gov.co\/web\/wp-json\/wp\/v2\/comments?post=28255"}],"version-history":[{"count":7,"href":"https:\/\/chia-cundinamarca.gov.co\/web\/wp-json\/wp\/v2\/posts\/28255\/revisions"}],"predecessor-version":[{"id":28316,"href":"https:\/\/chia-cundinamarca.gov.co\/web\/wp-json\/wp\/v2\/posts\/28255\/revisions\/28316"}],"wp:featuredmedia":[{"embeddable":true,"href":"https:\/\/chia-cundinamarca.gov.co\/web\/wp-json\/wp\/v2\/media\/28256"}],"wp:attachment":[{"href":"https:\/\/chia-cundinamarca.gov.co\/web\/wp-json\/wp\/v2\/media?parent=28255"}],"wp:term":[{"taxonomy":"category","embeddable":true,"href":"https:\/\/chia-cundinamarca.gov.co\/web\/wp-json\/wp\/v2\/categories?post=28255"},{"taxonomy":"post_tag","embeddable":true,"href":"https:\/\/chia-cundinamarca.gov.co\/web\/wp-json\/wp\/v2\/tags?post=28255"}],"curies":[{"name":"wp","href":"https:\/\/api.w.org\/{rel}","templated":true}]}}