{"id":28934,"date":"2025-07-31T12:10:49","date_gmt":"2025-07-31T17:10:49","guid":{"rendered":"https:\/\/chia-cundinamarca.gov.co\/web\/?p=28934"},"modified":"2025-07-31T12:13:03","modified_gmt":"2025-07-31T17:13:03","slug":"chia-actualiza-tarifas-para-el-transporte-publico-colectivo-2025","status":"publish","type":"post","link":"https:\/\/chia-cundinamarca.gov.co\/web\/2025\/07\/chia-actualiza-tarifas-para-el-transporte-publico-colectivo-2025\/","title":{"rendered":"Ch\u00eda actualiza tarifas para el transporte p\u00fablico colectivo 2025"},"content":{"rendered":"\t\t<div data-elementor-type=\"wp-post\" data-elementor-id=\"28934\" class=\"elementor elementor-28934\" data-elementor-post-type=\"post\">\n\t\t\t\t<div class=\"elementor-element elementor-element-5e85f653 e-flex e-con-boxed e-con e-parent\" data-id=\"5e85f653\" data-element_type=\"container\" data-e-type=\"container\">\n\t\t\t\t\t<div class=\"e-con-inner\">\n\t\t\t\t<div class=\"elementor-element elementor-element-e39c2f5 elementor-widget elementor-widget-heading\" data-id=\"e39c2f5\" data-element_type=\"widget\" data-e-type=\"widget\" data-widget_type=\"heading.default\">\n\t\t\t\t\t<h2 class=\"elementor-heading-title elementor-size-default\">Ch\u00eda actualiza tarifas para el transporte p\u00fablico colectivo 2025\n<\/h2>\t\t\t\t<\/div>\n\t\t\t\t<div class=\"elementor-element elementor-element-8724e6c elementor-widget elementor-widget-image\" data-id=\"8724e6c\" data-element_type=\"widget\" data-e-type=\"widget\" data-widget_type=\"image.default\">\n\t\t\t\t\t\t\t\t\t\t\t\t\t\t\t<img fetchpriority=\"high\" decoding=\"async\" width=\"768\" height=\"963\" src=\"https:\/\/chia-cundinamarca.gov.co\/web\/wp-content\/uploads\/2025\/07\/tarifas-transp-publico-768x963.png\" class=\"attachment-medium_large size-medium_large wp-image-28935\" alt=\"Ch\u00eda actualiza tarifas para el transporte p\u00fablico colectivo 2025\" srcset=\"https:\/\/chia-cundinamarca.gov.co\/web\/wp-content\/uploads\/2025\/07\/tarifas-transp-publico-768x963.png 768w, https:\/\/chia-cundinamarca.gov.co\/web\/wp-content\/uploads\/2025\/07\/tarifas-transp-publico-239x300.png 239w, https:\/\/chia-cundinamarca.gov.co\/web\/wp-content\/uploads\/2025\/07\/tarifas-transp-publico-817x1024.png 817w, https:\/\/chia-cundinamarca.gov.co\/web\/wp-content\/uploads\/2025\/07\/tarifas-transp-publico.png 992w\" sizes=\"(max-width: 768px) 100vw, 768px\" \/>\t\t\t\t\t\t\t\t\t\t\t\t\t\t\t<\/div>\n\t\t\t\t<div class=\"elementor-element elementor-element-1e548805 elementor-widget elementor-widget-text-editor\" data-id=\"1e548805\" data-element_type=\"widget\" data-e-type=\"widget\" data-widget_type=\"text-editor.default\">\n\t\t\t\t\t\t\t\t\t\n<p>Dando cumplimiento al Decreto Municipal 200, expedido el pasado 29 de julio de 2025, entran en vigencia las nuevas tarifas para el servicio p\u00fablico de transporte colectivo en Ch\u00eda. Este ajuste tarifario busca garantizar un servicio de transporte adecuado y sostenible, ajustado a las condiciones operativas del municipio.<\/p>\n\n<p>Lea tambi\u00e9n: <strong><span style=\"color: #ff6600;\"><a style=\"color: #ff6600;\" href=\"https:\/\/www.facebook.com\/61551065831317\/posts\/ajuste-tarifario-en-el-transporte-p%C3%BAblico-intermunicipal-para-el-2025de-acuerdo-\/122211848180035527\/\">\u201cAjuste tarifario en el Transporte P\u00fablico Intermunicipal para el 2025\u201d<\/a><\/span><\/strong><\/p>\n\n<p>De acuerdo con la normativa, esta modificaci\u00f3n se fundamenta en la Ley 336 de 1993, que regula el sistema de transporte terrestre colectivo, y otras disposiciones legales vigentes. Por ende, estas nuevas tarifas se encuentran estructuradas seg\u00fan la distancia y la zona de operaci\u00f3n.<\/p>\n\n<p><strong>Ajustes tarifarios<\/strong><\/p>\n\n<p>Las rutas de mayor trayecto como Sindamanoy y Yerbabuena tendr\u00e1n un costo de $2.800, debido al recargo del 30% por zona rural que supera distancia promedio del resto del casco urbano.<\/p>\n\n<p>Las rutas que cubren los principales recorridos dentro del municipio, como Cerca de Piedra, 20 de Julio, Bojac\u00e1, T\u00edquiza, Peaje, Alejandr\u00eda, Guanat\u00e1, Fonquet\u00e1, El bosque, Variante, Fagua, Samaria, Fusca, Chilacos, La Caro-P\u00f3rtico, Las Juntas, Circular, Centro Ch\u00eda y Fusca, se mantendr\u00e1n con una tarifa unificada de $2.200.<\/p>\n\n<p>As\u00ed las cosas, este ajuste forma parte de la reestructuraci\u00f3n del sistema de transporte colectivo de Ch\u00eda, conforme al Decreto Municipal 063 de 2023, con el objetivo de mejorar la calidad y la eficiencia del servicio, adapt\u00e1ndose as\u00ed a las necesidades del municipio y los usuarios.<\/p>\n\t\t\t\t\t\t\t\t<\/div>\n\t\t\t\t\t<\/div>\n\t\t\t\t<\/div>\n\t\t\t\t<\/div>\n\t\t","protected":false},"excerpt":{"rendered":"<p>Ch\u00eda actualiza tarifas para el transporte p\u00fablico colectivo 2025 Dando cumplimiento al Decreto Municipal 200, expedido el pasado 29 de julio de 2025, entran en vigencia las nuevas tarifas para el servicio p\u00fablico de transporte colectivo en Ch\u00eda. Este ajuste tarifario busca garantizar un servicio de transporte adecuado y sostenible, ajustado a las condiciones operativas [&hellip;]<\/p>\n","protected":false},"author":1,"featured_media":28935,"comment_status":"closed","ping_status":"closed","sticky":false,"template":"","format":"standard","meta":{"footnotes":""},"categories":[1190],"tags":[1253,33,1254,1255],"class_list":["post-28934","post","type-post","status-publish","format-standard","has-post-thumbnail","hentry","category-noticias-2025","tag-buses","tag-chia","tag-tarifas","tag-transporte-colectivo"],"_links":{"self":[{"href":"https:\/\/chia-cundinamarca.gov.co\/web\/wp-json\/wp\/v2\/posts\/28934","targetHints":{"allow":["GET"]}}],"collection":[{"href":"https:\/\/chia-cundinamarca.gov.co\/web\/wp-json\/wp\/v2\/posts"}],"about":[{"href":"https:\/\/chia-cundinamarca.gov.co\/web\/wp-json\/wp\/v2\/types\/post"}],"author":[{"embeddable":true,"href":"https:\/\/chia-cundinamarca.gov.co\/web\/wp-json\/wp\/v2\/users\/1"}],"replies":[{"embeddable":true,"href":"https:\/\/chia-cundinamarca.gov.co\/web\/wp-json\/wp\/v2\/comments?post=28934"}],"version-history":[{"count":7,"href":"https:\/\/chia-cundinamarca.gov.co\/web\/wp-json\/wp\/v2\/posts\/28934\/revisions"}],"predecessor-version":[{"id":28942,"href":"https:\/\/chia-cundinamarca.gov.co\/web\/wp-json\/wp\/v2\/posts\/28934\/revisions\/28942"}],"wp:featuredmedia":[{"embeddable":true,"href":"https:\/\/chia-cundinamarca.gov.co\/web\/wp-json\/wp\/v2\/media\/28935"}],"wp:attachment":[{"href":"https:\/\/chia-cundinamarca.gov.co\/web\/wp-json\/wp\/v2\/media?parent=28934"}],"wp:term":[{"taxonomy":"category","embeddable":true,"href":"https:\/\/chia-cundinamarca.gov.co\/web\/wp-json\/wp\/v2\/categories?post=28934"},{"taxonomy":"post_tag","embeddable":true,"href":"https:\/\/chia-cundinamarca.gov.co\/web\/wp-json\/wp\/v2\/tags?post=28934"}],"curies":[{"name":"wp","href":"https:\/\/api.w.org\/{rel}","templated":true}]}}