{"id":29300,"date":"2025-08-08T15:54:36","date_gmt":"2025-08-08T20:54:36","guid":{"rendered":"https:\/\/chia-cundinamarca.gov.co\/web\/?p=29300"},"modified":"2025-08-12T11:06:43","modified_gmt":"2025-08-12T16:06:43","slug":"atencion-beneficiarios-renta-ciudadana-y-devolucion-del-iva-ya-pueden-reclamar-su-pago","status":"publish","type":"post","link":"https:\/\/chia-cundinamarca.gov.co\/web\/2025\/08\/atencion-beneficiarios-renta-ciudadana-y-devolucion-del-iva-ya-pueden-reclamar-su-pago\/","title":{"rendered":"\u201cRenta Ciudadana\u201d y \u201cDevoluci\u00f3n del IVA\u201d pueden reclamar su pago"},"content":{"rendered":"\t\t<div data-elementor-type=\"wp-post\" data-elementor-id=\"29300\" class=\"elementor elementor-29300\" data-elementor-post-type=\"post\">\n\t\t\t\t<div class=\"elementor-element elementor-element-6d12f749 e-flex e-con-boxed e-con e-parent\" data-id=\"6d12f749\" data-element_type=\"container\" data-e-type=\"container\">\n\t\t\t\t\t<div class=\"e-con-inner\">\n\t\t\t\t<div class=\"elementor-element elementor-element-634c433 elementor-widget elementor-widget-heading\" data-id=\"634c433\" data-element_type=\"widget\" data-e-type=\"widget\" data-widget_type=\"heading.default\">\n\t\t\t\t\t<h2 class=\"elementor-heading-title elementor-size-default\">Beneficiarios de \"Renta Ciudadana\" y \"Devoluci\u00f3n del Iva\" ya pueden reclamar su pago<\/h2>\t\t\t\t<\/div>\n\t\t\t\t<div class=\"elementor-element elementor-element-3154c84 elementor-widget elementor-widget-image\" data-id=\"3154c84\" data-element_type=\"widget\" data-e-type=\"widget\" data-widget_type=\"image.default\">\n\t\t\t\t\t\t\t\t\t\t\t\t\t\t\t<img fetchpriority=\"high\" decoding=\"async\" width=\"768\" height=\"960\" src=\"https:\/\/chia-cundinamarca.gov.co\/web\/wp-content\/uploads\/2025\/08\/WhatsApp-Image-2025-08-08-at-2.07.44-PM-768x960.jpeg\" class=\"attachment-medium_large size-medium_large wp-image-29301\" alt=\"\u00a1Atenci\u00f3n! Beneficiarios \u201cRenta Ciudadana\u201d y \u201cDevoluci\u00f3n del IVA\u201d ya pueden reclamar su pago\" srcset=\"https:\/\/chia-cundinamarca.gov.co\/web\/wp-content\/uploads\/2025\/08\/WhatsApp-Image-2025-08-08-at-2.07.44-PM-768x960.jpeg 768w, https:\/\/chia-cundinamarca.gov.co\/web\/wp-content\/uploads\/2025\/08\/WhatsApp-Image-2025-08-08-at-2.07.44-PM-240x300.jpeg 240w, https:\/\/chia-cundinamarca.gov.co\/web\/wp-content\/uploads\/2025\/08\/WhatsApp-Image-2025-08-08-at-2.07.44-PM-819x1024.jpeg 819w, https:\/\/chia-cundinamarca.gov.co\/web\/wp-content\/uploads\/2025\/08\/WhatsApp-Image-2025-08-08-at-2.07.44-PM-1229x1536.jpeg 1229w, https:\/\/chia-cundinamarca.gov.co\/web\/wp-content\/uploads\/2025\/08\/WhatsApp-Image-2025-08-08-at-2.07.44-PM.jpeg 1280w\" sizes=\"(max-width: 768px) 100vw, 768px\" \/>\t\t\t\t\t\t\t\t\t\t\t\t\t\t\t<\/div>\n\t\t\t\t<div class=\"elementor-element elementor-element-2a94f1e elementor-widget elementor-widget-text-editor\" data-id=\"2a94f1e\" data-element_type=\"widget\" data-e-type=\"widget\" data-widget_type=\"text-editor.default\">\n\t\t\t\t\t\t\t\t\t\n<p>La Alcald\u00eda de Ch\u00eda, la Secretar\u00eda de Desarrollo Social y la Direcci\u00f3n de Acci\u00f3n Social informan que, a partir del 6 hasta el 23 de agosto de 2025, los beneficiarios de los programas \u201cRenta Ciudadana y Devoluci\u00f3n del IVA\u201d, podr\u00e1n reclamar el pago correspondiente al ciclo tres.<\/p>\n\n\n\n<p>\u00bfQu\u00e9 es \u201cRenta Ciudadana\u201d?<\/p>\n\n\n\n<p>Seg\u00fan el&nbsp;<a href=\"https:\/\/www.prosperidadsocial.gov.co\/\">Departamento de Prosperidad Social<\/a>,&nbsp;<em>\u201cRenta Ciudadana es un programa que busca contribuir a la superaci\u00f3n de la pobreza, fomentar la movilidad social y fortalecer la econom\u00eda local, mediante la entrega de ayudas econ\u00f3micas, conocidas como Transferencias Monetarias Condicionadas y No Condicionadas. El programa comenz\u00f3 en 2024 y se implementa de manera gradual y progresiva a trav\u00e9s de diversas l\u00edneas de intervenci\u00f3n. Actualmente, est\u00e1 en ejecuci\u00f3n la l\u00ednea de intervenci\u00f3n Valoraci\u00f3n del Cuidado\u201d.<\/em>&nbsp;(Prosperidad Social, s.f.).<\/p>\n\n\n\n<p>\u00bfQu\u00e9 es \u201cDevoluci\u00f3n de IVA\u201d?&nbsp;<\/p>\n\n\n\n<p><em>\u201cCompensaci\u00f3n del IVA, tambi\u00e9n conocido como Devoluci\u00f3n del IVA, es un programa de Transferencias Monetarias No Condicionadas \u2013 TMNC, que busca reducir el impacto del cobro del impuesto sobre las ventas IVA en los hogares m\u00e1s pobres del pa\u00eds, reduciendo el impacto que tiene el impuesto al valor agregado IVA en el consumo de bienes y servicios de la poblaci\u00f3n pobre extrema y pobre beneficiaria\u201d.<\/em>&nbsp;(Prosperidad Social, s.f.).<\/p>\n\n\n\n<p>Si es beneficiario de alguno de estos programas de orden nacional, a su n\u00famero de celular llegar\u00e1 un mensaje de texto informando sobre la consignaci\u00f3n. Tambi\u00e9n puede saber si es beneficiario a trav\u00e9s del siguiente link:&nbsp;<a href=\"https:\/\/rentaciudadana.prosperidadsocial.gov.co\/\">https:\/\/rentaciudadana.prosperidadsocial.gov.co\/<\/a><\/p>\n\n\n\n<p>El dep\u00f3sito de estos incentivos econ\u00f3micos se realizar\u00e1 a trav\u00e9s de consignaci\u00f3n bancaria a cuenta en el Banco Agrario, aplicaciones como BICO y MOVII o giro.<\/p>\n\n\n\n<p>En el caso que su modalidad de cobro sea giro, recuerde llevar su c\u00e9dula original y seguir las indicaciones del personal en los puntos de pago autorizados, que son:<\/p>\n\n\n\n<p><strong>Centro Comercial Bochica<\/strong>&nbsp;&#8211; Calle 13 # 10-46 local 106,&nbsp;<strong>\u00fanicamente c\u00e9dulas terminadas en n\u00fameros impares (1,3,5,7,9)<\/strong>&nbsp;\u2013 En horario de lunes a viernes de 8:00 a.m. a 5:00 p.m. y s\u00e1bados de 8:00 a.m. a 11 a.m.<\/p>\n\n\n\n<p><strong>Centro Comercial Santa Luc\u00eda<\/strong>&nbsp;&#8211; Calle 11 # 10-35 local 101,&nbsp;<strong>\u00fanicamente c\u00e9dulas terminadas en n\u00fameros pares (0,2,4,6,8) &#8211;&nbsp;<\/strong>En horario de<strong>&nbsp;<\/strong>lunes a viernes de 8:30am a 6:30pm y s\u00e1bados de 9: 00 a.m. a 4:00 p.m.<\/p>\n\n\n\n<p>Para conocer su punto de pago, ingrese al enlace oficial del Banco Agrario:&nbsp;<a href=\"https:\/\/consultagiros.bancoagrario.gov.co\/ConsultaPagos\/Consulta.aspx\">https:\/\/consultagiros.bancoagrario.gov.co\/ConsultaPagos\/Consulta.aspx<\/a><\/p>\n\n\n\n<p>Para mayor informaci\u00f3n, ac\u00e9rquese a la Direcci\u00f3n de Acci\u00f3n Social, ubicada en la Cra. 7 # 12-100, en horario de atenci\u00f3n de lunes a viernes de 8:00 a.m. a 5:00 p.m.<\/p>\n\t\t\t\t\t\t\t\t<\/div>\n\t\t\t\t\t<\/div>\n\t\t\t\t<\/div>\n\t\t\t\t<\/div>\n\t\t","protected":false},"excerpt":{"rendered":"<p>Beneficiarios de \u00abRenta Ciudadana\u00bb y \u00abDevoluci\u00f3n del Iva\u00bb ya pueden reclamar su pago La Alcald\u00eda de Ch\u00eda, la Secretar\u00eda de Desarrollo Social y la Direcci\u00f3n de Acci\u00f3n Social informan que, a partir del 6 hasta el 23 de agosto de 2025, los beneficiarios de los programas \u201cRenta Ciudadana y Devoluci\u00f3n del IVA\u201d, podr\u00e1n reclamar el [&hellip;]<\/p>\n","protected":false},"author":1,"featured_media":29315,"comment_status":"closed","ping_status":"closed","sticky":false,"template":"","format":"standard","meta":{"footnotes":""},"categories":[1190],"tags":[1271,1272,1273,1269,1270],"class_list":["post-29300","post","type-post","status-publish","format-standard","has-post-thumbnail","hentry","category-noticias-2025","tag-accion-social-chia","tag-devolucion-de-iva","tag-giro","tag-pago","tag-renta-ciudadana"],"_links":{"self":[{"href":"https:\/\/chia-cundinamarca.gov.co\/web\/wp-json\/wp\/v2\/posts\/29300","targetHints":{"allow":["GET"]}}],"collection":[{"href":"https:\/\/chia-cundinamarca.gov.co\/web\/wp-json\/wp\/v2\/posts"}],"about":[{"href":"https:\/\/chia-cundinamarca.gov.co\/web\/wp-json\/wp\/v2\/types\/post"}],"author":[{"embeddable":true,"href":"https:\/\/chia-cundinamarca.gov.co\/web\/wp-json\/wp\/v2\/users\/1"}],"replies":[{"embeddable":true,"href":"https:\/\/chia-cundinamarca.gov.co\/web\/wp-json\/wp\/v2\/comments?post=29300"}],"version-history":[{"count":9,"href":"https:\/\/chia-cundinamarca.gov.co\/web\/wp-json\/wp\/v2\/posts\/29300\/revisions"}],"predecessor-version":[{"id":29363,"href":"https:\/\/chia-cundinamarca.gov.co\/web\/wp-json\/wp\/v2\/posts\/29300\/revisions\/29363"}],"wp:featuredmedia":[{"embeddable":true,"href":"https:\/\/chia-cundinamarca.gov.co\/web\/wp-json\/wp\/v2\/media\/29315"}],"wp:attachment":[{"href":"https:\/\/chia-cundinamarca.gov.co\/web\/wp-json\/wp\/v2\/media?parent=29300"}],"wp:term":[{"taxonomy":"category","embeddable":true,"href":"https:\/\/chia-cundinamarca.gov.co\/web\/wp-json\/wp\/v2\/categories?post=29300"},{"taxonomy":"post_tag","embeddable":true,"href":"https:\/\/chia-cundinamarca.gov.co\/web\/wp-json\/wp\/v2\/tags?post=29300"}],"curies":[{"name":"wp","href":"https:\/\/api.w.org\/{rel}","templated":true}]}}