{"id":29332,"date":"2025-08-11T11:23:33","date_gmt":"2025-08-11T16:23:33","guid":{"rendered":"https:\/\/chia-cundinamarca.gov.co\/web\/?p=29332"},"modified":"2025-08-11T11:25:09","modified_gmt":"2025-08-11T16:25:09","slug":"programa-de-discapacidad-llevo-una-tarde-de-alegria-a-100-adultos-mayores-de-funza","status":"publish","type":"post","link":"https:\/\/chia-cundinamarca.gov.co\/web\/2025\/08\/programa-de-discapacidad-llevo-una-tarde-de-alegria-a-100-adultos-mayores-de-funza\/","title":{"rendered":"Programa de Discapacidad llev\u00f3 una tarde de alegr\u00eda a 100 adultos mayores de Funza\u00a0"},"content":{"rendered":"\t\t<div data-elementor-type=\"wp-post\" data-elementor-id=\"29332\" class=\"elementor elementor-29332\" data-elementor-post-type=\"post\">\n\t\t\t\t<div class=\"elementor-element elementor-element-48b9415b e-flex e-con-boxed e-con e-parent\" data-id=\"48b9415b\" data-element_type=\"container\" data-e-type=\"container\">\n\t\t\t\t\t<div class=\"e-con-inner\">\n\t\t\t\t<div class=\"elementor-element elementor-element-4626641 elementor-widget elementor-widget-heading\" data-id=\"4626641\" data-element_type=\"widget\" data-e-type=\"widget\" data-widget_type=\"heading.default\">\n\t\t\t\t\t<h2 class=\"elementor-heading-title elementor-size-default\">Programa de Discapacidad llev\u00f3 una tarde de alegr\u00eda a 100 adultos mayores de Funza\u00a0<\/h2>\t\t\t\t<\/div>\n\t\t\t\t<div class=\"elementor-element elementor-element-8879bcd elementor-widget elementor-widget-image\" data-id=\"8879bcd\" data-element_type=\"widget\" data-e-type=\"widget\" data-widget_type=\"image.default\">\n\t\t\t\t\t\t\t\t\t\t\t\t\t\t\t<img fetchpriority=\"high\" decoding=\"async\" width=\"768\" height=\"568\" src=\"https:\/\/chia-cundinamarca.gov.co\/web\/wp-content\/uploads\/2025\/08\/DISCAPACIDAD-768x568.png\" class=\"attachment-medium_large size-medium_large wp-image-29333\" alt=\"Programa de Discapacidad llev\u00f3 una tarde de alegr\u00eda a 100 adultos mayores de Funza\u00a0\" srcset=\"https:\/\/chia-cundinamarca.gov.co\/web\/wp-content\/uploads\/2025\/08\/DISCAPACIDAD-768x568.png 768w, https:\/\/chia-cundinamarca.gov.co\/web\/wp-content\/uploads\/2025\/08\/DISCAPACIDAD-300x222.png 300w, https:\/\/chia-cundinamarca.gov.co\/web\/wp-content\/uploads\/2025\/08\/DISCAPACIDAD-1024x758.png 1024w, https:\/\/chia-cundinamarca.gov.co\/web\/wp-content\/uploads\/2025\/08\/DISCAPACIDAD-1536x1136.png 1536w, https:\/\/chia-cundinamarca.gov.co\/web\/wp-content\/uploads\/2025\/08\/DISCAPACIDAD.png 1668w\" sizes=\"(max-width: 768px) 100vw, 768px\" \/>\t\t\t\t\t\t\t\t\t\t\t\t\t\t\t<\/div>\n\t\t\t\t<div class=\"elementor-element elementor-element-73ec94e8 elementor-widget elementor-widget-text-editor\" data-id=\"73ec94e8\" data-element_type=\"widget\" data-e-type=\"widget\" data-widget_type=\"text-editor.default\">\n\t\t\t\t\t\t\t\t\t\n<p>Agosto es el Mes del Envejecimiento y la Vejez, para celebrarlo, el\u00a0<strong>Programa de Discapacidad de Ch\u00eda<\/strong>\u00a0encant\u00f3 con bailes y canciones la ma\u00f1ana de\u00a0<strong>100 adultos mayores<\/strong>\u00a0del Centro de cuidado Coraz\u00f3n Inmaculado de Mar\u00eda de Funza, adscrito a la Secretar\u00eda Distrital de Integraci\u00f3n Social.\u00a0<\/p>\n\n<p>Durante la jornada, los representantes de nuestro municipio, mostraron una danza de la regi\u00f3n nari\u00f1ense (Mujer Sure\u00f1a) y un merengue campesino (Listos para la foto), disfrutando cada momento del show, mientras\u00a0<strong>fortalec\u00edan<\/strong>\u00a0su concepci\u00f3n de\u00a0<strong>lateralidad<\/strong>, trabajo en equipo y habilidades de\u00a0<strong>integraci\u00f3n social<\/strong>.\u00a0<\/p>\n\n<p>Lilian Gonzales, maestra de danza, Edwin Bejarano, enfermero, Alejandro Franco, maestro de m\u00fasica y Armando Moreno, profesional de educaci\u00f3n f\u00edsica, mostraron su\u00a0<strong>compromiso y orientaci\u00f3n al servicio<\/strong>\u00a0de las\u00a0<strong>personas con discapacidad<\/strong>, con su\u00a0<strong>participaci\u00f3n<\/strong>\u00a0activa en el evento\u00a0<strong>como bailarines y cantantes<\/strong>.<\/p>\n\n<p>Para la\u00a0<strong>Alcald\u00eda de Ch\u00eda<\/strong>, la\u00a0<strong>Secretar\u00eda de Desarrollo Social<\/strong>\u00a0y la\u00a0<strong>Direcci\u00f3n de Acci\u00f3n Social<\/strong>\u00a0es un\u00a0<strong>orgullo<\/strong>\u00a0llevar el\u00a0<strong>talento<\/strong>\u00a0de esta poblaci\u00f3n a nuevos lugares, demostrando que la\u00a0<strong>inclusi\u00f3n social transforma vidas<\/strong>, abriendo espacios\u00a0<strong>donde todos brillan<\/strong>.<\/p>\n\t\t\t\t\t\t\t\t<\/div>\n\t\t\t\t\t<\/div>\n\t\t\t\t<\/div>\n\t\t\t\t<\/div>\n\t\t","protected":false},"excerpt":{"rendered":"<p>Programa de Discapacidad llev\u00f3 una tarde de alegr\u00eda a 100 adultos mayores de Funza\u00a0 Agosto es el Mes del Envejecimiento y la Vejez, para celebrarlo, el\u00a0Programa de Discapacidad de Ch\u00eda\u00a0encant\u00f3 con bailes y canciones la ma\u00f1ana de\u00a0100 adultos mayores\u00a0del Centro de cuidado Coraz\u00f3n Inmaculado de Mar\u00eda de Funza, adscrito a la Secretar\u00eda Distrital de Integraci\u00f3n [&hellip;]<\/p>\n","protected":false},"author":1,"featured_media":29333,"comment_status":"closed","ping_status":"closed","sticky":false,"template":"","format":"standard","meta":{"footnotes":""},"categories":[1190],"tags":[],"class_list":["post-29332","post","type-post","status-publish","format-standard","has-post-thumbnail","hentry","category-noticias-2025"],"_links":{"self":[{"href":"https:\/\/chia-cundinamarca.gov.co\/web\/wp-json\/wp\/v2\/posts\/29332","targetHints":{"allow":["GET"]}}],"collection":[{"href":"https:\/\/chia-cundinamarca.gov.co\/web\/wp-json\/wp\/v2\/posts"}],"about":[{"href":"https:\/\/chia-cundinamarca.gov.co\/web\/wp-json\/wp\/v2\/types\/post"}],"author":[{"embeddable":true,"href":"https:\/\/chia-cundinamarca.gov.co\/web\/wp-json\/wp\/v2\/users\/1"}],"replies":[{"embeddable":true,"href":"https:\/\/chia-cundinamarca.gov.co\/web\/wp-json\/wp\/v2\/comments?post=29332"}],"version-history":[{"count":4,"href":"https:\/\/chia-cundinamarca.gov.co\/web\/wp-json\/wp\/v2\/posts\/29332\/revisions"}],"predecessor-version":[{"id":29337,"href":"https:\/\/chia-cundinamarca.gov.co\/web\/wp-json\/wp\/v2\/posts\/29332\/revisions\/29337"}],"wp:featuredmedia":[{"embeddable":true,"href":"https:\/\/chia-cundinamarca.gov.co\/web\/wp-json\/wp\/v2\/media\/29333"}],"wp:attachment":[{"href":"https:\/\/chia-cundinamarca.gov.co\/web\/wp-json\/wp\/v2\/media?parent=29332"}],"wp:term":[{"taxonomy":"category","embeddable":true,"href":"https:\/\/chia-cundinamarca.gov.co\/web\/wp-json\/wp\/v2\/categories?post=29332"},{"taxonomy":"post_tag","embeddable":true,"href":"https:\/\/chia-cundinamarca.gov.co\/web\/wp-json\/wp\/v2\/tags?post=29332"}],"curies":[{"name":"wp","href":"https:\/\/api.w.org\/{rel}","templated":true}]}}