{"id":30031,"date":"2025-09-05T09:34:20","date_gmt":"2025-09-05T14:34:20","guid":{"rendered":"https:\/\/chia-cundinamarca.gov.co\/web\/?p=30031"},"modified":"2025-09-05T09:43:53","modified_gmt":"2025-09-05T14:43:53","slug":"chia-implementara-restriccion-total-a-vehiculos-de-carga-a-partir-del-15-de-octubre-estos-son-los-horarios-el-tiempo","status":"publish","type":"post","link":"https:\/\/chia-cundinamarca.gov.co\/web\/2025\/09\/chia-implementara-restriccion-total-a-vehiculos-de-carga-a-partir-del-15-de-octubre-estos-son-los-horarios-el-tiempo\/","title":{"rendered":"Ch\u00eda implementar\u00e1 restricci\u00f3n total a veh\u00edculos de carga a partir del 15 de octubre: estos son los horarios (El Tiempo)"},"content":{"rendered":"\t\t<div data-elementor-type=\"wp-post\" data-elementor-id=\"30031\" class=\"elementor elementor-30031\" data-elementor-post-type=\"post\">\n\t\t\t\t<div class=\"elementor-element elementor-element-7f512bf e-flex e-con-boxed e-con e-parent\" data-id=\"7f512bf\" data-element_type=\"container\" data-e-type=\"container\">\n\t\t\t\t\t<div class=\"e-con-inner\">\n\t\t\t\t<div class=\"elementor-element elementor-element-d4bdd5e elementor-widget elementor-widget-heading\" data-id=\"d4bdd5e\" data-element_type=\"widget\" data-e-type=\"widget\" data-widget_type=\"heading.default\">\n\t\t\t\t\t<h2 class=\"elementor-heading-title elementor-size-default\">Ch\u00eda implementar\u00e1 restricci\u00f3n total a veh\u00edculos de carga a partir del 15 de octubre: estos son los horarios<\/h2>\t\t\t\t<\/div>\n\t\t\t\t<div class=\"elementor-element elementor-element-e58c07e elementor-widget elementor-widget-image\" data-id=\"e58c07e\" data-element_type=\"widget\" data-e-type=\"widget\" data-widget_type=\"image.default\">\n\t\t\t\t\t\t\t\t\t\t\t\t\t\t\t<img fetchpriority=\"high\" decoding=\"async\" width=\"800\" height=\"357\" src=\"https:\/\/chia-cundinamarca.gov.co\/web\/wp-content\/uploads\/2025\/09\/687ab479cdc35.r_d.2137-1241-1024x457.avif\" class=\"attachment-large size-large wp-image-30033\" alt=\"\" srcset=\"https:\/\/chia-cundinamarca.gov.co\/web\/wp-content\/uploads\/2025\/09\/687ab479cdc35.r_d.2137-1241-1024x457.avif 1024w, https:\/\/chia-cundinamarca.gov.co\/web\/wp-content\/uploads\/2025\/09\/687ab479cdc35.r_d.2137-1241-300x134.avif 300w, https:\/\/chia-cundinamarca.gov.co\/web\/wp-content\/uploads\/2025\/09\/687ab479cdc35.r_d.2137-1241-768x342.avif 768w, https:\/\/chia-cundinamarca.gov.co\/web\/wp-content\/uploads\/2025\/09\/687ab479cdc35.r_d.2137-1241.avif 1200w\" sizes=\"(max-width: 800px) 100vw, 800px\" \/>\t\t\t\t\t\t\t\t\t\t\t\t\t\t\t<\/div>\n\t\t\t\t<div class=\"elementor-element elementor-element-8703e9e elementor-widget elementor-widget-text-editor\" data-id=\"8703e9e\" data-element_type=\"widget\" data-e-type=\"widget\" data-widget_type=\"text-editor.default\">\n\t\t\t\t\t\t\t\t\t<p><b>Ch\u00eda tendr\u00e1 una nueva modificaci\u00f3n al tr\u00e1nsito de veh\u00edculos de carga, seg\u00fan inform\u00f3 el alcalde Leonardo Donoso.<\/b>\u00a0Esto, con el fin de mejorar la movilidad en las v\u00edas del municipio, que \u00faltimamente han sufrido graves congestiones.<\/p><div class=\"paragraph\">Seg\u00fan explic\u00f3 el mandatario de Ch\u00eda,\u00a0<b>habr\u00e1 restricci\u00f3n total de la carga pesada entre las 6:00 de la ma\u00f1ana y las 8:00 de la noche por las v\u00edas del municipio a partir del pr\u00f3ximo 15 de octubre.<\/b><\/div><div>\u00a0<\/div><div class=\"paragraph\">Cabe recordar que Ch\u00eda ya hab\u00eda puesto en marcha una medida para aliviar las dificultades en la movilidad que se estaban presentando en las distintas v\u00edas.<\/div><div>\u00a0<\/div><div><a href=\"https:\/\/www.eltiempo.com\/bogota\/chia-implementara-restriccion-total-a-vehiculos-de-carga-a-partir-del-15-de-octubre-estos-son-los-horarios-3487607\" target=\"_blank\" rel=\"noopener\">Ver M\u00e1s<\/a><\/div>\t\t\t\t\t\t\t\t<\/div>\n\t\t\t\t\t<\/div>\n\t\t\t\t<\/div>\n\t\t\t\t<\/div>\n\t\t","protected":false},"excerpt":{"rendered":"<p>Ch\u00eda implementar\u00e1 restricci\u00f3n total a veh\u00edculos de carga a partir del 15 de octubre: estos son los horarios Ch\u00eda tendr\u00e1 una nueva modificaci\u00f3n al tr\u00e1nsito de veh\u00edculos de carga, seg\u00fan inform\u00f3 el alcalde Leonardo Donoso.\u00a0Esto, con el fin de mejorar la movilidad en las v\u00edas del municipio, que \u00faltimamente han sufrido graves congestiones. Seg\u00fan explic\u00f3 [&hellip;]<\/p>\n","protected":false},"author":1,"featured_media":30038,"comment_status":"closed","ping_status":"closed","sticky":false,"template":"","format":"standard","meta":{"footnotes":""},"categories":[31,1],"tags":[],"class_list":["post-30031","post","type-post","status-publish","format-standard","has-post-thumbnail","hentry","category-asi-nos-ven-los-medios","category-sin-categoria"],"_links":{"self":[{"href":"https:\/\/chia-cundinamarca.gov.co\/web\/wp-json\/wp\/v2\/posts\/30031","targetHints":{"allow":["GET"]}}],"collection":[{"href":"https:\/\/chia-cundinamarca.gov.co\/web\/wp-json\/wp\/v2\/posts"}],"about":[{"href":"https:\/\/chia-cundinamarca.gov.co\/web\/wp-json\/wp\/v2\/types\/post"}],"author":[{"embeddable":true,"href":"https:\/\/chia-cundinamarca.gov.co\/web\/wp-json\/wp\/v2\/users\/1"}],"replies":[{"embeddable":true,"href":"https:\/\/chia-cundinamarca.gov.co\/web\/wp-json\/wp\/v2\/comments?post=30031"}],"version-history":[{"count":7,"href":"https:\/\/chia-cundinamarca.gov.co\/web\/wp-json\/wp\/v2\/posts\/30031\/revisions"}],"predecessor-version":[{"id":30041,"href":"https:\/\/chia-cundinamarca.gov.co\/web\/wp-json\/wp\/v2\/posts\/30031\/revisions\/30041"}],"wp:featuredmedia":[{"embeddable":true,"href":"https:\/\/chia-cundinamarca.gov.co\/web\/wp-json\/wp\/v2\/media\/30038"}],"wp:attachment":[{"href":"https:\/\/chia-cundinamarca.gov.co\/web\/wp-json\/wp\/v2\/media?parent=30031"}],"wp:term":[{"taxonomy":"category","embeddable":true,"href":"https:\/\/chia-cundinamarca.gov.co\/web\/wp-json\/wp\/v2\/categories?post=30031"},{"taxonomy":"post_tag","embeddable":true,"href":"https:\/\/chia-cundinamarca.gov.co\/web\/wp-json\/wp\/v2\/tags?post=30031"}],"curies":[{"name":"wp","href":"https:\/\/api.w.org\/{rel}","templated":true}]}}