{"id":30242,"date":"2025-09-15T14:27:29","date_gmt":"2025-09-15T19:27:29","guid":{"rendered":"https:\/\/chia-cundinamarca.gov.co\/web\/?p=30242"},"modified":"2025-09-15T14:30:52","modified_gmt":"2025-09-15T19:30:52","slug":"chia-vivio-una-semana-llena-de-arte-y-talento-con-el-festival-de-arte-estudiantil","status":"publish","type":"post","link":"https:\/\/chia-cundinamarca.gov.co\/web\/2025\/09\/chia-vivio-una-semana-llena-de-arte-y-talento-con-el-festival-de-arte-estudiantil\/","title":{"rendered":"Ch\u00eda vivi\u00f3 una semana llena de arte y talento con el Festival de Arte Estudiantil"},"content":{"rendered":"\t\t<div data-elementor-type=\"wp-post\" data-elementor-id=\"30242\" class=\"elementor elementor-30242\" data-elementor-post-type=\"post\">\n\t\t\t\t<div class=\"elementor-element elementor-element-574972ca e-flex e-con-boxed e-con e-parent\" data-id=\"574972ca\" data-element_type=\"container\" data-e-type=\"container\">\n\t\t\t\t\t<div class=\"e-con-inner\">\n\t\t\t\t<div class=\"elementor-element elementor-element-b6d9cb1 elementor-widget elementor-widget-heading\" data-id=\"b6d9cb1\" data-element_type=\"widget\" data-e-type=\"widget\" data-widget_type=\"heading.default\">\n\t\t\t\t\t<h2 class=\"elementor-heading-title elementor-size-default\">Ch\u00eda vivi\u00f3 una semana llena de arte y talento con el Festival de Arte Estudiantil<\/h2>\t\t\t\t<\/div>\n\t\t\t\t<div class=\"elementor-element elementor-element-0afa007 elementor-widget elementor-widget-image\" data-id=\"0afa007\" data-element_type=\"widget\" data-e-type=\"widget\" data-widget_type=\"image.default\">\n\t\t\t\t\t\t\t\t\t\t\t\t\t\t\t<img fetchpriority=\"high\" decoding=\"async\" width=\"768\" height=\"548\" src=\"https:\/\/chia-cundinamarca.gov.co\/web\/wp-content\/uploads\/2025\/09\/arte-estudiantil-768x548.png\" class=\"attachment-medium_large size-medium_large wp-image-30243\" alt=\"Ch\u00eda vivi\u00f3 una semana llena de arte y talento con el Festival de Arte Estudiantil\" srcset=\"https:\/\/chia-cundinamarca.gov.co\/web\/wp-content\/uploads\/2025\/09\/arte-estudiantil-768x548.png 768w, https:\/\/chia-cundinamarca.gov.co\/web\/wp-content\/uploads\/2025\/09\/arte-estudiantil-300x214.png 300w, https:\/\/chia-cundinamarca.gov.co\/web\/wp-content\/uploads\/2025\/09\/arte-estudiantil-1024x731.png 1024w, https:\/\/chia-cundinamarca.gov.co\/web\/wp-content\/uploads\/2025\/09\/arte-estudiantil-1536x1097.png 1536w, https:\/\/chia-cundinamarca.gov.co\/web\/wp-content\/uploads\/2025\/09\/arte-estudiantil.png 1748w\" sizes=\"(max-width: 768px) 100vw, 768px\" \/>\t\t\t\t\t\t\t\t\t\t\t\t\t\t\t<\/div>\n\t\t\t\t<div class=\"elementor-element elementor-element-15488ab elementor-widget elementor-widget-text-editor\" data-id=\"15488ab\" data-element_type=\"widget\" data-e-type=\"widget\" data-widget_type=\"text-editor.default\">\n\t\t\t\t\t\t\t\t\t\n<p>Del 8 al 12 de septiembre, Ch\u00eda se visti\u00f3 de cultura y creatividad con la realizaci\u00f3n del&nbsp;<strong>Festival de Arte Estudiantil<\/strong>, un evento que durante cinco d\u00edas reuni\u00f3 a cientos de estudiantes, docentes y familias alrededor de la&nbsp;<strong>m\u00fasica, el teatro, la danza, la pintura y otras expresiones art\u00edsticas.<\/strong><\/p>\n\n\n\n<p>El escenario del Zea Mays fue el epicentro de las actividades, acogiendo a participantes de las 12 Instituciones Educativas Oficiales del municipio, as\u00ed como a invitados especiales de Tenjo y de colegios privados de Ch\u00eda. Ni\u00f1os, j\u00f3venes y adultos compartieron escenario mostrando sus talentos en una celebraci\u00f3n que ya es tradici\u00f3n en el municipio y que se ha consolidado por m\u00e1s de 18 a\u00f1os de historia.<\/p>\n\n\n\n<p>El festival culmin\u00f3 con una espectacular muestra de 32 grupos de danza en el&nbsp;<strong>Coliseo de la Luna<\/strong>, donde grandes y chicos disfrutaron de presentaciones llenas de ritmo, color y pasi\u00f3n, cerrando con broche de oro una semana dedicada al&nbsp;<strong>arte y la cultura<\/strong>.<\/p>\n\t\t\t\t\t\t\t\t<\/div>\n\t\t\t\t\t<\/div>\n\t\t\t\t<\/div>\n\t\t\t\t<\/div>\n\t\t","protected":false},"excerpt":{"rendered":"<p>Ch\u00eda vivi\u00f3 una semana llena de arte y talento con el Festival de Arte Estudiantil Del 8 al 12 de septiembre, Ch\u00eda se visti\u00f3 de cultura y creatividad con la realizaci\u00f3n del&nbsp;Festival de Arte Estudiantil, un evento que durante cinco d\u00edas reuni\u00f3 a cientos de estudiantes, docentes y familias alrededor de la&nbsp;m\u00fasica, el teatro, la [&hellip;]<\/p>\n","protected":false},"author":1,"featured_media":30243,"comment_status":"closed","ping_status":"closed","sticky":false,"template":"","format":"standard","meta":{"footnotes":""},"categories":[1190,1],"tags":[],"class_list":["post-30242","post","type-post","status-publish","format-standard","has-post-thumbnail","hentry","category-noticias-2025","category-sin-categoria"],"_links":{"self":[{"href":"https:\/\/chia-cundinamarca.gov.co\/web\/wp-json\/wp\/v2\/posts\/30242","targetHints":{"allow":["GET"]}}],"collection":[{"href":"https:\/\/chia-cundinamarca.gov.co\/web\/wp-json\/wp\/v2\/posts"}],"about":[{"href":"https:\/\/chia-cundinamarca.gov.co\/web\/wp-json\/wp\/v2\/types\/post"}],"author":[{"embeddable":true,"href":"https:\/\/chia-cundinamarca.gov.co\/web\/wp-json\/wp\/v2\/users\/1"}],"replies":[{"embeddable":true,"href":"https:\/\/chia-cundinamarca.gov.co\/web\/wp-json\/wp\/v2\/comments?post=30242"}],"version-history":[{"count":4,"href":"https:\/\/chia-cundinamarca.gov.co\/web\/wp-json\/wp\/v2\/posts\/30242\/revisions"}],"predecessor-version":[{"id":30247,"href":"https:\/\/chia-cundinamarca.gov.co\/web\/wp-json\/wp\/v2\/posts\/30242\/revisions\/30247"}],"wp:featuredmedia":[{"embeddable":true,"href":"https:\/\/chia-cundinamarca.gov.co\/web\/wp-json\/wp\/v2\/media\/30243"}],"wp:attachment":[{"href":"https:\/\/chia-cundinamarca.gov.co\/web\/wp-json\/wp\/v2\/media?parent=30242"}],"wp:term":[{"taxonomy":"category","embeddable":true,"href":"https:\/\/chia-cundinamarca.gov.co\/web\/wp-json\/wp\/v2\/categories?post=30242"},{"taxonomy":"post_tag","embeddable":true,"href":"https:\/\/chia-cundinamarca.gov.co\/web\/wp-json\/wp\/v2\/tags?post=30242"}],"curies":[{"name":"wp","href":"https:\/\/api.w.org\/{rel}","templated":true}]}}