{"id":30358,"date":"2025-09-23T06:59:15","date_gmt":"2025-09-23T11:59:15","guid":{"rendered":"https:\/\/chia-cundinamarca.gov.co\/web\/?p=30358"},"modified":"2025-09-30T11:47:26","modified_gmt":"2025-09-30T16:47:26","slug":"al-gobierno-nacional-le-quedo-grande-el-desarrollo-del-pais-donoso-sobre-paralizacion-de-troncal-de-los-andes","status":"publish","type":"post","link":"https:\/\/chia-cundinamarca.gov.co\/web\/2025\/09\/al-gobierno-nacional-le-quedo-grande-el-desarrollo-del-pais-donoso-sobre-paralizacion-de-troncal-de-los-andes\/","title":{"rendered":"\u201cAl Gob. Nacional le qued\u00f3 grande el desarrollo del pa\u00eds\u201d: Donoso"},"content":{"rendered":"\t\t<div data-elementor-type=\"wp-post\" data-elementor-id=\"30358\" class=\"elementor elementor-30358\" data-elementor-post-type=\"post\">\n\t\t\t\t<div class=\"elementor-element elementor-element-10ea017c e-flex e-con-boxed e-con e-parent\" data-id=\"10ea017c\" data-element_type=\"container\" data-e-type=\"container\">\n\t\t\t\t\t<div class=\"e-con-inner\">\n\t\t\t\t<div class=\"elementor-element elementor-element-6bd2ad9 elementor-widget elementor-widget-heading\" data-id=\"6bd2ad9\" data-element_type=\"widget\" data-e-type=\"widget\" data-widget_type=\"heading.default\">\n\t\t\t\t\t<h2 class=\"elementor-heading-title elementor-size-default\">\u201cAl Gobierno Nacional le qued\u00f3 grande el desarrollo del pa\u00eds\u201d: Donoso sobre paralizaci\u00f3n de Troncal de Los Andes<\/h2>\t\t\t\t<\/div>\n\t\t\t\t<div class=\"elementor-element elementor-element-c9941ae elementor-widget elementor-widget-image\" data-id=\"c9941ae\" data-element_type=\"widget\" data-e-type=\"widget\" data-widget_type=\"image.default\">\n\t\t\t\t\t\t\t\t\t\t\t\t\t\t\t<img fetchpriority=\"high\" decoding=\"async\" width=\"768\" height=\"422\" src=\"https:\/\/chia-cundinamarca.gov.co\/web\/wp-content\/uploads\/2025\/09\/GREMIO-Y-LEONARDO-DONOSO-1-768x422.png\" class=\"attachment-medium_large size-medium_large wp-image-30350\" alt=\"\u201cAl Gobierno Nacional le qued\u00f3 grande el desarrollo del pa\u00eds\u201d: Alcalde de Ch\u00eda frente a la paralizaci\u00f3n de la Troncal de Los Andes\" srcset=\"https:\/\/chia-cundinamarca.gov.co\/web\/wp-content\/uploads\/2025\/09\/GREMIO-Y-LEONARDO-DONOSO-1-768x422.png 768w, https:\/\/chia-cundinamarca.gov.co\/web\/wp-content\/uploads\/2025\/09\/GREMIO-Y-LEONARDO-DONOSO-1-300x165.png 300w, https:\/\/chia-cundinamarca.gov.co\/web\/wp-content\/uploads\/2025\/09\/GREMIO-Y-LEONARDO-DONOSO-1-1024x562.png 1024w, https:\/\/chia-cundinamarca.gov.co\/web\/wp-content\/uploads\/2025\/09\/GREMIO-Y-LEONARDO-DONOSO-1-1536x843.png 1536w, https:\/\/chia-cundinamarca.gov.co\/web\/wp-content\/uploads\/2025\/09\/GREMIO-Y-LEONARDO-DONOSO-1-2048x1124.png 2048w\" sizes=\"(max-width: 768px) 100vw, 768px\" \/>\t\t\t\t\t\t\t\t\t\t\t\t\t\t\t<\/div>\n\t\t\t\t<div class=\"elementor-element elementor-element-1dfefc2e elementor-widget elementor-widget-text-editor\" data-id=\"1dfefc2e\" data-element_type=\"widget\" data-e-type=\"widget\" data-widget_type=\"text-editor.default\">\n\t\t\t\t\t\t\t\t\t\n<p>En una mesa de trabajo realizada en el Ministerio del Interior para analizar las consecuencias de la restricci\u00f3n vehicular en Ch\u00eda, el alcalde Leonardo Donoso reiter\u00f3 que la soluci\u00f3n de fondo no depende ni de los transportadores ni de la administraci\u00f3n municipal, sino del Gobierno Nacional y de la Autoridad Nacional de Licencias Ambientales (ANLA).<\/p>\n\n<p>\u201cUstedes est\u00e1n defendiendo sus intereses y es leg\u00edtimo. Yo estoy defendiendo los de mi comunidad. Pero seamos claros: la \u00fanica salida real es que el Gobierno tramite y autorice la modificaci\u00f3n de la licencia ambiental de la Unidad Funcional 3 de la Troncal de Los Andes\u201d, asegur\u00f3 el mandatario.<\/p>\n\n<p>As\u00ed mismo el alcalde explic\u00f3 que el proyecto de la Troncal de Los Andes completa m\u00e1s de siete a\u00f1os de retrasos, en buena parte por acciones jur\u00eddicas impulsadas por el se\u00f1or Mauricio Mustaf\u00e1, quien \u2013seg\u00fan el mandatario\u2013 interpuso demandas ambientales y rompi\u00f3 un jarill\u00f3n durante la pandemia, argumentando la existencia de un humedal donde ya hab\u00eda licencia para construir canchas de polo. Esa acci\u00f3n deriv\u00f3 en una medida cautelar que paraliz\u00f3 la obra y abri\u00f3 un largo litigio.<\/p>\n\n<p>Cuando parec\u00eda avanzarse con la audiencia p\u00fablica de modificaci\u00f3n. De licencias, esta fue suspendida supuestamente tras las denuncias presentadas por el Secretario de Transparencia Andr\u00e9s Id\u00e1rraga. \u201cEste no es un tema de recursos, es un tema de voluntad pol\u00edtica y celeridad administrativa. Mientras tanto, los transportadores y ciudadanos pierden m\u00e1s de una hora en la Avenida Pradilla, una v\u00eda de apenas 830 metros, que une a dos concesiones viales\u201d. Eso no es calidad de vida para nadie\u201d, enfatiz\u00f3 el alcalde.<\/p>\n\n<p>Mientras el alcalde avanzaba, la reuni\u00f3n se vio marcada por el irrespeto de algunos representantes del gremio transportador lo que llev\u00f3 al mandatario a levantarse de la mesa. \u201cNo necesitamos confrontaciones, necesitamos unidad para exigir soluciones reales del Gobierno Nacional. Ch\u00eda no puede quedar ahogada de por vida\u201d, recalc\u00f3 el mandatario y abandon\u00f3 el recinto.<\/p>\n\n<p>El mandatario insisti\u00f3 en que existen precedentes de modificaciones de trazado y construcci\u00f3n de viaductos en otras regiones del pa\u00eds, por lo que no hay raz\u00f3n t\u00e9cnica para negar un ajuste de apenas 150 metros en la licencia de Accesnorte.<\/p>\n\n<p>Cabe anotar que estas mismas declaraciones fueron expresadas hoy por el alcalde Leonardo Donoso Ruiz, en la Mesa de l\u00edderes: Encontr\u00e9monos en Bogot\u00e1 y Cundinamarca\u201d organizada por del Canal RCN y el Diario La Rep\u00fablica, donde en medio de algunos gremios econ\u00f3micos ratific\u00f3 lo dicho en la mesa con los transportadores.<\/p>\n\n<blockquote class=\"instagram-media\" style=\"background: #FFF; border: 0; border-radius: 3px; box-shadow: 0 0 1px 0 rgba(0,0,0,0.5),0 1px 10px 0 rgba(0,0,0,0.15); margin: 1px; max-width: 540px; min-width: 326px; padding: 0; width: calc(100% - 2px);\" data-instgrm-captioned=\"\" data-instgrm-permalink=\"https:\/\/www.instagram.com\/reel\/DO6ufUzCaCb\/?utm_source=ig_embed&amp;utm_campaign=loading\" data-instgrm-version=\"14\">\n<div style=\"padding: 16px;\">\n<div style=\"display: flex; flex-direction: row; align-items: center;\">\n<div style=\"background-color: #f4f4f4; border-radius: 50%; flex-grow: 0; height: 40px; margin-right: 14px; width: 40px;\">\u00a0<\/div>\n<div style=\"display: flex; flex-direction: column; flex-grow: 1; justify-content: center;\">\n<div style=\"background-color: #f4f4f4; border-radius: 4px; flex-grow: 0; height: 14px; margin-bottom: 6px; width: 100px;\">\u00a0<\/div>\n<div style=\"background-color: #f4f4f4; border-radius: 4px; flex-grow: 0; height: 14px; width: 60px;\">\u00a0<\/div>\n<\/div>\n<\/div>\n<div style=\"padding: 19% 0;\">\u00a0<\/div>\n<div style=\"display: block; height: 50px; margin: 0 auto 12px; width: 50px;\">\u00a0<\/div>\n<div style=\"padding-top: 8px;\">\n<div style=\"color: #3897f0; font-family: Arial,sans-serif; font-size: 14px; font-style: normal; font-weight: 550; line-height: 18px;\">Ver esta publicaci\u00f3n en Instagram<\/div>\n<\/div>\n<div style=\"padding: 12.5% 0;\">\u00a0<\/div>\n<div style=\"display: flex; flex-direction: row; margin-bottom: 14px; align-items: center;\">\n<div>\n<div style=\"background-color: #f4f4f4; border-radius: 50%; height: 12.5px; width: 12.5px; transform: translateX(0px) translateY(7px);\">\u00a0<\/div>\n<div style=\"background-color: #f4f4f4; height: 12.5px; transform: rotate(-45deg) translateX(3px) translateY(1px); width: 12.5px; flex-grow: 0; margin-right: 14px; margin-left: 2px;\">\u00a0<\/div>\n<div style=\"background-color: #f4f4f4; border-radius: 50%; height: 12.5px; width: 12.5px; transform: translateX(9px) translateY(-18px);\">\u00a0<\/div>\n<\/div>\n<div style=\"margin-left: 8px;\">\n<div style=\"background-color: #f4f4f4; border-radius: 50%; flex-grow: 0; height: 20px; width: 20px;\">\u00a0<\/div>\n<div style=\"width: 0; height: 0; border-top: 2px solid transparent; border-left: 6px solid #f4f4f4; border-bottom: 2px solid transparent; transform: translateX(16px) translateY(-4px) rotate(30deg);\">\u00a0<\/div>\n<\/div>\n<div style=\"margin-left: auto;\">\n<div style=\"width: 0px; border-top: 8px solid #F4F4F4; border-right: 8px solid transparent; transform: translateY(16px);\">\u00a0<\/div>\n<div style=\"background-color: #f4f4f4; flex-grow: 0; height: 12px; width: 16px; transform: translateY(-4px);\">\u00a0<\/div>\n<div style=\"width: 0; height: 0; border-top: 8px solid #F4F4F4; border-left: 8px solid transparent; transform: translateY(-4px) translateX(8px);\">\u00a0<\/div>\n<\/div>\n<\/div>\n<div style=\"display: flex; flex-direction: column; flex-grow: 1; justify-content: center; margin-bottom: 24px;\">\n<div style=\"background-color: #f4f4f4; border-radius: 4px; flex-grow: 0; height: 14px; margin-bottom: 6px; width: 224px;\">\u00a0<\/div>\n<div style=\"background-color: #f4f4f4; border-radius: 4px; flex-grow: 0; height: 14px; width: 144px;\">\u00a0<\/div>\n<\/div>\n<p style=\"color: #c9c8cd; font-family: Arial,sans-serif; font-size: 14px; line-height: 17px; margin-bottom: 0; margin-top: 8px; overflow: hidden; padding: 8px 0 7px; text-align: center; text-overflow: ellipsis; white-space: nowrap;\"><a style=\"color: #c9c8cd; font-family: Arial,sans-serif; font-size: 14px; font-style: normal; font-weight: normal; line-height: 17px; text-decoration: none;\" href=\"https:\/\/www.instagram.com\/reel\/DO6ufUzCaCb\/?utm_source=ig_embed&amp;utm_campaign=loading\" target=\"_blank\" rel=\"noopener\">Una publicaci\u00f3n compartida por Alcald\u00eda de Ch\u00eda (@alcaldiachia)<\/a><\/p>\n<\/div>\n<\/blockquote>\n<p><script async src=\"\/\/www.instagram.com\/embed.js\"><\/script><\/p>\t\t\t\t\t\t\t\t<\/div>\n\t\t\t\t\t<\/div>\n\t\t\t\t<\/div>\n\t\t\t\t<\/div>\n\t\t","protected":false},"excerpt":{"rendered":"<p>\u201cAl Gobierno Nacional le qued\u00f3 grande el desarrollo del pa\u00eds\u201d: Donoso sobre paralizaci\u00f3n de Troncal de Los Andes En una mesa de trabajo realizada en el Ministerio del Interior para analizar las consecuencias de la restricci\u00f3n vehicular en Ch\u00eda, el alcalde Leonardo Donoso reiter\u00f3 que la soluci\u00f3n de fondo no depende ni de los transportadores [&hellip;]<\/p>\n","protected":false},"author":1,"featured_media":30350,"comment_status":"closed","ping_status":"closed","sticky":false,"template":"","format":"standard","meta":{"footnotes":""},"categories":[1190],"tags":[1304,237,223,184],"class_list":["post-30358","post","type-post","status-publish","format-standard","has-post-thumbnail","hentry","category-noticias-2025","tag-anla","tag-donoso","tag-mauricio-mustafa","tag-troncal-de-los-andes"],"_links":{"self":[{"href":"https:\/\/chia-cundinamarca.gov.co\/web\/wp-json\/wp\/v2\/posts\/30358","targetHints":{"allow":["GET"]}}],"collection":[{"href":"https:\/\/chia-cundinamarca.gov.co\/web\/wp-json\/wp\/v2\/posts"}],"about":[{"href":"https:\/\/chia-cundinamarca.gov.co\/web\/wp-json\/wp\/v2\/types\/post"}],"author":[{"embeddable":true,"href":"https:\/\/chia-cundinamarca.gov.co\/web\/wp-json\/wp\/v2\/users\/1"}],"replies":[{"embeddable":true,"href":"https:\/\/chia-cundinamarca.gov.co\/web\/wp-json\/wp\/v2\/comments?post=30358"}],"version-history":[{"count":9,"href":"https:\/\/chia-cundinamarca.gov.co\/web\/wp-json\/wp\/v2\/posts\/30358\/revisions"}],"predecessor-version":[{"id":30571,"href":"https:\/\/chia-cundinamarca.gov.co\/web\/wp-json\/wp\/v2\/posts\/30358\/revisions\/30571"}],"wp:featuredmedia":[{"embeddable":true,"href":"https:\/\/chia-cundinamarca.gov.co\/web\/wp-json\/wp\/v2\/media\/30350"}],"wp:attachment":[{"href":"https:\/\/chia-cundinamarca.gov.co\/web\/wp-json\/wp\/v2\/media?parent=30358"}],"wp:term":[{"taxonomy":"category","embeddable":true,"href":"https:\/\/chia-cundinamarca.gov.co\/web\/wp-json\/wp\/v2\/categories?post=30358"},{"taxonomy":"post_tag","embeddable":true,"href":"https:\/\/chia-cundinamarca.gov.co\/web\/wp-json\/wp\/v2\/tags?post=30358"}],"curies":[{"name":"wp","href":"https:\/\/api.w.org\/{rel}","templated":true}]}}