{"id":30380,"date":"2025-09-23T09:12:40","date_gmt":"2025-09-23T14:12:40","guid":{"rendered":"https:\/\/chia-cundinamarca.gov.co\/web\/?p=30380"},"modified":"2025-09-23T09:15:55","modified_gmt":"2025-09-23T14:15:55","slug":"al-gobierno-le-quedo-grande-el-desarrollo-del-pais-alcalde-de-chia-por-troncal-de-los-andes-w-radio","status":"publish","type":"post","link":"https:\/\/chia-cundinamarca.gov.co\/web\/2025\/09\/al-gobierno-le-quedo-grande-el-desarrollo-del-pais-alcalde-de-chia-por-troncal-de-los-andes-w-radio\/","title":{"rendered":"\u201cAl Gobierno le qued\u00f3 grande el desarrollo del pa\u00eds\u201d: alcalde de Ch\u00eda por Troncal de Los Andes (W Radio)"},"content":{"rendered":"\t\t<div data-elementor-type=\"wp-post\" data-elementor-id=\"30380\" class=\"elementor elementor-30380\" data-elementor-post-type=\"post\">\n\t\t\t\t<div class=\"elementor-element elementor-element-bdc7541 e-flex e-con-boxed e-con e-parent\" data-id=\"bdc7541\" data-element_type=\"container\" data-e-type=\"container\">\n\t\t\t\t\t<div class=\"e-con-inner\">\n\t\t\t\t<div class=\"elementor-element elementor-element-9a3f16d elementor-widget elementor-widget-heading\" data-id=\"9a3f16d\" data-element_type=\"widget\" data-e-type=\"widget\" data-widget_type=\"heading.default\">\n\t\t\t\t\t<h2 class=\"elementor-heading-title elementor-size-default\">\u201cAl Gobierno le qued\u00f3 grande el desarrollo del pa\u00eds\u201d: alcalde de Ch\u00eda por Troncal de Los Andes<\/h2>\t\t\t\t<\/div>\n\t\t\t\t<div class=\"elementor-element elementor-element-e47c747 elementor-widget elementor-widget-image\" data-id=\"e47c747\" data-element_type=\"widget\" data-e-type=\"widget\" data-widget_type=\"image.default\">\n\t\t\t\t\t\t\t\t\t\t\t\t\t\t\t<img fetchpriority=\"high\" decoding=\"async\" width=\"650\" height=\"488\" src=\"https:\/\/chia-cundinamarca.gov.co\/web\/wp-content\/uploads\/2025\/09\/IPU74EB26VBF7FW2K5D34QMXME.avif\" class=\"attachment-large size-large wp-image-30382\" alt=\"\" srcset=\"https:\/\/chia-cundinamarca.gov.co\/web\/wp-content\/uploads\/2025\/09\/IPU74EB26VBF7FW2K5D34QMXME.avif 650w, https:\/\/chia-cundinamarca.gov.co\/web\/wp-content\/uploads\/2025\/09\/IPU74EB26VBF7FW2K5D34QMXME-300x225.avif 300w\" sizes=\"(max-width: 650px) 100vw, 650px\" \/>\t\t\t\t\t\t\t\t\t\t\t\t\t\t\t<\/div>\n\t\t\t\t<div class=\"elementor-element elementor-element-50c4aca elementor-widget elementor-widget-text-editor\" data-id=\"50c4aca\" data-element_type=\"widget\" data-e-type=\"widget\" data-widget_type=\"text-editor.default\">\n\t\t\t\t\t\t\t\t\t<p>Tras una reuni\u00f3n de trabajo en el Ministerio del Interior para analizar las consecuencias de la restricci\u00f3n vehicular en Ch\u00eda, el alcalde Leonardo Donoso reiter\u00f3 que\u00a0<b>la soluci\u00f3n de fondo no depende ni de los transportadores ni de la administraci\u00f3n municipal, sino del Gobierno y de la\u00a0<\/b><b>Autoridad Nacional de Licencias Ambientales<\/b><b>,<\/b>\u00a0que no ha permitido tener el aval para la construcci\u00f3n de la Troncal de Los Andes.<\/p><p><i>\u201cUstedes est\u00e1n defendiendo sus intereses y es leg\u00edtimo. Yo estoy defendiendo los de mi comunidad. Pero seamos claros: la \u00fanica salida real es que el Gobierno tramite y autorice la modificaci\u00f3n de la licencia ambiental de la Unidad Funcional 3 de la Troncal de Los Andes\u201d<\/i>, dijo el mandatario.<\/p><p><a href=\"https:\/\/www.wradio.com.co\/2025\/09\/22\/al-gobierno-le-quedo-grande-el-desarrollo-del-pais-alcalde-de-chia-por-troncal-de-los-andes\/\" target=\"_blank\" rel=\"noopener\">Ver M\u00e1s<\/a><\/p>\t\t\t\t\t\t\t\t<\/div>\n\t\t\t\t\t<\/div>\n\t\t\t\t<\/div>\n\t\t\t\t<\/div>\n\t\t","protected":false},"excerpt":{"rendered":"<p>\u201cAl Gobierno le qued\u00f3 grande el desarrollo del pa\u00eds\u201d: alcalde de Ch\u00eda por Troncal de Los Andes Tras una reuni\u00f3n de trabajo en el Ministerio del Interior para analizar las consecuencias de la restricci\u00f3n vehicular en Ch\u00eda, el alcalde Leonardo Donoso reiter\u00f3 que\u00a0la soluci\u00f3n de fondo no depende ni de los transportadores ni de la [&hellip;]<\/p>\n","protected":false},"author":1,"featured_media":30382,"comment_status":"closed","ping_status":"closed","sticky":false,"template":"","format":"standard","meta":{"footnotes":""},"categories":[31],"tags":[],"class_list":["post-30380","post","type-post","status-publish","format-standard","has-post-thumbnail","hentry","category-asi-nos-ven-los-medios"],"_links":{"self":[{"href":"https:\/\/chia-cundinamarca.gov.co\/web\/wp-json\/wp\/v2\/posts\/30380","targetHints":{"allow":["GET"]}}],"collection":[{"href":"https:\/\/chia-cundinamarca.gov.co\/web\/wp-json\/wp\/v2\/posts"}],"about":[{"href":"https:\/\/chia-cundinamarca.gov.co\/web\/wp-json\/wp\/v2\/types\/post"}],"author":[{"embeddable":true,"href":"https:\/\/chia-cundinamarca.gov.co\/web\/wp-json\/wp\/v2\/users\/1"}],"replies":[{"embeddable":true,"href":"https:\/\/chia-cundinamarca.gov.co\/web\/wp-json\/wp\/v2\/comments?post=30380"}],"version-history":[{"count":4,"href":"https:\/\/chia-cundinamarca.gov.co\/web\/wp-json\/wp\/v2\/posts\/30380\/revisions"}],"predecessor-version":[{"id":30386,"href":"https:\/\/chia-cundinamarca.gov.co\/web\/wp-json\/wp\/v2\/posts\/30380\/revisions\/30386"}],"wp:featuredmedia":[{"embeddable":true,"href":"https:\/\/chia-cundinamarca.gov.co\/web\/wp-json\/wp\/v2\/media\/30382"}],"wp:attachment":[{"href":"https:\/\/chia-cundinamarca.gov.co\/web\/wp-json\/wp\/v2\/media?parent=30380"}],"wp:term":[{"taxonomy":"category","embeddable":true,"href":"https:\/\/chia-cundinamarca.gov.co\/web\/wp-json\/wp\/v2\/categories?post=30380"},{"taxonomy":"post_tag","embeddable":true,"href":"https:\/\/chia-cundinamarca.gov.co\/web\/wp-json\/wp\/v2\/tags?post=30380"}],"curies":[{"name":"wp","href":"https:\/\/api.w.org\/{rel}","templated":true}]}}