{"id":30409,"date":"2025-09-24T10:44:43","date_gmt":"2025-09-24T15:44:43","guid":{"rendered":"https:\/\/chia-cundinamarca.gov.co\/web\/?p=30409"},"modified":"2025-09-30T11:43:59","modified_gmt":"2025-09-30T16:43:59","slug":"alcalde-de-chia-plantea-retos-en-infraestructura-y-destaca-reduccion-de-la-siniestralidad-en-chia-durante-el-foro-internacional-de-movilidad","status":"publish","type":"post","link":"https:\/\/chia-cundinamarca.gov.co\/web\/2025\/09\/alcalde-de-chia-plantea-retos-en-infraestructura-y-destaca-reduccion-de-la-siniestralidad-en-chia-durante-el-foro-internacional-de-movilidad\/","title":{"rendered":"Alcalde plantea retos en infraestructura y destaca reducci\u00f3n de la siniestralidad vial"},"content":{"rendered":"\t\t<div data-elementor-type=\"wp-post\" data-elementor-id=\"30409\" class=\"elementor elementor-30409\" data-elementor-post-type=\"post\">\n\t\t\t\t<div class=\"elementor-element elementor-element-245fb5e0 e-flex e-con-boxed e-con e-parent\" data-id=\"245fb5e0\" data-element_type=\"container\" data-e-type=\"container\">\n\t\t\t\t\t<div class=\"e-con-inner\">\n\t\t\t\t<div class=\"elementor-element elementor-element-b649080 elementor-widget elementor-widget-heading\" data-id=\"b649080\" data-element_type=\"widget\" data-e-type=\"widget\" data-widget_type=\"heading.default\">\n\t\t\t\t\t<h2 class=\"elementor-heading-title elementor-size-default\">Alcalde de Ch\u00eda plantea retos en infraestructura y destaca reducci\u00f3n de la siniestralidad en Ch\u00eda durante el foro internacional de movilidad<\/h2>\t\t\t\t<\/div>\n\t\t\t\t<div class=\"elementor-element elementor-element-b531802 elementor-widget elementor-widget-image\" data-id=\"b531802\" data-element_type=\"widget\" data-e-type=\"widget\" data-widget_type=\"image.default\">\n\t\t\t\t\t\t\t\t\t\t\t\t\t\t\t<img fetchpriority=\"high\" decoding=\"async\" width=\"768\" height=\"432\" src=\"https:\/\/chia-cundinamarca.gov.co\/web\/wp-content\/uploads\/2025\/09\/FORO-DE-MOVILIDAD-768x432.jpeg\" class=\"attachment-medium_large size-medium_large wp-image-30410\" alt=\"FORO DE MOVILIDAD\" srcset=\"https:\/\/chia-cundinamarca.gov.co\/web\/wp-content\/uploads\/2025\/09\/FORO-DE-MOVILIDAD-768x432.jpeg 768w, https:\/\/chia-cundinamarca.gov.co\/web\/wp-content\/uploads\/2025\/09\/FORO-DE-MOVILIDAD-300x169.jpeg 300w, https:\/\/chia-cundinamarca.gov.co\/web\/wp-content\/uploads\/2025\/09\/FORO-DE-MOVILIDAD-1024x576.jpeg 1024w, https:\/\/chia-cundinamarca.gov.co\/web\/wp-content\/uploads\/2025\/09\/FORO-DE-MOVILIDAD.jpeg 1280w\" sizes=\"(max-width: 768px) 100vw, 768px\" \/>\t\t\t\t\t\t\t\t\t\t\t\t\t\t\t<\/div>\n\t\t\t\t<div class=\"elementor-element elementor-element-7612dc4b elementor-widget elementor-widget-text-editor\" data-id=\"7612dc4b\" data-element_type=\"widget\" data-e-type=\"widget\" data-widget_type=\"text-editor.default\">\n\t\t\t\t\t\t\t\t\t\n<p>En medio de la instalaci\u00f3n del Foro de Movilidad organizado por la Alcald\u00eda de Ch\u00eda, en la Universidad de La Sabana, el alcalde Leonardo Donoso destac\u00f3 los logros alcanzados por la Secretar\u00eda de Movilidad en materia de seguridad vial.<\/p>\n\n<p>Seg\u00fan explic\u00f3 el mandatario, en lo corrido de su administraci\u00f3n no se ha registrado un solo siniestro con p\u00e9rdidas humanas en las v\u00edas municipales, un avance que corresponde a las estrategias de prevenci\u00f3n y control implementadas en el municipio, hecho por el cual recibi\u00f3 el Premio a la Excelencia por parte de la Federaci\u00f3n Colombiana de Municipios en el Decimotercer Congreso Nacional de Autoridades Territoriales de Tr\u00e1nsito, Transporte y Movilidad en Valledupar.<\/p>\n\n<p>No obstante, el alcalde advirti\u00f3 que el gran desaf\u00edo sigue estando en la infraestructura y la planeaci\u00f3n regional. \u201cHoy lo que estamos reclamando es desentra\u00f1ar el tema del licenciamiento de la Troncal de Los Andes para que Ch\u00eda pueda contar con una nueva v\u00eda\u201d.<\/p>\n\n<p>Para Donoso desentrabar la Troncal no es la \u00fanica soluci\u00f3n, es por esa raz\u00f3n que anunci\u00f3 que en los pr\u00f3ximos d\u00edas pasar\u00e1 al Concejo Municipal un proyecto para la aprobaci\u00f3n de 250 mil millones para la estructuraci\u00f3n financiera destinada a la ampliaci\u00f3n de la Avenida Pradilla y la adecuaci\u00f3n de otras v\u00edas como de la carrera 2da Este desde la calle 24 hasta la Avenida Pradilla, la adecuaci\u00f3n de la calle 23, la carrera 5ta, la calle 37 y la construcci\u00f3n de tres puentes gemelos en Guanat\u00e1, T\u00edquiza, y Puente Versalles y nuevos rangos de giro en los anillos veredales.<\/p>\n\n<p>\u201cEl crecimiento en Sabana Centro ha cambiado y la din\u00e1mica del transporte de pasajeros en la regi\u00f3n tambi\u00e9n, por eso debemos sentarnos con urgencia con la Gobernaci\u00f3n de Cundinamarca y los municipios de Sabana Centro para evaluar el impacto de la llegada del Regiotram y la ampliaci\u00f3n de TransMilenio\u201d, agreg\u00f3.<\/p>\n\n<p>El mandatario cuestion\u00f3 que, pese a las necesidades de movilidad de la Sabana de Bogot\u00e1, proyectos viales en Ch\u00eda no hayan recibido a\u00fan la licencia ambiental. \u201cEs curioso que a nuestra regi\u00f3n se le niegue la posibilidad de desarrollo cuando hay ciudades que han tenido proyectos con mayor impacto ambiental y hoy cuentan con licencias otorgadas\u201d, afirm\u00f3, al tiempo que reiter\u00f3 que la soluci\u00f3n est\u00e1 en manos de la Autoridad Nacional de Licencias Ambientales, ANLA y que la solicitud se hace con respeto.<\/p>\n\n<p>Finalmente, Donoso insisti\u00f3 en la importancia de abordar los retos de movilidad desde una perspectiva regional y de fortalecer los esfuerzos en prevenci\u00f3n vial para seguir reduciendo la siniestralidad. El foro, que tuvo como pa\u00eds invitado al Reino Unido, dej\u00f3 planteada la necesidad de una mesa de trabajo permanente para definir obras de infraestructura que permitan responder al acelerado crecimiento de la Sabana Centro.<\/p>\n\t\t\t\t\t\t\t\t<\/div>\n\t\t\t\t\t<\/div>\n\t\t\t\t<\/div>\n\t\t\t\t<\/div>\n\t\t","protected":false},"excerpt":{"rendered":"<p>Alcalde de Ch\u00eda plantea retos en infraestructura y destaca reducci\u00f3n de la siniestralidad en Ch\u00eda durante el foro internacional de movilidad En medio de la instalaci\u00f3n del Foro de Movilidad organizado por la Alcald\u00eda de Ch\u00eda, en la Universidad de La Sabana, el alcalde Leonardo Donoso destac\u00f3 los logros alcanzados por la Secretar\u00eda de Movilidad [&hellip;]<\/p>\n","protected":false},"author":1,"featured_media":30410,"comment_status":"closed","ping_status":"closed","sticky":false,"template":"","format":"standard","meta":{"footnotes":""},"categories":[1190],"tags":[1305,1306,37,309],"class_list":["post-30409","post","type-post","status-publish","format-standard","has-post-thumbnail","hentry","category-noticias-2025","tag-foro-de-movilidad","tag-gran-bretana","tag-leonardo-donoso","tag-universidad-de-la-sabana"],"_links":{"self":[{"href":"https:\/\/chia-cundinamarca.gov.co\/web\/wp-json\/wp\/v2\/posts\/30409","targetHints":{"allow":["GET"]}}],"collection":[{"href":"https:\/\/chia-cundinamarca.gov.co\/web\/wp-json\/wp\/v2\/posts"}],"about":[{"href":"https:\/\/chia-cundinamarca.gov.co\/web\/wp-json\/wp\/v2\/types\/post"}],"author":[{"embeddable":true,"href":"https:\/\/chia-cundinamarca.gov.co\/web\/wp-json\/wp\/v2\/users\/1"}],"replies":[{"embeddable":true,"href":"https:\/\/chia-cundinamarca.gov.co\/web\/wp-json\/wp\/v2\/comments?post=30409"}],"version-history":[{"count":6,"href":"https:\/\/chia-cundinamarca.gov.co\/web\/wp-json\/wp\/v2\/posts\/30409\/revisions"}],"predecessor-version":[{"id":30569,"href":"https:\/\/chia-cundinamarca.gov.co\/web\/wp-json\/wp\/v2\/posts\/30409\/revisions\/30569"}],"wp:featuredmedia":[{"embeddable":true,"href":"https:\/\/chia-cundinamarca.gov.co\/web\/wp-json\/wp\/v2\/media\/30410"}],"wp:attachment":[{"href":"https:\/\/chia-cundinamarca.gov.co\/web\/wp-json\/wp\/v2\/media?parent=30409"}],"wp:term":[{"taxonomy":"category","embeddable":true,"href":"https:\/\/chia-cundinamarca.gov.co\/web\/wp-json\/wp\/v2\/categories?post=30409"},{"taxonomy":"post_tag","embeddable":true,"href":"https:\/\/chia-cundinamarca.gov.co\/web\/wp-json\/wp\/v2\/tags?post=30409"}],"curies":[{"name":"wp","href":"https:\/\/api.w.org\/{rel}","templated":true}]}}