{"id":30415,"date":"2025-09-22T11:39:30","date_gmt":"2025-09-22T16:39:30","guid":{"rendered":"https:\/\/chia-cundinamarca.gov.co\/web\/?p=30415"},"modified":"2025-09-30T11:48:29","modified_gmt":"2025-09-30T16:48:29","slug":"chia-realizo-el-primer-encuentro-para-la-orientacion-de-gestion-integral-del-riesgo-escolar-gire","status":"publish","type":"post","link":"https:\/\/chia-cundinamarca.gov.co\/web\/2025\/09\/chia-realizo-el-primer-encuentro-para-la-orientacion-de-gestion-integral-del-riesgo-escolar-gire\/","title":{"rendered":"Primer Encuentro para la Orientaci\u00f3n de Gesti\u00f3n Integral del Riesgo Escolar- GIRE"},"content":{"rendered":"\t\t<div data-elementor-type=\"wp-post\" data-elementor-id=\"30415\" class=\"elementor elementor-30415\" data-elementor-post-type=\"post\">\n\t\t\t\t<div class=\"elementor-element elementor-element-48fa4b8c e-flex e-con-boxed e-con e-parent\" data-id=\"48fa4b8c\" data-element_type=\"container\" data-e-type=\"container\">\n\t\t\t\t\t<div class=\"e-con-inner\">\n\t\t\t\t<div class=\"elementor-element elementor-element-2349755 elementor-widget elementor-widget-heading\" data-id=\"2349755\" data-element_type=\"widget\" data-e-type=\"widget\" data-widget_type=\"heading.default\">\n\t\t\t\t\t<h2 class=\"elementor-heading-title elementor-size-default\">Ch\u00eda realiz\u00f3 el Primer Encuentro para la Orientaci\u00f3n de Gesti\u00f3n Integral del Riesgo Escolar- GIRE<\/h2>\t\t\t\t<\/div>\n\t\t\t\t<div class=\"elementor-element elementor-element-6eb4c40 elementor-widget elementor-widget-image\" data-id=\"6eb4c40\" data-element_type=\"widget\" data-e-type=\"widget\" data-widget_type=\"image.default\">\n\t\t\t\t\t\t\t\t\t\t\t\t\t\t\t<img fetchpriority=\"high\" decoding=\"async\" width=\"768\" height=\"529\" src=\"https:\/\/chia-cundinamarca.gov.co\/web\/wp-content\/uploads\/2025\/09\/ORientaciondeGestionEscolar-768x529.png\" class=\"attachment-medium_large size-medium_large wp-image-30416\" alt=\"Ch\u00eda realiz\u00f3 el Primer Encuentro para la Orientaci\u00f3n de Gesti\u00f3n Integral del Riesgo Escolar- GIRE\" srcset=\"https:\/\/chia-cundinamarca.gov.co\/web\/wp-content\/uploads\/2025\/09\/ORientaciondeGestionEscolar-768x529.png 768w, https:\/\/chia-cundinamarca.gov.co\/web\/wp-content\/uploads\/2025\/09\/ORientaciondeGestionEscolar-300x207.png 300w, https:\/\/chia-cundinamarca.gov.co\/web\/wp-content\/uploads\/2025\/09\/ORientaciondeGestionEscolar-1024x705.png 1024w, https:\/\/chia-cundinamarca.gov.co\/web\/wp-content\/uploads\/2025\/09\/ORientaciondeGestionEscolar-1536x1058.png 1536w, https:\/\/chia-cundinamarca.gov.co\/web\/wp-content\/uploads\/2025\/09\/ORientaciondeGestionEscolar.png 1644w\" sizes=\"(max-width: 768px) 100vw, 768px\" \/>\t\t\t\t\t\t\t\t\t\t\t\t\t\t\t<\/div>\n\t\t\t\t<div class=\"elementor-element elementor-element-75c63bc4 elementor-widget elementor-widget-text-editor\" data-id=\"75c63bc4\" data-element_type=\"widget\" data-e-type=\"widget\" data-widget_type=\"text-editor.default\">\n\t\t\t\t\t\t\t\t\t\n<p>Con la participaci\u00f3n de m\u00e1s de&nbsp;<strong>200 actores del sector educativo<\/strong>, Ch\u00eda llev\u00f3 a cabo el&nbsp;<strong>primer encuentro de orientaci\u00f3n para la gesti\u00f3n del riesgo escolar<\/strong>, un espacio de di\u00e1logo y formaci\u00f3n que reuni\u00f3 a&nbsp;<strong>rectores de instituciones educativas p\u00fablicas y privadas, asociaciones de padres de familia, jardines sociales y prestadores de primera infancia<\/strong>.<\/p>\n\n\n\n<p>Durante la jornada, los asistentes se concentraron en&nbsp;<strong>buscar soluciones conjuntas y compartir experiencias<\/strong>&nbsp;en torno a la prevenci\u00f3n y atenci\u00f3n de emergencias en los entornos educativos. Uno de los temas centrales fue la importancia de&nbsp;<strong>actualizar y fortalecer los planes de emergencia<\/strong>, con especial \u00e9nfasis en la&nbsp;<strong>movilidad segura<\/strong>de los estudiantes.<\/p>\n\n\n\n<p>El encuentro cont\u00f3 con&nbsp;<strong>exposiciones especializadas<\/strong>&nbsp;a cargo del&nbsp;<strong>Director de Gesti\u00f3n del Riesgo<\/strong>, el&nbsp;<strong>Capit\u00e1n de bomberos<\/strong>&nbsp;y otros expertos en seguridad y prevenci\u00f3n, quienes entregaron herramientas pr\u00e1cticas para que cada instituci\u00f3n pueda consolidar sus protocolos de respuesta.<\/p>\n\n\n\n<p>Con este espacio, la Administraci\u00f3n Municipal&nbsp;&nbsp;a trav\u00e9s de la secretaria de educaci\u00f3n reafirma su compromiso con la&nbsp;<strong>seguridad escolar<\/strong>, promoviendo una cultura de prevenci\u00f3n y articulaci\u00f3n entre la comunidad educativa, los organismos de socorro y las familias, para garantizar entornos m\u00e1s seguros y preparados frente a posibles riesgos.<\/p>\n\t\t\t\t\t\t\t\t<\/div>\n\t\t\t\t\t<\/div>\n\t\t\t\t<\/div>\n\t\t\t\t<\/div>\n\t\t","protected":false},"excerpt":{"rendered":"<p>Ch\u00eda realiz\u00f3 el Primer Encuentro para la Orientaci\u00f3n de Gesti\u00f3n Integral del Riesgo Escolar- GIRE Con la participaci\u00f3n de m\u00e1s de&nbsp;200 actores del sector educativo, Ch\u00eda llev\u00f3 a cabo el&nbsp;primer encuentro de orientaci\u00f3n para la gesti\u00f3n del riesgo escolar, un espacio de di\u00e1logo y formaci\u00f3n que reuni\u00f3 a&nbsp;rectores de instituciones educativas p\u00fablicas y privadas, asociaciones [&hellip;]<\/p>\n","protected":false},"author":1,"featured_media":30416,"comment_status":"closed","ping_status":"closed","sticky":false,"template":"","format":"standard","meta":{"footnotes":""},"categories":[1190],"tags":[],"class_list":["post-30415","post","type-post","status-publish","format-standard","has-post-thumbnail","hentry","category-noticias-2025"],"_links":{"self":[{"href":"https:\/\/chia-cundinamarca.gov.co\/web\/wp-json\/wp\/v2\/posts\/30415","targetHints":{"allow":["GET"]}}],"collection":[{"href":"https:\/\/chia-cundinamarca.gov.co\/web\/wp-json\/wp\/v2\/posts"}],"about":[{"href":"https:\/\/chia-cundinamarca.gov.co\/web\/wp-json\/wp\/v2\/types\/post"}],"author":[{"embeddable":true,"href":"https:\/\/chia-cundinamarca.gov.co\/web\/wp-json\/wp\/v2\/users\/1"}],"replies":[{"embeddable":true,"href":"https:\/\/chia-cundinamarca.gov.co\/web\/wp-json\/wp\/v2\/comments?post=30415"}],"version-history":[{"count":5,"href":"https:\/\/chia-cundinamarca.gov.co\/web\/wp-json\/wp\/v2\/posts\/30415\/revisions"}],"predecessor-version":[{"id":30572,"href":"https:\/\/chia-cundinamarca.gov.co\/web\/wp-json\/wp\/v2\/posts\/30415\/revisions\/30572"}],"wp:featuredmedia":[{"embeddable":true,"href":"https:\/\/chia-cundinamarca.gov.co\/web\/wp-json\/wp\/v2\/media\/30416"}],"wp:attachment":[{"href":"https:\/\/chia-cundinamarca.gov.co\/web\/wp-json\/wp\/v2\/media?parent=30415"}],"wp:term":[{"taxonomy":"category","embeddable":true,"href":"https:\/\/chia-cundinamarca.gov.co\/web\/wp-json\/wp\/v2\/categories?post=30415"},{"taxonomy":"post_tag","embeddable":true,"href":"https:\/\/chia-cundinamarca.gov.co\/web\/wp-json\/wp\/v2\/tags?post=30415"}],"curies":[{"name":"wp","href":"https:\/\/api.w.org\/{rel}","templated":true}]}}