{"id":30499,"date":"2025-09-28T22:22:43","date_gmt":"2025-09-29T03:22:43","guid":{"rendered":"https:\/\/chia-cundinamarca.gov.co\/web\/?p=30499"},"modified":"2025-09-28T22:25:24","modified_gmt":"2025-09-29T03:25:24","slug":"esta-de-acuerdo-con-la-construccion-de-la-troncal-de-los-andes","status":"publish","type":"post","link":"https:\/\/chia-cundinamarca.gov.co\/web\/2025\/09\/esta-de-acuerdo-con-la-construccion-de-la-troncal-de-los-andes\/","title":{"rendered":"\u00bfEst\u00e1 de acuerdo con la construcci\u00f3n de la Troncal de Los Andes?"},"content":{"rendered":"\t\t<div data-elementor-type=\"wp-post\" data-elementor-id=\"30499\" class=\"elementor elementor-30499\" data-elementor-post-type=\"post\">\n\t\t\t\t<div class=\"elementor-element elementor-element-2d22307e e-flex e-con-boxed e-con e-parent\" data-id=\"2d22307e\" data-element_type=\"container\" data-e-type=\"container\">\n\t\t\t\t\t<div class=\"e-con-inner\">\n\t\t\t\t<div class=\"elementor-element elementor-element-418df87 elementor-widget elementor-widget-image\" data-id=\"418df87\" data-element_type=\"widget\" data-e-type=\"widget\" data-widget_type=\"image.default\">\n\t\t\t\t\t\t\t\t\t\t\t\t\t\t\t<img fetchpriority=\"high\" decoding=\"async\" width=\"768\" height=\"417\" src=\"https:\/\/chia-cundinamarca.gov.co\/web\/wp-content\/uploads\/2025\/09\/restriccion-nota-1-768x417.png\" class=\"attachment-medium_large size-medium_large wp-image-30501\" alt=\"https:\/\/forms.office.com\/Pages\/ResponsePage.aspx?id=2Lkf2Chp4kmNXOHhbrkfMS2drxQojE9Cp3yReKib1pFURDNPUlo0WTRMVUgxMEkwMDJMS1BSRUtaTy4u\" srcset=\"https:\/\/chia-cundinamarca.gov.co\/web\/wp-content\/uploads\/2025\/09\/restriccion-nota-1-768x417.png 768w, https:\/\/chia-cundinamarca.gov.co\/web\/wp-content\/uploads\/2025\/09\/restriccion-nota-1-300x163.png 300w, https:\/\/chia-cundinamarca.gov.co\/web\/wp-content\/uploads\/2025\/09\/restriccion-nota-1-1024x556.png 1024w, https:\/\/chia-cundinamarca.gov.co\/web\/wp-content\/uploads\/2025\/09\/restriccion-nota-1-1536x834.png 1536w, https:\/\/chia-cundinamarca.gov.co\/web\/wp-content\/uploads\/2025\/09\/restriccion-nota-1.png 1776w\" sizes=\"(max-width: 768px) 100vw, 768px\" \/>\t\t\t\t\t\t\t\t\t\t\t\t\t\t\t<\/div>\n\t\t\t\t<div class=\"elementor-element elementor-element-4bbaeea0 elementor-widget elementor-widget-text-editor\" data-id=\"4bbaeea0\" data-element_type=\"widget\" data-e-type=\"widget\" data-widget_type=\"text-editor.default\">\n\t\t\t\t\t\t\t\t\t\n<p>\u00bfEst\u00e1 de acuerdo con la restricci\u00f3n vehicular y la construcci\u00f3n de la Troncal de Los Andes?<\/p>\n<h4><strong><a href=\"https:\/\/forms.office.com\/Pages\/ResponsePage.aspx?id=2Lkf2Chp4kmNXOHhbrkfMS2drxQojE9Cp3yReKib1pFURDNPUlo0WTRMVUgxMEkwMDJMS1BSRUtaTy4u\">Diligencie la encuesta ac\u00e1<\/a><\/strong><\/h4>\n<p>\u00a0<\/p>\n<p>\u00a0<\/p>\n\t\t\t\t\t\t\t\t<\/div>\n\t\t\t\t\t<\/div>\n\t\t\t\t<\/div>\n\t\t\t\t<\/div>\n\t\t","protected":false},"excerpt":{"rendered":"<p>\u00bfEst\u00e1 de acuerdo con la restricci\u00f3n vehicular y la construcci\u00f3n de la Troncal de Los Andes? Diligencie la encuesta ac\u00e1 \u00a0 \u00a0<\/p>\n","protected":false},"author":1,"featured_media":30501,"comment_status":"closed","ping_status":"closed","sticky":false,"template":"","format":"standard","meta":{"footnotes":""},"categories":[1190,1],"tags":[],"class_list":["post-30499","post","type-post","status-publish","format-standard","has-post-thumbnail","hentry","category-noticias-2025","category-sin-categoria"],"_links":{"self":[{"href":"https:\/\/chia-cundinamarca.gov.co\/web\/wp-json\/wp\/v2\/posts\/30499","targetHints":{"allow":["GET"]}}],"collection":[{"href":"https:\/\/chia-cundinamarca.gov.co\/web\/wp-json\/wp\/v2\/posts"}],"about":[{"href":"https:\/\/chia-cundinamarca.gov.co\/web\/wp-json\/wp\/v2\/types\/post"}],"author":[{"embeddable":true,"href":"https:\/\/chia-cundinamarca.gov.co\/web\/wp-json\/wp\/v2\/users\/1"}],"replies":[{"embeddable":true,"href":"https:\/\/chia-cundinamarca.gov.co\/web\/wp-json\/wp\/v2\/comments?post=30499"}],"version-history":[{"count":7,"href":"https:\/\/chia-cundinamarca.gov.co\/web\/wp-json\/wp\/v2\/posts\/30499\/revisions"}],"predecessor-version":[{"id":30508,"href":"https:\/\/chia-cundinamarca.gov.co\/web\/wp-json\/wp\/v2\/posts\/30499\/revisions\/30508"}],"wp:featuredmedia":[{"embeddable":true,"href":"https:\/\/chia-cundinamarca.gov.co\/web\/wp-json\/wp\/v2\/media\/30501"}],"wp:attachment":[{"href":"https:\/\/chia-cundinamarca.gov.co\/web\/wp-json\/wp\/v2\/media?parent=30499"}],"wp:term":[{"taxonomy":"category","embeddable":true,"href":"https:\/\/chia-cundinamarca.gov.co\/web\/wp-json\/wp\/v2\/categories?post=30499"},{"taxonomy":"post_tag","embeddable":true,"href":"https:\/\/chia-cundinamarca.gov.co\/web\/wp-json\/wp\/v2\/tags?post=30499"}],"curies":[{"name":"wp","href":"https:\/\/api.w.org\/{rel}","templated":true}]}}