{"id":30657,"date":"2025-10-03T16:36:06","date_gmt":"2025-10-03T21:36:06","guid":{"rendered":"https:\/\/chia-cundinamarca.gov.co\/web\/?p=30657"},"modified":"2025-10-08T15:31:17","modified_gmt":"2025-10-08T20:31:17","slug":"la-banda-sinfonica-especial-de-chia-representara-a-cundinamarca-en-el-concurso-nacional-de-bandas-en-paipa","status":"publish","type":"post","link":"https:\/\/chia-cundinamarca.gov.co\/web\/2025\/10\/la-banda-sinfonica-especial-de-chia-representara-a-cundinamarca-en-el-concurso-nacional-de-bandas-en-paipa\/","title":{"rendered":"La Banda Sinf\u00f3nica Especial de Ch\u00eda estar\u00e1 en el Concurso Nacional de Bandas"},"content":{"rendered":"\t\t<div data-elementor-type=\"wp-post\" data-elementor-id=\"30657\" class=\"elementor elementor-30657\" data-elementor-post-type=\"post\">\n\t\t\t\t<div class=\"elementor-element elementor-element-1b6d6ad9 e-flex e-con-boxed e-con e-parent\" data-id=\"1b6d6ad9\" data-element_type=\"container\" data-e-type=\"container\">\n\t\t\t\t\t<div class=\"e-con-inner\">\n\t\t\t\t<div class=\"elementor-element elementor-element-07a985e elementor-widget elementor-widget-heading\" data-id=\"07a985e\" data-element_type=\"widget\" data-e-type=\"widget\" data-widget_type=\"heading.default\">\n\t\t\t\t\t<h2 class=\"elementor-heading-title elementor-size-default\">La Banda Sinf\u00f3nica Especial de Ch\u00eda representar\u00e1 a Cundinamarca en el Concurso Nacional de Bandas en Paipa<\/h2>\t\t\t\t<\/div>\n\t\t\t\t<div class=\"elementor-element elementor-element-846b19c elementor-widget elementor-widget-image\" data-id=\"846b19c\" data-element_type=\"widget\" data-e-type=\"widget\" data-widget_type=\"image.default\">\n\t\t\t\t\t\t\t\t\t\t\t\t\t\t\t<img fetchpriority=\"high\" decoding=\"async\" width=\"768\" height=\"432\" src=\"https:\/\/chia-cundinamarca.gov.co\/web\/wp-content\/uploads\/2025\/10\/BandaSinfonicaEspecialPaipa-768x432.jpg\" class=\"attachment-medium_large size-medium_large wp-image-30658\" alt=\"La Banda Sinf\u00f3nica Especial de Ch\u00eda representar\u00e1 a Cundinamarca en el Concurso Nacional de Bandas en Paipa\" srcset=\"https:\/\/chia-cundinamarca.gov.co\/web\/wp-content\/uploads\/2025\/10\/BandaSinfonicaEspecialPaipa-768x432.jpg 768w, https:\/\/chia-cundinamarca.gov.co\/web\/wp-content\/uploads\/2025\/10\/BandaSinfonicaEspecialPaipa-300x169.jpg 300w, https:\/\/chia-cundinamarca.gov.co\/web\/wp-content\/uploads\/2025\/10\/BandaSinfonicaEspecialPaipa-1024x576.jpg 1024w, https:\/\/chia-cundinamarca.gov.co\/web\/wp-content\/uploads\/2025\/10\/BandaSinfonicaEspecialPaipa-1536x864.jpg 1536w, https:\/\/chia-cundinamarca.gov.co\/web\/wp-content\/uploads\/2025\/10\/BandaSinfonicaEspecialPaipa-2048x1152.jpg 2048w\" sizes=\"(max-width: 768px) 100vw, 768px\" \/>\t\t\t\t\t\t\t\t\t\t\t\t\t\t\t<\/div>\n\t\t\t\t<div class=\"elementor-element elementor-element-2ebdc850 elementor-widget elementor-widget-text-editor\" data-id=\"2ebdc850\" data-element_type=\"widget\" data-e-type=\"widget\" data-widget_type=\"text-editor.default\">\n\t\t\t\t\t\t\t\t\t\n<p>La Banda Sinf\u00f3nica Especial de Ch\u00eda, una de las agrupaciones m\u00e1s destacadas del pa\u00eds por su excelencia art\u00edstica y trayectoria, ha sido seleccionada para representar al departamento de Cundinamarca en el Concurso Nacional de Bandas Musicales que se llevar\u00e1 a cabo en Paipa, Boyac\u00e1 del 2 al 5 de octubre de 2025, este a\u00f1o este certamen cobra especial importancia ya que se cumplen 51 a\u00f1os de tradici\u00f3n, donde convergen las mejores agrupaciones sinf\u00f3nicas del pa\u00eds.<\/p>\n\n\n\n<p>Bajo la direcci\u00f3n del maestro Jes\u00fas Orielso Santiago J\u00e1come, la Banda ha retomado su actividad con una fuerza renovada, consolid\u00e1ndose nuevamente como referente cultural y musical de la regi\u00f3n. En esta versi\u00f3n del Concurso se conmemoran los 500 a\u00f1os de Santa Marta y por esta raz\u00f3n los participantes tendr\u00e1n que adaptar una canci\u00f3n colombiana \u201cHelado de leche\u201d como obra obligatoria y durante la segunda fase del concurso se interpretar\u00e1 \u201cFarfare Allegro\u201d como obra internacional, \u201cFantas\u00edas Sobre Aires de Bambuco\u201d Como Obra Colombiana y por \u00faltimo la obra patrimonio \u201cDanzas Armenias\u201d.<\/p>\n\n\n\n<p>El alcalde de Ch\u00eda, Leonardo Donoso Ru\u00edz y la Direcci\u00f3n de Cultura expresan un reconocimiento especial a los m\u00fasicos que integran esta agrupaci\u00f3n y les desean todos los \u00e9xitos en esta representaci\u00f3n, as\u00ed mismo el primer mandatario expres\u00f3 el esfuerzo que se seguir\u00e1 haciendo por la cultura de Ch\u00eda y reiter\u00f3 que se entregar\u00e1 pr\u00f3ximamente la remodelaci\u00f3n de la Casa de La Cultura, se renovar\u00e1n los instrumentos de la banda y se trabajar\u00e1 por la participaci\u00f3n en el Concurso Internacional de Rastede (Alemania).<\/p>\n\t\t\t\t\t\t\t\t<\/div>\n\t\t\t\t\t<\/div>\n\t\t\t\t<\/div>\n\t\t\t\t<\/div>\n\t\t","protected":false},"excerpt":{"rendered":"<p>La Banda Sinf\u00f3nica Especial de Ch\u00eda representar\u00e1 a Cundinamarca en el Concurso Nacional de Bandas en Paipa La Banda Sinf\u00f3nica Especial de Ch\u00eda, una de las agrupaciones m\u00e1s destacadas del pa\u00eds por su excelencia art\u00edstica y trayectoria, ha sido seleccionada para representar al departamento de Cundinamarca en el Concurso Nacional de Bandas Musicales que se [&hellip;]<\/p>\n","protected":false},"author":1,"featured_media":30658,"comment_status":"closed","ping_status":"closed","sticky":false,"template":"","format":"standard","meta":{"footnotes":""},"categories":[1190],"tags":[],"class_list":["post-30657","post","type-post","status-publish","format-standard","has-post-thumbnail","hentry","category-noticias-2025"],"_links":{"self":[{"href":"https:\/\/chia-cundinamarca.gov.co\/web\/wp-json\/wp\/v2\/posts\/30657","targetHints":{"allow":["GET"]}}],"collection":[{"href":"https:\/\/chia-cundinamarca.gov.co\/web\/wp-json\/wp\/v2\/posts"}],"about":[{"href":"https:\/\/chia-cundinamarca.gov.co\/web\/wp-json\/wp\/v2\/types\/post"}],"author":[{"embeddable":true,"href":"https:\/\/chia-cundinamarca.gov.co\/web\/wp-json\/wp\/v2\/users\/1"}],"replies":[{"embeddable":true,"href":"https:\/\/chia-cundinamarca.gov.co\/web\/wp-json\/wp\/v2\/comments?post=30657"}],"version-history":[{"count":5,"href":"https:\/\/chia-cundinamarca.gov.co\/web\/wp-json\/wp\/v2\/posts\/30657\/revisions"}],"predecessor-version":[{"id":30832,"href":"https:\/\/chia-cundinamarca.gov.co\/web\/wp-json\/wp\/v2\/posts\/30657\/revisions\/30832"}],"wp:featuredmedia":[{"embeddable":true,"href":"https:\/\/chia-cundinamarca.gov.co\/web\/wp-json\/wp\/v2\/media\/30658"}],"wp:attachment":[{"href":"https:\/\/chia-cundinamarca.gov.co\/web\/wp-json\/wp\/v2\/media?parent=30657"}],"wp:term":[{"taxonomy":"category","embeddable":true,"href":"https:\/\/chia-cundinamarca.gov.co\/web\/wp-json\/wp\/v2\/categories?post=30657"},{"taxonomy":"post_tag","embeddable":true,"href":"https:\/\/chia-cundinamarca.gov.co\/web\/wp-json\/wp\/v2\/tags?post=30657"}],"curies":[{"name":"wp","href":"https:\/\/api.w.org\/{rel}","templated":true}]}}