{"id":30979,"date":"2025-10-16T12:23:11","date_gmt":"2025-10-16T17:23:11","guid":{"rendered":"https:\/\/chia-cundinamarca.gov.co\/web\/?p=30979"},"modified":"2025-10-16T12:27:17","modified_gmt":"2025-10-16T17:27:17","slug":"chia-fue-sede-de-la-final-departamental-del-festival-de-festivales","status":"publish","type":"post","link":"https:\/\/chia-cundinamarca.gov.co\/web\/2025\/10\/chia-fue-sede-de-la-final-departamental-del-festival-de-festivales\/","title":{"rendered":"Ch\u00eda fue sede de la Final Departamental del Festival de Festivales"},"content":{"rendered":"\t\t<div data-elementor-type=\"wp-post\" data-elementor-id=\"30979\" class=\"elementor elementor-30979\" data-elementor-post-type=\"post\">\n\t\t\t\t<div class=\"elementor-element elementor-element-4e05cbcc e-flex e-con-boxed e-con e-parent\" data-id=\"4e05cbcc\" data-element_type=\"container\" data-e-type=\"container\">\n\t\t\t\t\t<div class=\"e-con-inner\">\n\t\t\t\t<div class=\"elementor-element elementor-element-cb83cfb elementor-widget elementor-widget-heading\" data-id=\"cb83cfb\" data-element_type=\"widget\" data-e-type=\"widget\" data-widget_type=\"heading.default\">\n\t\t\t\t\t<h2 class=\"elementor-heading-title elementor-size-default\">Ch\u00eda fue sede de la Final Departamental del Festival de Festivales<\/h2>\t\t\t\t<\/div>\n\t\t\t\t<div class=\"elementor-element elementor-element-d9cde1e elementor-widget elementor-widget-image\" data-id=\"d9cde1e\" data-element_type=\"widget\" data-e-type=\"widget\" data-widget_type=\"image.default\">\n\t\t\t\t\t\t\t\t\t\t\t\t\t\t\t<img fetchpriority=\"high\" decoding=\"async\" width=\"768\" height=\"501\" src=\"https:\/\/chia-cundinamarca.gov.co\/web\/wp-content\/uploads\/2025\/10\/SedeFestivalDeFestivanes-768x501.jpg\" class=\"attachment-medium_large size-medium_large wp-image-30980\" alt=\"Ch\u00eda fue sede de la Final Departamental del Festival de Festivales\" srcset=\"https:\/\/chia-cundinamarca.gov.co\/web\/wp-content\/uploads\/2025\/10\/SedeFestivalDeFestivanes-768x501.jpg 768w, https:\/\/chia-cundinamarca.gov.co\/web\/wp-content\/uploads\/2025\/10\/SedeFestivalDeFestivanes-300x196.jpg 300w, https:\/\/chia-cundinamarca.gov.co\/web\/wp-content\/uploads\/2025\/10\/SedeFestivalDeFestivanes-1024x668.jpg 1024w, https:\/\/chia-cundinamarca.gov.co\/web\/wp-content\/uploads\/2025\/10\/SedeFestivalDeFestivanes-1536x1002.jpg 1536w, https:\/\/chia-cundinamarca.gov.co\/web\/wp-content\/uploads\/2025\/10\/SedeFestivalDeFestivanes-2048x1336.jpg 2048w\" sizes=\"(max-width: 768px) 100vw, 768px\" \/>\t\t\t\t\t\t\t\t\t\t\t\t\t\t\t<\/div>\n\t\t\t\t<div class=\"elementor-element elementor-element-13d756a6 elementor-widget elementor-widget-text-editor\" data-id=\"13d756a6\" data-element_type=\"widget\" data-e-type=\"widget\" data-widget_type=\"text-editor.default\">\n\t\t\t\t\t\t\t\t\t\n<p>El municipio de Ch\u00eda se consolid\u00f3 una vez m\u00e1s como epicentro del deporte en Cundinamarca, al ser por segundo a\u00f1o consecutivo la sede de la Final Departamental del Festival de Festivales.<\/p>\n\n<p>Del 26 de septiembre al 13 de octubre, la Ciudad de la Luna recibi\u00f3 a m\u00e1s de 6.000 deportistas que compitieron en 28 disciplinas deportivas, en una verdadera fiesta del talento juvenil y la sana competencia.<\/p>\n\n<p>Cabe resaltar que algunas modalidades, como el patinaje de velocidad y el BMX, se desarrollaron en el municipio de Tenjo, mientras que los bolos tuvieron como escenario a Facatativ\u00e1.<\/p>\n\n<p>Los ganadores de cada disciplina obtuvieron su clasificaci\u00f3n para representar a Cundinamarca en la Final Nacional del Festival de Festivales, que se llevar\u00e1 a cabo en Medell\u00edn, en enero de 2026.<\/p>\n\n<p>La Alcald\u00eda Municipal de Ch\u00eda y el Instituto Municipal de Recreaci\u00f3n y Deportes (IMRD) reafirmaron su compromiso con el deporte formativo, brindando acompa\u00f1amiento integral a los atletas de Ch\u00eda que obtuvieron su cupo a la fase nacional, con apoyo en transporte, alojamiento y alimentaci\u00f3n.<\/p>\n\n<p>De esta manera, Ch\u00eda contin\u00faa fortaleciendo su liderazgo deportivo, impulsando el desarrollo de nuevos talentos y promoviendo la formaci\u00f3n integral de ni\u00f1os, ni\u00f1as y j\u00f3venes en todo el territorio cundinamarqu\u00e9s.<\/p>\n\t\t\t\t\t\t\t\t<\/div>\n\t\t\t\t\t<\/div>\n\t\t\t\t<\/div>\n\t\t\t\t<\/div>\n\t\t","protected":false},"excerpt":{"rendered":"<p>Ch\u00eda fue sede de la Final Departamental del Festival de Festivales El municipio de Ch\u00eda se consolid\u00f3 una vez m\u00e1s como epicentro del deporte en Cundinamarca, al ser por segundo a\u00f1o consecutivo la sede de la Final Departamental del Festival de Festivales. Del 26 de septiembre al 13 de octubre, la Ciudad de la Luna [&hellip;]<\/p>\n","protected":false},"author":1,"featured_media":30980,"comment_status":"closed","ping_status":"closed","sticky":false,"template":"","format":"standard","meta":{"footnotes":""},"categories":[1190,1],"tags":[1315],"class_list":["post-30979","post","type-post","status-publish","format-standard","has-post-thumbnail","hentry","category-noticias-2025","category-sin-categoria","tag-festival-de-festivales-chia"],"_links":{"self":[{"href":"https:\/\/chia-cundinamarca.gov.co\/web\/wp-json\/wp\/v2\/posts\/30979","targetHints":{"allow":["GET"]}}],"collection":[{"href":"https:\/\/chia-cundinamarca.gov.co\/web\/wp-json\/wp\/v2\/posts"}],"about":[{"href":"https:\/\/chia-cundinamarca.gov.co\/web\/wp-json\/wp\/v2\/types\/post"}],"author":[{"embeddable":true,"href":"https:\/\/chia-cundinamarca.gov.co\/web\/wp-json\/wp\/v2\/users\/1"}],"replies":[{"embeddable":true,"href":"https:\/\/chia-cundinamarca.gov.co\/web\/wp-json\/wp\/v2\/comments?post=30979"}],"version-history":[{"count":4,"href":"https:\/\/chia-cundinamarca.gov.co\/web\/wp-json\/wp\/v2\/posts\/30979\/revisions"}],"predecessor-version":[{"id":30984,"href":"https:\/\/chia-cundinamarca.gov.co\/web\/wp-json\/wp\/v2\/posts\/30979\/revisions\/30984"}],"wp:featuredmedia":[{"embeddable":true,"href":"https:\/\/chia-cundinamarca.gov.co\/web\/wp-json\/wp\/v2\/media\/30980"}],"wp:attachment":[{"href":"https:\/\/chia-cundinamarca.gov.co\/web\/wp-json\/wp\/v2\/media?parent=30979"}],"wp:term":[{"taxonomy":"category","embeddable":true,"href":"https:\/\/chia-cundinamarca.gov.co\/web\/wp-json\/wp\/v2\/categories?post=30979"},{"taxonomy":"post_tag","embeddable":true,"href":"https:\/\/chia-cundinamarca.gov.co\/web\/wp-json\/wp\/v2\/tags?post=30979"}],"curies":[{"name":"wp","href":"https:\/\/api.w.org\/{rel}","templated":true}]}}