{"id":3136,"date":"2024-02-05T18:05:16","date_gmt":"2024-02-05T17:05:16","guid":{"rendered":"https:\/\/chia-cundinamarca.gov.co\/web\/?p=3136"},"modified":"2024-02-05T18:07:21","modified_gmt":"2024-02-05T17:07:21","slug":"el-arquitecto-javier-garzon-ex-alcalde-de-cogua-fue-elegido-hoy-por-los-alcaldes-de-sabana-centro-como-el-nuevo-director-de-asocentro","status":"publish","type":"post","link":"https:\/\/chia-cundinamarca.gov.co\/web\/2024\/02\/el-arquitecto-javier-garzon-ex-alcalde-de-cogua-fue-elegido-hoy-por-los-alcaldes-de-sabana-centro-como-el-nuevo-director-de-asocentro\/","title":{"rendered":"El arquitecto Javier Garz\u00f3n, ex alcalde de Cogua, fue elegido hoy por los alcaldes de Sabana Centro como el nuevo director de Asocentro"},"content":{"rendered":"\t\t<div data-elementor-type=\"wp-post\" data-elementor-id=\"3136\" class=\"elementor elementor-3136\" data-elementor-post-type=\"post\">\n\t\t\t\t<div class=\"elementor-element elementor-element-10e21f0d e-flex e-con-boxed e-con e-parent\" data-id=\"10e21f0d\" data-element_type=\"container\" data-e-type=\"container\">\n\t\t\t\t\t<div class=\"e-con-inner\">\n\t\t\t\t<div class=\"elementor-element elementor-element-14bedf5 elementor-widget elementor-widget-heading\" data-id=\"14bedf5\" data-element_type=\"widget\" data-e-type=\"widget\" data-widget_type=\"heading.default\">\n\t\t\t\t\t<h2 class=\"elementor-heading-title elementor-size-default\">El arquitecto Javier Garz\u00f3n, ex alcalde de Cogua, fue elegido como el nuevo director de Asocentro<\/h2>\t\t\t\t<\/div>\n\t\t\t\t<div class=\"elementor-element elementor-element-479f5bb elementor-widget elementor-widget-image\" data-id=\"479f5bb\" data-element_type=\"widget\" data-e-type=\"widget\" data-widget_type=\"image.default\">\n\t\t\t\t\t\t\t\t\t\t\t\t\t\t\t<img fetchpriority=\"high\" decoding=\"async\" width=\"768\" height=\"432\" src=\"https:\/\/chia-cundinamarca.gov.co\/web\/wp-content\/uploads\/2024\/02\/Asocentro-768x432.jpeg\" class=\"attachment-medium_large size-medium_large wp-image-3137\" alt=\"El arquitecto Javier Garz\u00f3n, ex alcalde de Cogua, fue elegido hoy por los alcaldes de Sabana Centro como el nuevo director de Asocentro\" srcset=\"https:\/\/chia-cundinamarca.gov.co\/web\/wp-content\/uploads\/2024\/02\/Asocentro-768x432.jpeg 768w, https:\/\/chia-cundinamarca.gov.co\/web\/wp-content\/uploads\/2024\/02\/Asocentro-300x169.jpeg 300w, https:\/\/chia-cundinamarca.gov.co\/web\/wp-content\/uploads\/2024\/02\/Asocentro-1024x576.jpeg 1024w, https:\/\/chia-cundinamarca.gov.co\/web\/wp-content\/uploads\/2024\/02\/Asocentro-1536x864.jpeg 1536w, https:\/\/chia-cundinamarca.gov.co\/web\/wp-content\/uploads\/2024\/02\/Asocentro.jpeg 1600w\" sizes=\"(max-width: 768px) 100vw, 768px\" \/>\t\t\t\t\t\t\t\t\t\t\t\t\t\t\t<\/div>\n\t\t\t\t<div class=\"elementor-element elementor-element-5c95b56d elementor-widget elementor-widget-text-editor\" data-id=\"5c95b56d\" data-element_type=\"widget\" data-e-type=\"widget\" data-widget_type=\"text-editor.default\">\n\t\t\t\t\t\t\t\t\tA la reuni\u00f3n, a la que asistieron los <strong>mandatarios de Ch\u00eda, Leonardo Donoso<\/strong>; Nemoc\u00f3n, Cristian Carrillo; Cogua, Cristian Ch\u00e1vez; Tenjo, Iv\u00e1n Nemoc\u00f3n Espinosa; Zipaquir\u00e1, Fabi\u00e1n Rojas; Cajic\u00e1, Fabiola J\u00e1come; Tocancip\u00e1, Walfrando Forero; Sop\u00f3, Fabiola Mu\u00f1oz; Cota, Orlando Balsero; Tabio, Carlos Javier Julio y Gachancip\u00e1, Alfonso L\u00f3pez, se trataron temas de inter\u00e9s para la regi\u00f3n.\r\n\r\n&nbsp;\t\t\t\t\t\t\t\t<\/div>\n\t\t\t\t\t<\/div>\n\t\t\t\t<\/div>\n\t\t\t\t<\/div>\n\t\t","protected":false},"excerpt":{"rendered":"<p>El arquitecto Javier Garz\u00f3n, ex alcalde de Cogua, fue elegido como el nuevo director de Asocentro A la reuni\u00f3n, a la que asistieron los mandatarios de Ch\u00eda, Leonardo Donoso; Nemoc\u00f3n, Cristian Carrillo; Cogua, Cristian Ch\u00e1vez; Tenjo, Iv\u00e1n Nemoc\u00f3n Espinosa; Zipaquir\u00e1, Fabi\u00e1n Rojas; Cajic\u00e1, Fabiola J\u00e1come; Tocancip\u00e1, Walfrando Forero; Sop\u00f3, Fabiola Mu\u00f1oz; Cota, Orlando Balsero; Tabio, [&hellip;]<\/p>\n","protected":false},"author":1,"featured_media":3137,"comment_status":"closed","ping_status":"closed","sticky":false,"template":"","format":"standard","meta":{"footnotes":""},"categories":[17],"tags":[127,125,126,37],"class_list":["post-3136","post","type-post","status-publish","format-standard","has-post-thumbnail","hentry","category-noticias-2024","tag-alcalde-de-chia","tag-asocentro","tag-javier-garzon","tag-leonardo-donoso"],"_links":{"self":[{"href":"https:\/\/chia-cundinamarca.gov.co\/web\/wp-json\/wp\/v2\/posts\/3136","targetHints":{"allow":["GET"]}}],"collection":[{"href":"https:\/\/chia-cundinamarca.gov.co\/web\/wp-json\/wp\/v2\/posts"}],"about":[{"href":"https:\/\/chia-cundinamarca.gov.co\/web\/wp-json\/wp\/v2\/types\/post"}],"author":[{"embeddable":true,"href":"https:\/\/chia-cundinamarca.gov.co\/web\/wp-json\/wp\/v2\/users\/1"}],"replies":[{"embeddable":true,"href":"https:\/\/chia-cundinamarca.gov.co\/web\/wp-json\/wp\/v2\/comments?post=3136"}],"version-history":[{"count":0,"href":"https:\/\/chia-cundinamarca.gov.co\/web\/wp-json\/wp\/v2\/posts\/3136\/revisions"}],"wp:featuredmedia":[{"embeddable":true,"href":"https:\/\/chia-cundinamarca.gov.co\/web\/wp-json\/wp\/v2\/media\/3137"}],"wp:attachment":[{"href":"https:\/\/chia-cundinamarca.gov.co\/web\/wp-json\/wp\/v2\/media?parent=3136"}],"wp:term":[{"taxonomy":"category","embeddable":true,"href":"https:\/\/chia-cundinamarca.gov.co\/web\/wp-json\/wp\/v2\/categories?post=3136"},{"taxonomy":"post_tag","embeddable":true,"href":"https:\/\/chia-cundinamarca.gov.co\/web\/wp-json\/wp\/v2\/tags?post=3136"}],"curies":[{"name":"wp","href":"https:\/\/api.w.org\/{rel}","templated":true}]}}