{"id":31757,"date":"2025-11-21T16:34:56","date_gmt":"2025-11-21T21:34:56","guid":{"rendered":"https:\/\/chia-cundinamarca.gov.co\/web\/?p=31757"},"modified":"2025-11-21T17:11:05","modified_gmt":"2025-11-21T22:11:05","slug":"juntanza-de-comadres-un-encuentro-por-la-autonomia-y-el-bienestar-de-las-mujeres","status":"publish","type":"post","link":"https:\/\/chia-cundinamarca.gov.co\/web\/2025\/11\/juntanza-de-comadres-un-encuentro-por-la-autonomia-y-el-bienestar-de-las-mujeres\/","title":{"rendered":"Juntanza de Comadres, un encuentro por la autonom\u00eda y el bienestar de las mujeres"},"content":{"rendered":"\t\t<div data-elementor-type=\"wp-post\" data-elementor-id=\"31757\" class=\"elementor elementor-31757\" data-elementor-post-type=\"post\">\n\t\t\t\t<div class=\"elementor-element elementor-element-4a7bf156 e-flex e-con-boxed e-con e-parent\" data-id=\"4a7bf156\" data-element_type=\"container\" data-e-type=\"container\">\n\t\t\t\t\t<div class=\"e-con-inner\">\n\t\t\t\t<div class=\"elementor-element elementor-element-09497ab elementor-widget elementor-widget-heading\" data-id=\"09497ab\" data-element_type=\"widget\" data-e-type=\"widget\" data-widget_type=\"heading.default\">\n\t\t\t\t\t<h2 class=\"elementor-heading-title elementor-size-default\">Juntanza de las Comadres, un encuentro por la autonom\u00eda y el bienestar de las mujeres<\/h2>\t\t\t\t<\/div>\n\t\t\t\t<div class=\"elementor-element elementor-element-9b10ad6 elementor-widget elementor-widget-image\" data-id=\"9b10ad6\" data-element_type=\"widget\" data-e-type=\"widget\" data-widget_type=\"image.default\">\n\t\t\t\t\t\t\t\t\t\t\t\t\t\t\t<img fetchpriority=\"high\" decoding=\"async\" width=\"768\" height=\"432\" src=\"https:\/\/chia-cundinamarca.gov.co\/web\/wp-content\/uploads\/2025\/11\/COMADRES-768x432.jpeg\" class=\"attachment-medium_large size-medium_large wp-image-31758\" alt=\"JUNTANZA DE COMADRES\" srcset=\"https:\/\/chia-cundinamarca.gov.co\/web\/wp-content\/uploads\/2025\/11\/COMADRES-768x432.jpeg 768w, https:\/\/chia-cundinamarca.gov.co\/web\/wp-content\/uploads\/2025\/11\/COMADRES-300x169.jpeg 300w, https:\/\/chia-cundinamarca.gov.co\/web\/wp-content\/uploads\/2025\/11\/COMADRES-1024x576.jpeg 1024w, https:\/\/chia-cundinamarca.gov.co\/web\/wp-content\/uploads\/2025\/11\/COMADRES.jpeg 1280w\" sizes=\"(max-width: 768px) 100vw, 768px\" \/>\t\t\t\t\t\t\t\t\t\t\t\t\t\t\t<\/div>\n\t\t\t\t<div class=\"elementor-element elementor-element-7680bbcd elementor-widget elementor-widget-text-editor\" data-id=\"7680bbcd\" data-element_type=\"widget\" data-e-type=\"widget\" data-widget_type=\"text-editor.default\">\n\t\t\t\t\t\t\t\t\t\n<p>A trav\u00e9s de la Gestora Social Blanca Ang\u00e9lica Donoso Ruiz, la Secretar\u00eda de Desarrollo Social y la Direcci\u00f3n de Acci\u00f3n Social, realizaron la Juntanza de las Comadres, una jornada dedicada al encuentro entre diferentes municipios, la sanaci\u00f3n emocional y el fortalecimiento del liderazgo femenino, que tuvo como sede de la Casa de la Mujer de Ch\u00eda (CAMU).<\/p>\n\n<p>El alcalde, Leonardo Donoso Ruiz, hizo presencia en la ceremonia mostrado su apoyo hacia las acciones de empoderamiento femenino y autonom\u00eda econ\u00f3mica, que se han fortalecido a trav\u00e9s de diversos espacios brindados por la Administraci\u00f3n Municipal; de su mano, los 14 participantes del Curso Complementario de Carpinter\u00eda, que lleg\u00f3 a la comunidad a trav\u00e9s de CAMU, recibieron felicitaciones oficiales.<\/p>\n\n<p>El evento cont\u00f3 con actividades como una armonizaci\u00f3n espiritual guiada por integrantes del Consejo Consultivo de Mujer y G\u00e9nero de Ch\u00eda, seguida de las palabras de la Gestora Social, adem\u00e1s de la intervenci\u00f3n del secretario de Desarrollo Social, Mario Ernesto Delgado Arana.<\/p>\n\n<p>Durante la ma\u00f1ana, las asistentes, entre ellos, Julissa Ospina, Gestora Social de Cogua, y Juan Pablo Venegas, Gestor Social de Sop\u00f3, participaron en m\u00faltiples din\u00e1micas, como el mapa emocional de las lideresas, la presentaci\u00f3n musical del grupo de guitarra de la Casa de la Mujer y el desfile de artesanas, donde se compartieron testimonios de transformaci\u00f3n y empoderamiento.<\/p>\n\n<p>Entre los relatos m\u00e1s significativos estuvo el de Leidy Pilar Espitia L\u00f3pez:\u00a0\u2028\u201cQuiero dar infinitas gracias al equipo de la Casa de la Mujer, personas de gran coraz\u00f3n, siempre dispuestas a fortalecernos y a brindarnos espacios de aprendizaje y entretenimiento. Llegu\u00e9 a la Casa de la Mujer en un momento en el que mi vida dio un giro de 360 grados. Me encontraba atrapada en la depresi\u00f3n por haber perdido mi independencia, enfrentando la frustraci\u00f3n de cerrar mi negocio y la tristeza de recibir un diagn\u00f3stico de salud muy dif\u00edcil. Gracias a la atenci\u00f3n que me brindaron aqu\u00ed, pude comprender que esta es una nueva etapa. Descubr\u00ed que soy una buena artesana: he realizado dos niveles de bisuter\u00eda y ahora estoy en decoraci\u00f3n de prendas. Tambi\u00e9n aprend\u00ed a hacer mu\u00f1ecos de trapo. Realic\u00e9 un curso de cuidado al adulto mayor, que me ha permitido conocer mejor esta etapa a la que ya ingres\u00e9. Hice tambi\u00e9n un curso de primer respondiente (primeros auxilios). Particip\u00e9 en el taller literario para la mujer, donde compartimos nuestras vivencias y aprendimos a valorar mucho m\u00e1s lo que tenemos. Adem\u00e1s, tuve acceso a un espacio de conversaci\u00f3n muy importante con el \u00e1rea de psicolog\u00eda\u201d.<\/p>\n\n<p>La Secretar\u00eda de Movilidad present\u00f3 sus estrategias para incentivar la participaci\u00f3n de mujeres al volante del transporte municipal, y luego se llev\u00f3 a cabo el taller Herramientas de tanatolog\u00eda, orientado a la sanaci\u00f3n y el cierre de ciclos, de la mano del equipo del municipio de Sop\u00f3.<\/p>\n\n<p>Posteriormente, el Consejo Consultivo de Mujer y G\u00e9nero ofreci\u00f3 una charla sobre temperamento, a cargo del psic\u00f3logo Luis Carlos Morales. La jornada cerr\u00f3 con una presentaci\u00f3n de danza del grupo del adulto mayor de Casa D\u00eda Fagua y un mensaje final de agradecimiento.<\/p>\n\n<p>Agradecemos a la empresa de flores MG por su donaci\u00f3n la cual hizo m\u00e1s memorable este encuentro.La Juntanza de las Comadres reafirm\u00f3 el compromiso de la Administraci\u00f3n Municipal con el bienestar y el liderazgo de las mujeres\u00a0<\/p>\n\t\t\t\t\t\t\t\t<\/div>\n\t\t\t\t\t<\/div>\n\t\t\t\t<\/div>\n\t\t\t\t<\/div>\n\t\t","protected":false},"excerpt":{"rendered":"<p>Juntanza de las Comadres, un encuentro por la autonom\u00eda y el bienestar de las mujeres A trav\u00e9s de la Gestora Social Blanca Ang\u00e9lica Donoso Ruiz, la Secretar\u00eda de Desarrollo Social y la Direcci\u00f3n de Acci\u00f3n Social, realizaron la Juntanza de las Comadres, una jornada dedicada al encuentro entre diferentes municipios, la sanaci\u00f3n emocional y el [&hellip;]<\/p>\n","protected":false},"author":1,"featured_media":31758,"comment_status":"closed","ping_status":"closed","sticky":false,"template":"","format":"standard","meta":{"footnotes":""},"categories":[1190],"tags":[1320,422,558,1319,421,1318,761,1321,1322],"class_list":["post-31757","post","type-post","status-publish","format-standard","has-post-thumbnail","hentry","category-noticias-2025","tag-autonomia-economica","tag-bienestar","tag-comunidad","tag-empoderamiento-femenino","tag-equidad-de-genero","tag-liderazgo-femenino","tag-mujer","tag-sanacion-emocional","tag-transformacion"],"_links":{"self":[{"href":"https:\/\/chia-cundinamarca.gov.co\/web\/wp-json\/wp\/v2\/posts\/31757","targetHints":{"allow":["GET"]}}],"collection":[{"href":"https:\/\/chia-cundinamarca.gov.co\/web\/wp-json\/wp\/v2\/posts"}],"about":[{"href":"https:\/\/chia-cundinamarca.gov.co\/web\/wp-json\/wp\/v2\/types\/post"}],"author":[{"embeddable":true,"href":"https:\/\/chia-cundinamarca.gov.co\/web\/wp-json\/wp\/v2\/users\/1"}],"replies":[{"embeddable":true,"href":"https:\/\/chia-cundinamarca.gov.co\/web\/wp-json\/wp\/v2\/comments?post=31757"}],"version-history":[{"count":7,"href":"https:\/\/chia-cundinamarca.gov.co\/web\/wp-json\/wp\/v2\/posts\/31757\/revisions"}],"predecessor-version":[{"id":31776,"href":"https:\/\/chia-cundinamarca.gov.co\/web\/wp-json\/wp\/v2\/posts\/31757\/revisions\/31776"}],"wp:featuredmedia":[{"embeddable":true,"href":"https:\/\/chia-cundinamarca.gov.co\/web\/wp-json\/wp\/v2\/media\/31758"}],"wp:attachment":[{"href":"https:\/\/chia-cundinamarca.gov.co\/web\/wp-json\/wp\/v2\/media?parent=31757"}],"wp:term":[{"taxonomy":"category","embeddable":true,"href":"https:\/\/chia-cundinamarca.gov.co\/web\/wp-json\/wp\/v2\/categories?post=31757"},{"taxonomy":"post_tag","embeddable":true,"href":"https:\/\/chia-cundinamarca.gov.co\/web\/wp-json\/wp\/v2\/tags?post=31757"}],"curies":[{"name":"wp","href":"https:\/\/api.w.org\/{rel}","templated":true}]}}