{"id":3181,"date":"2024-02-07T19:21:54","date_gmt":"2024-02-07T18:21:54","guid":{"rendered":"https:\/\/chia-cundinamarca.gov.co\/web\/?p=3181"},"modified":"2024-02-07T19:26:19","modified_gmt":"2024-02-07T18:26:19","slug":"se-estudia-regreso-de-punto-de-atencion-al-migrante-en-chia","status":"publish","type":"post","link":"https:\/\/chia-cundinamarca.gov.co\/web\/2024\/02\/se-estudia-regreso-de-punto-de-atencion-al-migrante-en-chia\/","title":{"rendered":"Se estudia regreso de Punto de Atenci\u00f3n al Migrante en Ch\u00eda"},"content":{"rendered":"\t\t<div data-elementor-type=\"wp-post\" data-elementor-id=\"3181\" class=\"elementor elementor-3181\" data-elementor-post-type=\"post\">\n\t\t\t\t<div class=\"elementor-element elementor-element-34b48e59 e-flex e-con-boxed e-con e-parent\" data-id=\"34b48e59\" data-element_type=\"container\" data-e-type=\"container\">\n\t\t\t\t\t<div class=\"e-con-inner\">\n\t\t\t\t<div class=\"elementor-element elementor-element-fe58fa9 elementor-widget elementor-widget-heading\" data-id=\"fe58fa9\" data-element_type=\"widget\" data-e-type=\"widget\" data-widget_type=\"heading.default\">\n\t\t\t\t\t<h2 class=\"elementor-heading-title elementor-size-default\">Se estudia regreso a Ch\u00eda de un Punto de Atenci\u00f3n al Migrante <\/h2>\t\t\t\t<\/div>\n\t\t\t\t<div class=\"elementor-element elementor-element-2ecec2a elementor-widget elementor-widget-image\" data-id=\"2ecec2a\" data-element_type=\"widget\" data-e-type=\"widget\" data-widget_type=\"image.default\">\n\t\t\t\t\t\t\t\t\t\t\t\t\t\t\t<img fetchpriority=\"high\" decoding=\"async\" width=\"768\" height=\"512\" src=\"https:\/\/chia-cundinamarca.gov.co\/web\/wp-content\/uploads\/2024\/02\/Punto-de-Atencion-Migratorio-768x512.jpeg\" class=\"attachment-medium_large size-medium_large wp-image-3182\" alt=\"Se estudia regreso de Punto de Atenci\u00f3n al Migrante en Ch\u00eda\" srcset=\"https:\/\/chia-cundinamarca.gov.co\/web\/wp-content\/uploads\/2024\/02\/Punto-de-Atencion-Migratorio-768x512.jpeg 768w, https:\/\/chia-cundinamarca.gov.co\/web\/wp-content\/uploads\/2024\/02\/Punto-de-Atencion-Migratorio-300x200.jpeg 300w, https:\/\/chia-cundinamarca.gov.co\/web\/wp-content\/uploads\/2024\/02\/Punto-de-Atencion-Migratorio-1024x682.jpeg 1024w, https:\/\/chia-cundinamarca.gov.co\/web\/wp-content\/uploads\/2024\/02\/Punto-de-Atencion-Migratorio.jpeg 1280w\" sizes=\"(max-width: 768px) 100vw, 768px\" \/>\t\t\t\t\t\t\t\t\t\t\t\t\t\t\t<\/div>\n\t\t\t\t<div class=\"elementor-element elementor-element-5831ca24 elementor-widget elementor-widget-text-editor\" data-id=\"5831ca24\" data-element_type=\"widget\" data-e-type=\"widget\" data-widget_type=\"text-editor.default\">\n\t\t\t\t\t\t\t\t\tDurante una reuni\u00f3n con Migraci\u00f3n Colombia y el asesor de despacho de la Alcald\u00eda de Ch\u00eda, Juan Pablo Ram\u00edrez Galindo, se dej\u00f3 sobre la mesa la propuesta de volver a traer a Ch\u00eda un punto de atenci\u00f3n de servicios migratorios.\r\n\r\nPara Karla Machado, directora de Regi\u00f3n Andina de Migraci\u00f3n Colombia, reanudar este servicio en el municipio permitir\u00e1 generar contingencias y tener un mayor control de la poblaci\u00f3n migrante en el municipio.\r\n\r\nAs\u00ed las cosas, se gener\u00f3 un cronograma entre la administraci\u00f3n y dicha entidad para establecer la operatividad, log\u00edstica y disposici\u00f3n del punto.\t\t\t\t\t\t\t\t<\/div>\n\t\t\t\t<div class=\"elementor-element elementor-element-745ce25 elementor-widget elementor-widget-gallery\" data-id=\"745ce25\" data-element_type=\"widget\" data-e-type=\"widget\" data-settings=\"{&quot;lazyload&quot;:&quot;yes&quot;,&quot;gallery_layout&quot;:&quot;grid&quot;,&quot;columns&quot;:4,&quot;columns_tablet&quot;:2,&quot;columns_mobile&quot;:1,&quot;gap&quot;:{&quot;unit&quot;:&quot;px&quot;,&quot;size&quot;:10,&quot;sizes&quot;:[]},&quot;gap_tablet&quot;:{&quot;unit&quot;:&quot;px&quot;,&quot;size&quot;:10,&quot;sizes&quot;:[]},&quot;gap_mobile&quot;:{&quot;unit&quot;:&quot;px&quot;,&quot;size&quot;:10,&quot;sizes&quot;:[]},&quot;link_to&quot;:&quot;file&quot;,&quot;aspect_ratio&quot;:&quot;3:2&quot;,&quot;overlay_background&quot;:&quot;yes&quot;,&quot;content_hover_animation&quot;:&quot;fade-in&quot;}\" data-widget_type=\"gallery.default\">\n\t\t\t\t\t\t\t<div class=\"elementor-gallery__container\">\n\t\t\t\t\t\t\t<a class=\"e-gallery-item elementor-gallery-item elementor-animated-content\" href=\"https:\/\/chia-cundinamarca.gov.co\/web\/wp-content\/uploads\/2024\/02\/Karla-Machado-directora-de-Region-Andina-de-Migracion-Colombia.jpeg\" data-elementor-open-lightbox=\"yes\" data-elementor-lightbox-slideshow=\"745ce25\" data-elementor-lightbox-title=\"Karla Machado, directora de Regi\u00f3n Andina de Migraci\u00f3n Colombia\" data-e-action-hash=\"#elementor-action%3Aaction%3Dlightbox%26settings%3DeyJpZCI6MzE4NCwidXJsIjoiaHR0cHM6XC9cL2NoaWEtY3VuZGluYW1hcmNhLmdvdi5jb1wvd2ViXC93cC1jb250ZW50XC91cGxvYWRzXC8yMDI0XC8wMlwvS2FybGEtTWFjaGFkby1kaXJlY3RvcmEtZGUtUmVnaW9uLUFuZGluYS1kZS1NaWdyYWNpb24tQ29sb21iaWEuanBlZyIsInNsaWRlc2hvdyI6Ijc0NWNlMjUifQ%3D%3D\">\n\t\t\t\t\t<div class=\"e-gallery-image elementor-gallery-item__image\" data-thumbnail=\"https:\/\/chia-cundinamarca.gov.co\/web\/wp-content\/uploads\/2024\/02\/Karla-Machado-directora-de-Region-Andina-de-Migracion-Colombia-300x200.jpeg\" data-width=\"300\" data-height=\"200\" aria-label=\"\" role=\"img\" ><\/div>\n\t\t\t\t\t\t\t\t\t\t\t<div class=\"elementor-gallery-item__overlay\"><\/div>\n\t\t\t\t\t\t\t\t\t\t\t\t\t\t<\/a>\n\t\t\t\t\t\t\t<a class=\"e-gallery-item elementor-gallery-item elementor-animated-content\" href=\"https:\/\/chia-cundinamarca.gov.co\/web\/wp-content\/uploads\/2024\/02\/Delegacion-de-Chia-y-Migracion-Colombia.jpeg\" data-elementor-open-lightbox=\"yes\" data-elementor-lightbox-slideshow=\"745ce25\" data-elementor-lightbox-title=\"Delegaci\u00f3n de Ch\u00eda y Migraci\u00f3n Colombia\" data-elementor-lightbox-description=\"Se estudia regreso de Punto de Atenci\u00f3n al Migrante en Ch\u00eda\" data-e-action-hash=\"#elementor-action%3Aaction%3Dlightbox%26settings%3DeyJpZCI6MzE4NiwidXJsIjoiaHR0cHM6XC9cL2NoaWEtY3VuZGluYW1hcmNhLmdvdi5jb1wvd2ViXC93cC1jb250ZW50XC91cGxvYWRzXC8yMDI0XC8wMlwvRGVsZWdhY2lvbi1kZS1DaGlhLXktTWlncmFjaW9uLUNvbG9tYmlhLmpwZWciLCJzbGlkZXNob3ciOiI3NDVjZTI1In0%3D\">\n\t\t\t\t\t<div class=\"e-gallery-image elementor-gallery-item__image\" data-thumbnail=\"https:\/\/chia-cundinamarca.gov.co\/web\/wp-content\/uploads\/2024\/02\/Delegacion-de-Chia-y-Migracion-Colombia-300x200.jpeg\" data-width=\"300\" data-height=\"200\" aria-label=\"Se estudia regreso de Punto de Atenci\u00f3n al Migrante en Ch\u00eda\" role=\"img\" ><\/div>\n\t\t\t\t\t\t\t\t\t\t\t<div class=\"elementor-gallery-item__overlay\"><\/div>\n\t\t\t\t\t\t\t\t\t\t\t\t\t\t<\/a>\n\t\t\t\t\t<\/div>\n\t\t\t\t\t<\/div>\n\t\t\t\t\t<\/div>\n\t\t\t\t<\/div>\n\t\t\t\t<\/div>\n\t\t","protected":false},"excerpt":{"rendered":"<p>Se estudia regreso a Ch\u00eda de un Punto de Atenci\u00f3n al Migrante Durante una reuni\u00f3n con Migraci\u00f3n Colombia y el asesor de despacho de la Alcald\u00eda de Ch\u00eda, Juan Pablo Ram\u00edrez Galindo, se dej\u00f3 sobre la mesa la propuesta de volver a traer a Ch\u00eda un punto de atenci\u00f3n de servicios migratorios. Para Karla Machado, [&hellip;]<\/p>\n","protected":false},"author":1,"featured_media":3182,"comment_status":"closed","ping_status":"closed","sticky":false,"template":"","format":"standard","meta":{"footnotes":""},"categories":[17],"tags":[60,37,131,130],"class_list":["post-3181","post","type-post","status-publish","format-standard","has-post-thumbnail","hentry","category-noticias-2024","tag-alcaldia-de-chia","tag-leonardo-donoso","tag-migracion","tag-region-andina-de-migracion-colombia"],"_links":{"self":[{"href":"https:\/\/chia-cundinamarca.gov.co\/web\/wp-json\/wp\/v2\/posts\/3181","targetHints":{"allow":["GET"]}}],"collection":[{"href":"https:\/\/chia-cundinamarca.gov.co\/web\/wp-json\/wp\/v2\/posts"}],"about":[{"href":"https:\/\/chia-cundinamarca.gov.co\/web\/wp-json\/wp\/v2\/types\/post"}],"author":[{"embeddable":true,"href":"https:\/\/chia-cundinamarca.gov.co\/web\/wp-json\/wp\/v2\/users\/1"}],"replies":[{"embeddable":true,"href":"https:\/\/chia-cundinamarca.gov.co\/web\/wp-json\/wp\/v2\/comments?post=3181"}],"version-history":[{"count":0,"href":"https:\/\/chia-cundinamarca.gov.co\/web\/wp-json\/wp\/v2\/posts\/3181\/revisions"}],"wp:featuredmedia":[{"embeddable":true,"href":"https:\/\/chia-cundinamarca.gov.co\/web\/wp-json\/wp\/v2\/media\/3182"}],"wp:attachment":[{"href":"https:\/\/chia-cundinamarca.gov.co\/web\/wp-json\/wp\/v2\/media?parent=3181"}],"wp:term":[{"taxonomy":"category","embeddable":true,"href":"https:\/\/chia-cundinamarca.gov.co\/web\/wp-json\/wp\/v2\/categories?post=3181"},{"taxonomy":"post_tag","embeddable":true,"href":"https:\/\/chia-cundinamarca.gov.co\/web\/wp-json\/wp\/v2\/tags?post=3181"}],"curies":[{"name":"wp","href":"https:\/\/api.w.org\/{rel}","templated":true}]}}