{"id":32931,"date":"2026-01-20T15:05:35","date_gmt":"2026-01-20T20:05:35","guid":{"rendered":"https:\/\/chia-cundinamarca.gov.co\/web\/?p=32931"},"modified":"2026-01-20T15:10:55","modified_gmt":"2026-01-20T20:10:55","slug":"elecciones-de-las-juntas-de-accion-comunal-y-las-juntas-de-vivienda-comunitaria-en-chia","status":"publish","type":"post","link":"https:\/\/chia-cundinamarca.gov.co\/web\/2026\/01\/elecciones-de-las-juntas-de-accion-comunal-y-las-juntas-de-vivienda-comunitaria-en-chia\/","title":{"rendered":"Elecciones de las Juntas de Acci\u00f3n Comunal y las Juntas de Vivienda Comunitaria en Ch\u00eda"},"content":{"rendered":"\t\t<div data-elementor-type=\"wp-post\" data-elementor-id=\"32931\" class=\"elementor elementor-32931\" data-elementor-post-type=\"post\">\n\t\t\t\t<div class=\"elementor-element elementor-element-57c0a725 e-flex e-con-boxed e-con e-parent\" data-id=\"57c0a725\" data-element_type=\"container\" data-e-type=\"container\">\n\t\t\t\t\t<div class=\"e-con-inner\">\n\t\t\t\t<div class=\"elementor-element elementor-element-b7669ad elementor-widget elementor-widget-heading\" data-id=\"b7669ad\" data-element_type=\"widget\" data-e-type=\"widget\" data-widget_type=\"heading.default\">\n\t\t\t\t\t<h2 class=\"elementor-heading-title elementor-size-default\">Elecciones de las Juntas de Acci\u00f3n Comunal y las Juntas de Vivienda Comunitaria en Ch\u00eda<\/h2>\t\t\t\t<\/div>\n\t\t\t\t<div class=\"elementor-element elementor-element-34cd844 elementor-widget elementor-widget-image\" data-id=\"34cd844\" data-element_type=\"widget\" data-e-type=\"widget\" data-widget_type=\"image.default\">\n\t\t\t\t\t\t\t\t\t\t\t\t\t\t\t<img fetchpriority=\"high\" decoding=\"async\" width=\"768\" height=\"768\" src=\"https:\/\/chia-cundinamarca.gov.co\/web\/wp-content\/uploads\/2026\/01\/Elecciones-de-las-Juntas-de-Accion-Comunal-y-las-Juntas-de-Vivienda-Comunitaria-en-Chia-768x768.jpeg\" class=\"attachment-medium_large size-medium_large wp-image-32932\" alt=\"Elecciones de las Juntas de Acci\u00f3n Comunal y las Juntas de Vivienda Comunitaria en Ch\u00eda\" srcset=\"https:\/\/chia-cundinamarca.gov.co\/web\/wp-content\/uploads\/2026\/01\/Elecciones-de-las-Juntas-de-Accion-Comunal-y-las-Juntas-de-Vivienda-Comunitaria-en-Chia-768x768.jpeg 768w, https:\/\/chia-cundinamarca.gov.co\/web\/wp-content\/uploads\/2026\/01\/Elecciones-de-las-Juntas-de-Accion-Comunal-y-las-Juntas-de-Vivienda-Comunitaria-en-Chia-300x300.jpeg 300w, https:\/\/chia-cundinamarca.gov.co\/web\/wp-content\/uploads\/2026\/01\/Elecciones-de-las-Juntas-de-Accion-Comunal-y-las-Juntas-de-Vivienda-Comunitaria-en-Chia-1024x1024.jpeg 1024w, https:\/\/chia-cundinamarca.gov.co\/web\/wp-content\/uploads\/2026\/01\/Elecciones-de-las-Juntas-de-Accion-Comunal-y-las-Juntas-de-Vivienda-Comunitaria-en-Chia-150x150.jpeg 150w, https:\/\/chia-cundinamarca.gov.co\/web\/wp-content\/uploads\/2026\/01\/Elecciones-de-las-Juntas-de-Accion-Comunal-y-las-Juntas-de-Vivienda-Comunitaria-en-Chia-1536x1536.jpeg 1536w, https:\/\/chia-cundinamarca.gov.co\/web\/wp-content\/uploads\/2026\/01\/Elecciones-de-las-Juntas-de-Accion-Comunal-y-las-Juntas-de-Vivienda-Comunitaria-en-Chia.jpeg 1600w\" sizes=\"(max-width: 768px) 100vw, 768px\" \/>\t\t\t\t\t\t\t\t\t\t\t\t\t\t\t<\/div>\n\t\t\t\t<div class=\"elementor-element elementor-element-603809ef elementor-widget elementor-widget-text-editor\" data-id=\"603809ef\" data-element_type=\"widget\" data-e-type=\"widget\" data-widget_type=\"text-editor.default\">\n\t\t\t\t\t\t\t\t\t\n<p>El Ministerio del Interior, a trav\u00e9s de la Direcci\u00f3n para la Democracia, la Participaci\u00f3n Ciudadana y la Acci\u00f3n Comunal, expidi\u00f3 los lineamientos oficiales que orientar\u00e1n el desarrollo de las elecciones comunales de 2026, dirigidos a las Juntas de Acci\u00f3n Comunal, Juntas de Vivienda Comunitaria y dem\u00e1s organismos comunales, en cumplimiento de la Ley 2166 de 2021 y el Decreto 1501 de 2023.<\/p>\n\n\n\n<p>De acuerdo con el calendario nacional, las elecciones de dignatarios de las Juntas de Acci\u00f3n Comunal y las Juntas de Vivienda Comunitaria se realizar\u00e1n el domingo 26 de abril de 2026 y quienes resulten elegidos tomar\u00e1n posesi\u00f3n el 1 de julio del mismo a\u00f1o.&nbsp;<\/p>\n\n\n\n<p>En este sentido, el Tribunal de Garant\u00edas deber\u00e1 constituirse con m\u00ednimo treinta d\u00edas de antelaci\u00f3n, es decir, a m\u00e1s tardar el 26 de marzo de 2026. Estar\u00e1 integrado por tres afiliados, quienes tendr\u00e1n a su cargo funciones clave como la verificaci\u00f3n de candidaturas, la direcci\u00f3n de la jornada electoral y la realizaci\u00f3n del escrutinio, asegurando la transparencia del proceso.<\/p>\n\n\n\n<p>La Alcald\u00eda de Ch\u00eda, por medio de la Secretar\u00eda de Participaci\u00f3n Ciudadana y Acci\u00f3n Comunitaria, realizar\u00e1 acompa\u00f1amiento permanente al proceso electoral, orientando a dignatarios y afiliados, brindando espacios de capacitaci\u00f3n y facilitando modelos y formatos electorales, como parte de su compromiso con el fortalecimiento de la democracia participativa de las 61 juntas de acci\u00f3n comunal del municipio.<\/p>\n\n\n\n<p>Invitamos a los dignatarios, afiliados de las juntas y dem\u00e1s interesados a participar activamente de los acompa\u00f1amientos que ser\u00e1n brindados a trav\u00e9s del equipo de padrinos y funcionarios de la Secretar\u00eda, as\u00ed como a los comunicados oficiales emitidos, en los que se dar\u00e1n los lineamientos, requisitos y fechas relevantes que garanticen el cumplimiento de la legislaci\u00f3n comunal durante el proceso.<\/p>\n\t\t\t\t\t\t\t\t<\/div>\n\t\t\t\t\t<\/div>\n\t\t\t\t<\/div>\n\t\t\t\t<\/div>\n\t\t","protected":false},"excerpt":{"rendered":"<p>Elecciones de las Juntas de Acci\u00f3n Comunal y las Juntas de Vivienda Comunitaria en Ch\u00eda El Ministerio del Interior, a trav\u00e9s de la Direcci\u00f3n para la Democracia, la Participaci\u00f3n Ciudadana y la Acci\u00f3n Comunal, expidi\u00f3 los lineamientos oficiales que orientar\u00e1n el desarrollo de las elecciones comunales de 2026, dirigidos a las Juntas de Acci\u00f3n Comunal, [&hellip;]<\/p>\n","protected":false},"author":1,"featured_media":32932,"comment_status":"closed","ping_status":"closed","sticky":false,"template":"","format":"standard","meta":{"footnotes":""},"categories":[1329],"tags":[],"class_list":["post-32931","post","type-post","status-publish","format-standard","has-post-thumbnail","hentry","category-noticias-2026"],"_links":{"self":[{"href":"https:\/\/chia-cundinamarca.gov.co\/web\/wp-json\/wp\/v2\/posts\/32931","targetHints":{"allow":["GET"]}}],"collection":[{"href":"https:\/\/chia-cundinamarca.gov.co\/web\/wp-json\/wp\/v2\/posts"}],"about":[{"href":"https:\/\/chia-cundinamarca.gov.co\/web\/wp-json\/wp\/v2\/types\/post"}],"author":[{"embeddable":true,"href":"https:\/\/chia-cundinamarca.gov.co\/web\/wp-json\/wp\/v2\/users\/1"}],"replies":[{"embeddable":true,"href":"https:\/\/chia-cundinamarca.gov.co\/web\/wp-json\/wp\/v2\/comments?post=32931"}],"version-history":[{"count":4,"href":"https:\/\/chia-cundinamarca.gov.co\/web\/wp-json\/wp\/v2\/posts\/32931\/revisions"}],"predecessor-version":[{"id":32937,"href":"https:\/\/chia-cundinamarca.gov.co\/web\/wp-json\/wp\/v2\/posts\/32931\/revisions\/32937"}],"wp:featuredmedia":[{"embeddable":true,"href":"https:\/\/chia-cundinamarca.gov.co\/web\/wp-json\/wp\/v2\/media\/32932"}],"wp:attachment":[{"href":"https:\/\/chia-cundinamarca.gov.co\/web\/wp-json\/wp\/v2\/media?parent=32931"}],"wp:term":[{"taxonomy":"category","embeddable":true,"href":"https:\/\/chia-cundinamarca.gov.co\/web\/wp-json\/wp\/v2\/categories?post=32931"},{"taxonomy":"post_tag","embeddable":true,"href":"https:\/\/chia-cundinamarca.gov.co\/web\/wp-json\/wp\/v2\/tags?post=32931"}],"curies":[{"name":"wp","href":"https:\/\/api.w.org\/{rel}","templated":true}]}}