{"id":32960,"date":"2026-01-23T11:19:51","date_gmt":"2026-01-23T16:19:51","guid":{"rendered":"https:\/\/chia-cundinamarca.gov.co\/web\/?p=32960"},"modified":"2026-01-23T11:31:29","modified_gmt":"2026-01-23T16:31:29","slug":"alcaldia-de-chia-aclara-informacion-sobre-la-instalacion-de-camaras-de-seguridad-vial","status":"publish","type":"post","link":"https:\/\/chia-cundinamarca.gov.co\/web\/2026\/01\/alcaldia-de-chia-aclara-informacion-sobre-la-instalacion-de-camaras-de-seguridad-vial\/","title":{"rendered":"Alcald\u00eda de Ch\u00eda aclara informaci\u00f3n sobre la instalaci\u00f3n de c\u00e1maras de seguridad vial (Caracol Radio)"},"content":{"rendered":"\t\t<div data-elementor-type=\"wp-post\" data-elementor-id=\"32960\" class=\"elementor elementor-32960\" data-elementor-post-type=\"post\">\n\t\t\t\t<div class=\"elementor-element elementor-element-97faff2 e-flex e-con-boxed e-con e-parent\" data-id=\"97faff2\" data-element_type=\"container\" data-e-type=\"container\">\n\t\t\t\t\t<div class=\"e-con-inner\">\n\t\t\t\t<div class=\"elementor-element elementor-element-d35ba15 elementor-widget elementor-widget-heading\" data-id=\"d35ba15\" data-element_type=\"widget\" data-e-type=\"widget\" data-widget_type=\"heading.default\">\n\t\t\t\t\t<h2 class=\"elementor-heading-title elementor-size-default\">Alcald\u00eda de Ch\u00eda aclara informaci\u00f3n sobre la instalaci\u00f3n de c\u00e1maras de seguridad vial<\/h2>\t\t\t\t<\/div>\n\t\t\t\t\t<\/div>\n\t\t\t\t<\/div>\n\t\t<div class=\"elementor-element elementor-element-6e6d230 e-flex e-con-boxed e-con e-parent\" data-id=\"6e6d230\" data-element_type=\"container\" data-e-type=\"container\">\n\t\t\t\t\t<div class=\"e-con-inner\">\n\t\t\t\t<div class=\"elementor-element elementor-element-56f9859 elementor-widget elementor-widget-image\" data-id=\"56f9859\" data-element_type=\"widget\" data-e-type=\"widget\" data-widget_type=\"image.default\">\n\t\t\t\t\t\t\t\t\t\t\t\t\t\t\t<img fetchpriority=\"high\" decoding=\"async\" width=\"650\" height=\"488\" src=\"https:\/\/chia-cundinamarca.gov.co\/web\/wp-content\/uploads\/2026\/01\/Caracol-Radio-camaras-de-fotomultas.avif\" class=\"attachment-large size-large wp-image-32963\" alt=\"\" \/>\t\t\t\t\t\t\t\t\t\t\t\t\t\t\t<\/div>\n\t\t\t\t\t<\/div>\n\t\t\t\t<\/div>\n\t\t<div class=\"elementor-element elementor-element-d1716ae e-flex e-con-boxed e-con e-parent\" data-id=\"d1716ae\" data-element_type=\"container\" data-e-type=\"container\">\n\t\t\t\t\t<div class=\"e-con-inner\">\n\t\t\t\t<div class=\"elementor-element elementor-element-11a4332 elementor-widget elementor-widget-text-editor\" data-id=\"11a4332\" data-element_type=\"widget\" data-e-type=\"widget\" data-widget_type=\"text-editor.default\">\n\t\t\t\t\t\t\t\t\t<p>La Alcald\u00eda de Ch\u00eda aclar\u00f3 que la informaci\u00f3n que ha circulado recientemente sobre la instalaci\u00f3n de c\u00e1maras de seguridad vial en Cuatro Puntos, Fontanar, la Autopista Norte en el sector de PriceSmart, la v\u00eda hacia Tunja y la Carrera S\u00e9ptima,\u00a0<b>a la altura de la Universidad de La Sabana, no corresponde a la situaci\u00f3n actual.<\/b><\/p><p>En ese sentido, la Alcald\u00eda indic\u00f3 que hasta la fecha, no se han instalado c\u00e1maras en estos puntos. Sin embargo, aclar\u00f3 que\u00a0<b>s\u00ed existe es una autorizaci\u00f3n previa por parte de la Agencia Nacional de Seguridad Vial para su futura instalaci\u00f3n, que se realizar\u00e1 en las pr\u00f3ximas semanas.<\/b><\/p><p>\u00a0<\/p><p>La Alcald\u00eda de Ch\u00eda aclar\u00f3 que la informaci\u00f3n que ha circulado recientemente sobre la instalaci\u00f3n de c\u00e1maras de seguridad vial en Cuatro Puntos, Fontanar, la Autopista Norte en el sector de PriceSmart, la v\u00eda hacia Tunja y la Carrera S\u00e9ptima,\u00a0<b>a la altura de la Universidad de La Sabana, no corresponde a la situaci\u00f3n actual.<\/b><\/p><p>En ese sentido, la Alcald\u00eda indic\u00f3 que hasta la fecha, no se han instalado c\u00e1maras en estos puntos. Sin embargo, aclar\u00f3 que\u00a0<b>s\u00ed existe es una autorizaci\u00f3n previa por parte de la Agencia Nacional de Seguridad Vial para su futura instalaci\u00f3n, que se realizar\u00e1 en las pr\u00f3ximas semanas.<br \/><br \/><\/b><\/p><p><a href=\"https:\/\/caracol.com.co\/2026\/01\/23\/alcaldia-de-chia-aclara-informacion-sobre-la-instalacion-de-camaras-de-seguridad-vial\/\" target=\"_blank\" rel=\"noopener\">Ver M\u00e1s<\/a><\/p>\t\t\t\t\t\t\t\t<\/div>\n\t\t\t\t\t<\/div>\n\t\t\t\t<\/div>\n\t\t\t\t<\/div>\n\t\t","protected":false},"excerpt":{"rendered":"<p>Alcald\u00eda de Ch\u00eda aclara informaci\u00f3n sobre la instalaci\u00f3n de c\u00e1maras de seguridad vial La Alcald\u00eda de Ch\u00eda aclar\u00f3 que la informaci\u00f3n que ha circulado recientemente sobre la instalaci\u00f3n de c\u00e1maras de seguridad vial en Cuatro Puntos, Fontanar, la Autopista Norte en el sector de PriceSmart, la v\u00eda hacia Tunja y la Carrera S\u00e9ptima,\u00a0a la altura [&hellip;]<\/p>\n","protected":false},"author":1,"featured_media":32963,"comment_status":"closed","ping_status":"closed","sticky":false,"template":"","format":"standard","meta":{"footnotes":""},"categories":[31],"tags":[],"class_list":["post-32960","post","type-post","status-publish","format-standard","has-post-thumbnail","hentry","category-asi-nos-ven-los-medios"],"_links":{"self":[{"href":"https:\/\/chia-cundinamarca.gov.co\/web\/wp-json\/wp\/v2\/posts\/32960","targetHints":{"allow":["GET"]}}],"collection":[{"href":"https:\/\/chia-cundinamarca.gov.co\/web\/wp-json\/wp\/v2\/posts"}],"about":[{"href":"https:\/\/chia-cundinamarca.gov.co\/web\/wp-json\/wp\/v2\/types\/post"}],"author":[{"embeddable":true,"href":"https:\/\/chia-cundinamarca.gov.co\/web\/wp-json\/wp\/v2\/users\/1"}],"replies":[{"embeddable":true,"href":"https:\/\/chia-cundinamarca.gov.co\/web\/wp-json\/wp\/v2\/comments?post=32960"}],"version-history":[{"count":8,"href":"https:\/\/chia-cundinamarca.gov.co\/web\/wp-json\/wp\/v2\/posts\/32960\/revisions"}],"predecessor-version":[{"id":32970,"href":"https:\/\/chia-cundinamarca.gov.co\/web\/wp-json\/wp\/v2\/posts\/32960\/revisions\/32970"}],"wp:featuredmedia":[{"embeddable":true,"href":"https:\/\/chia-cundinamarca.gov.co\/web\/wp-json\/wp\/v2\/media\/32963"}],"wp:attachment":[{"href":"https:\/\/chia-cundinamarca.gov.co\/web\/wp-json\/wp\/v2\/media?parent=32960"}],"wp:term":[{"taxonomy":"category","embeddable":true,"href":"https:\/\/chia-cundinamarca.gov.co\/web\/wp-json\/wp\/v2\/categories?post=32960"},{"taxonomy":"post_tag","embeddable":true,"href":"https:\/\/chia-cundinamarca.gov.co\/web\/wp-json\/wp\/v2\/tags?post=32960"}],"curies":[{"name":"wp","href":"https:\/\/api.w.org\/{rel}","templated":true}]}}