{"id":33538,"date":"2026-02-16T12:04:50","date_gmt":"2026-02-16T17:04:50","guid":{"rendered":"https:\/\/chia-cundinamarca.gov.co\/web\/?p=33538"},"modified":"2026-02-16T12:12:55","modified_gmt":"2026-02-16T17:12:55","slug":"chia-es-nueva-base-regional-de-la-patrulla-purpura-para-seis-municipios-de-sabana","status":"publish","type":"post","link":"https:\/\/chia-cundinamarca.gov.co\/web\/2026\/02\/chia-es-nueva-base-regional-de-la-patrulla-purpura-para-seis-municipios-de-sabana\/","title":{"rendered":"Ch\u00eda es nueva base regional de la Patrulla P\u00farpura para seis municipios de Sabana"},"content":{"rendered":"\t\t<div data-elementor-type=\"wp-post\" data-elementor-id=\"33538\" class=\"elementor elementor-33538\" data-elementor-post-type=\"post\">\n\t\t\t\t<div class=\"elementor-element elementor-element-112876fb e-flex e-con-boxed e-con e-parent\" data-id=\"112876fb\" data-element_type=\"container\" data-e-type=\"container\">\n\t\t\t\t\t<div class=\"e-con-inner\">\n\t\t\t\t<div class=\"elementor-element elementor-element-6cbd2ee elementor-widget elementor-widget-heading\" data-id=\"6cbd2ee\" data-element_type=\"widget\" data-e-type=\"widget\" data-widget_type=\"heading.default\">\n\t\t\t\t\t<h2 class=\"elementor-heading-title elementor-size-default\">Ch\u00eda es nueva base regional de la Patrulla P\u00farpura para seis municipios de Sabana<\/h2>\t\t\t\t<\/div>\n\t\t\t\t<div class=\"elementor-element elementor-element-79389a2 elementor-widget elementor-widget-image\" data-id=\"79389a2\" data-element_type=\"widget\" data-e-type=\"widget\" data-widget_type=\"image.default\">\n\t\t\t\t\t\t\t\t\t\t\t\t\t\t\t<img fetchpriority=\"high\" decoding=\"async\" width=\"768\" height=\"576\" src=\"https:\/\/chia-cundinamarca.gov.co\/web\/wp-content\/uploads\/2026\/02\/Chia-es-nueva-base-regional-de-la-Patrulla-Purpura-para-seis-municipios-de-Sabana-768x576.jpeg\" class=\"attachment-medium_large size-medium_large wp-image-33539\" alt=\"Ch\u00eda es nueva base regional de la Patrulla P\u00farpura para seis municipios de Sabana\" srcset=\"https:\/\/chia-cundinamarca.gov.co\/web\/wp-content\/uploads\/2026\/02\/Chia-es-nueva-base-regional-de-la-Patrulla-Purpura-para-seis-municipios-de-Sabana-768x576.jpeg 768w, https:\/\/chia-cundinamarca.gov.co\/web\/wp-content\/uploads\/2026\/02\/Chia-es-nueva-base-regional-de-la-Patrulla-Purpura-para-seis-municipios-de-Sabana-300x225.jpeg 300w, https:\/\/chia-cundinamarca.gov.co\/web\/wp-content\/uploads\/2026\/02\/Chia-es-nueva-base-regional-de-la-Patrulla-Purpura-para-seis-municipios-de-Sabana-1024x768.jpeg 1024w, https:\/\/chia-cundinamarca.gov.co\/web\/wp-content\/uploads\/2026\/02\/Chia-es-nueva-base-regional-de-la-Patrulla-Purpura-para-seis-municipios-de-Sabana-1536x1152.jpeg 1536w, https:\/\/chia-cundinamarca.gov.co\/web\/wp-content\/uploads\/2026\/02\/Chia-es-nueva-base-regional-de-la-Patrulla-Purpura-para-seis-municipios-de-Sabana.jpeg 1600w\" sizes=\"(max-width: 768px) 100vw, 768px\" \/>\t\t\t\t\t\t\t\t\t\t\t\t\t\t\t<\/div>\n\t\t\t\t<div class=\"elementor-element elementor-element-7ebb2d13 elementor-widget elementor-widget-text-editor\" data-id=\"7ebb2d13\" data-element_type=\"widget\" data-e-type=\"widget\" data-widget_type=\"text-editor.default\">\n\t\t\t\t\t\t\t\t\t\n<p>Ch\u00eda contin\u00faa fortaleciendo su liderazgo en materia de seguridad y protecci\u00f3n de derechos. Por ello, el alcalde Leonardo Donoso, junto al comandante de la estaci\u00f3n de polic\u00eda Ch\u00eda, teniente coronel Jonathan Amaya, recibieron a delegados del departamento de polic\u00eda de la Sabana, quienes anunciaron que el municipio ser\u00e1 la nueva base de la Patrulla P\u00farpura.<\/p>\n\n\n\n<p>Como parte de este fortalecimiento, se cuenta con dos unidades adicionales especializadas que permitir\u00e1n reforzar la atenci\u00f3n inmediata en casos de violencia de g\u00e9nero y violencia intrafamiliar, ampliando la capacidad operativa no solo para Ch\u00eda, sino tambi\u00e9n para Tabio, Cajic\u00e1, Sop\u00f3, Tenjo y Cota.<\/p>\n\n\n\n<p>As\u00ed mismo, en la estaci\u00f3n de Polic\u00eda de Ch\u00eda operar\u00e1 de manera permanente un equipo especializado en atender casos de violencia de g\u00e9nero y violencia intrafamiliar , lo que permitir\u00e1 una respuesta inmediata y coordinada en estos seis municipios, consolidando a la Ciudad de la Luna como punto estrat\u00e9gico regional para la atenci\u00f3n y protecci\u00f3n de las mujeres y las familias.<\/p>\n\n\n\n<p>Cabe destacar que la Patrulla P\u00farpura es una estrategia enfocada en proteger a las mujeres frente a actos de violencia de g\u00e9nero y violencia intrafamiliar, garantizando sus derechos y brindando acompa\u00f1amiento especializado. La cual realizar\u00e1 recorridos en sectores urbanos y rurales para escuchar y atender cualquier situaci\u00f3n relacionada con violencia contra la familia y las mujeres.<\/p>\n\n\n\n<p>Con esta decisi\u00f3n, Ch\u00eda reafirma su compromiso con la seguridad, la protecci\u00f3n de derechos y el trabajo articulado en beneficio de toda la regi\u00f3n.<\/p>\n\t\t\t\t\t\t\t\t<\/div>\n\t\t\t\t\t<\/div>\n\t\t\t\t<\/div>\n\t\t\t\t<\/div>\n\t\t","protected":false},"excerpt":{"rendered":"<p>Ch\u00eda es nueva base regional de la Patrulla P\u00farpura para seis municipios de Sabana Ch\u00eda contin\u00faa fortaleciendo su liderazgo en materia de seguridad y protecci\u00f3n de derechos. Por ello, el alcalde Leonardo Donoso, junto al comandante de la estaci\u00f3n de polic\u00eda Ch\u00eda, teniente coronel Jonathan Amaya, recibieron a delegados del departamento de polic\u00eda de la [&hellip;]<\/p>\n","protected":false},"author":1,"featured_media":33539,"comment_status":"closed","ping_status":"closed","sticky":false,"template":"","format":"standard","meta":{"footnotes":""},"categories":[1329],"tags":[1046,1340],"class_list":["post-33538","post","type-post","status-publish","format-standard","has-post-thumbnail","hentry","category-noticias-2026","tag-patrulla-purpura","tag-patrulla-purpura-chia"],"_links":{"self":[{"href":"https:\/\/chia-cundinamarca.gov.co\/web\/wp-json\/wp\/v2\/posts\/33538","targetHints":{"allow":["GET"]}}],"collection":[{"href":"https:\/\/chia-cundinamarca.gov.co\/web\/wp-json\/wp\/v2\/posts"}],"about":[{"href":"https:\/\/chia-cundinamarca.gov.co\/web\/wp-json\/wp\/v2\/types\/post"}],"author":[{"embeddable":true,"href":"https:\/\/chia-cundinamarca.gov.co\/web\/wp-json\/wp\/v2\/users\/1"}],"replies":[{"embeddable":true,"href":"https:\/\/chia-cundinamarca.gov.co\/web\/wp-json\/wp\/v2\/comments?post=33538"}],"version-history":[{"count":4,"href":"https:\/\/chia-cundinamarca.gov.co\/web\/wp-json\/wp\/v2\/posts\/33538\/revisions"}],"predecessor-version":[{"id":33543,"href":"https:\/\/chia-cundinamarca.gov.co\/web\/wp-json\/wp\/v2\/posts\/33538\/revisions\/33543"}],"wp:featuredmedia":[{"embeddable":true,"href":"https:\/\/chia-cundinamarca.gov.co\/web\/wp-json\/wp\/v2\/media\/33539"}],"wp:attachment":[{"href":"https:\/\/chia-cundinamarca.gov.co\/web\/wp-json\/wp\/v2\/media?parent=33538"}],"wp:term":[{"taxonomy":"category","embeddable":true,"href":"https:\/\/chia-cundinamarca.gov.co\/web\/wp-json\/wp\/v2\/categories?post=33538"},{"taxonomy":"post_tag","embeddable":true,"href":"https:\/\/chia-cundinamarca.gov.co\/web\/wp-json\/wp\/v2\/tags?post=33538"}],"curies":[{"name":"wp","href":"https:\/\/api.w.org\/{rel}","templated":true}]}}