{"id":33705,"date":"2026-02-23T10:54:31","date_gmt":"2026-02-23T15:54:31","guid":{"rendered":"https:\/\/chia-cundinamarca.gov.co\/web\/?p=33705"},"modified":"2026-02-23T10:58:33","modified_gmt":"2026-02-23T15:58:33","slug":"asi-se-tramita-el-certificado-de-discapacidad","status":"publish","type":"post","link":"https:\/\/chia-cundinamarca.gov.co\/web\/2026\/02\/asi-se-tramita-el-certificado-de-discapacidad\/","title":{"rendered":"As\u00ed se tramita el Certificado de Discapacidad"},"content":{"rendered":"\t\t<div data-elementor-type=\"wp-post\" data-elementor-id=\"33705\" class=\"elementor elementor-33705\" data-elementor-post-type=\"post\">\n\t\t\t\t<div class=\"elementor-element elementor-element-4675b1a6 e-flex e-con-boxed e-con e-parent\" data-id=\"4675b1a6\" data-element_type=\"container\" data-e-type=\"container\">\n\t\t\t\t\t<div class=\"e-con-inner\">\n\t\t\t\t<div class=\"elementor-element elementor-element-d33b385 elementor-widget elementor-widget-heading\" data-id=\"d33b385\" data-element_type=\"widget\" data-e-type=\"widget\" data-widget_type=\"heading.default\">\n\t\t\t\t\t<h2 class=\"elementor-heading-title elementor-size-default\"> As\u00ed se tramita el Certificado de Discapacidad<\/h2>\t\t\t\t<\/div>\n\t\t\t\t<div class=\"elementor-element elementor-element-ee304b0 elementor-widget elementor-widget-image\" data-id=\"ee304b0\" data-element_type=\"widget\" data-e-type=\"widget\" data-widget_type=\"image.default\">\n\t\t\t\t\t\t\t\t\t\t\t\t\t\t\t<img fetchpriority=\"high\" decoding=\"async\" width=\"768\" height=\"540\" src=\"https:\/\/chia-cundinamarca.gov.co\/web\/wp-content\/uploads\/2026\/02\/Asi-se-tramita-el-Certificado-de-Discapacidad-768x540.jpeg\" class=\"attachment-medium_large size-medium_large wp-image-33706\" alt=\"As\u00ed se tramita el Certificado de Discapacidad\" srcset=\"https:\/\/chia-cundinamarca.gov.co\/web\/wp-content\/uploads\/2026\/02\/Asi-se-tramita-el-Certificado-de-Discapacidad-768x540.jpeg 768w, https:\/\/chia-cundinamarca.gov.co\/web\/wp-content\/uploads\/2026\/02\/Asi-se-tramita-el-Certificado-de-Discapacidad-300x211.jpeg 300w, https:\/\/chia-cundinamarca.gov.co\/web\/wp-content\/uploads\/2026\/02\/Asi-se-tramita-el-Certificado-de-Discapacidad-1024x720.jpeg 1024w, https:\/\/chia-cundinamarca.gov.co\/web\/wp-content\/uploads\/2026\/02\/Asi-se-tramita-el-Certificado-de-Discapacidad.jpeg 1320w\" sizes=\"(max-width: 768px) 100vw, 768px\" \/>\t\t\t\t\t\t\t\t\t\t\t\t\t\t\t<\/div>\n\t\t\t\t<div class=\"elementor-element elementor-element-67a8c751 elementor-widget elementor-widget-text-editor\" data-id=\"67a8c751\" data-element_type=\"widget\" data-e-type=\"widget\" data-widget_type=\"text-editor.default\">\n\t\t\t\t\t\t\t\t\t\n<p>Este documento oficial les permite acceder a:<br>Una atenci\u00f3n prioritaria en salud, programas sociales y subsidios, oportunidades laborales, acceso a programas educativos y a la protecci\u00f3n de sus derechos.<\/p>\n\n\n\n<p>Javier Contreras, beneficiario del proceso, afirm\u00f3: \u201cFue un proceso bastante \u00e1gil y f\u00e1cil de realizar, inici\u00e9 por acercarme al Centro Administrativo Municipal, donde me brindaron toda la informaci\u00f3n y asesor\u00eda para la expedici\u00f3n de este certificado, y hoy estoy en el hospital donde los profesionales me entregaron el certificado que tiene m\u00faltiples beneficios en temas laborales, sociales y econ\u00f3micos incluso, entonces estoy muy feliz de culminar este proceso\u201d.<\/p>\n\n\n\n<p>El tr\u00e1mite debe realizarse en el PACO, ubicado en el CAM (Carrera 9 #11-24), solicitando turno con la Secretar\u00eda de Salud.<\/p>\n\n\n\n<p>Requisitos:<br>-Certificado del Sisb\u00e9n<br>-Historia cl\u00ednica que certifique la discapacidad<br>-Fotocopia del documento de identidad<\/p>\n\n\n\n<p>Desde la administraci\u00f3n municipal se contin\u00faa trabajando por una comunidad m\u00e1s incluyente y con mayores oportunidades para todos.<\/p>\n\t\t\t\t\t\t\t\t<\/div>\n\t\t\t\t\t<\/div>\n\t\t\t\t<\/div>\n\t\t\t\t<\/div>\n\t\t","protected":false},"excerpt":{"rendered":"<p>As\u00ed se tramita el Certificado de Discapacidad Este documento oficial les permite acceder a:Una atenci\u00f3n prioritaria en salud, programas sociales y subsidios, oportunidades laborales, acceso a programas educativos y a la protecci\u00f3n de sus derechos. Javier Contreras, beneficiario del proceso, afirm\u00f3: \u201cFue un proceso bastante \u00e1gil y f\u00e1cil de realizar, inici\u00e9 por acercarme al Centro [&hellip;]<\/p>\n","protected":false},"author":1,"featured_media":33706,"comment_status":"closed","ping_status":"closed","sticky":false,"template":"","format":"standard","meta":{"footnotes":""},"categories":[1329,1],"tags":[],"class_list":["post-33705","post","type-post","status-publish","format-standard","has-post-thumbnail","hentry","category-noticias-2026","category-sin-categoria"],"_links":{"self":[{"href":"https:\/\/chia-cundinamarca.gov.co\/web\/wp-json\/wp\/v2\/posts\/33705","targetHints":{"allow":["GET"]}}],"collection":[{"href":"https:\/\/chia-cundinamarca.gov.co\/web\/wp-json\/wp\/v2\/posts"}],"about":[{"href":"https:\/\/chia-cundinamarca.gov.co\/web\/wp-json\/wp\/v2\/types\/post"}],"author":[{"embeddable":true,"href":"https:\/\/chia-cundinamarca.gov.co\/web\/wp-json\/wp\/v2\/users\/1"}],"replies":[{"embeddable":true,"href":"https:\/\/chia-cundinamarca.gov.co\/web\/wp-json\/wp\/v2\/comments?post=33705"}],"version-history":[{"count":7,"href":"https:\/\/chia-cundinamarca.gov.co\/web\/wp-json\/wp\/v2\/posts\/33705\/revisions"}],"predecessor-version":[{"id":33713,"href":"https:\/\/chia-cundinamarca.gov.co\/web\/wp-json\/wp\/v2\/posts\/33705\/revisions\/33713"}],"wp:featuredmedia":[{"embeddable":true,"href":"https:\/\/chia-cundinamarca.gov.co\/web\/wp-json\/wp\/v2\/media\/33706"}],"wp:attachment":[{"href":"https:\/\/chia-cundinamarca.gov.co\/web\/wp-json\/wp\/v2\/media?parent=33705"}],"wp:term":[{"taxonomy":"category","embeddable":true,"href":"https:\/\/chia-cundinamarca.gov.co\/web\/wp-json\/wp\/v2\/categories?post=33705"},{"taxonomy":"post_tag","embeddable":true,"href":"https:\/\/chia-cundinamarca.gov.co\/web\/wp-json\/wp\/v2\/tags?post=33705"}],"curies":[{"name":"wp","href":"https:\/\/api.w.org\/{rel}","templated":true}]}}