{"id":3406,"date":"2024-02-11T20:53:28","date_gmt":"2024-02-11T19:53:28","guid":{"rendered":"https:\/\/chia-cundinamarca.gov.co\/web\/?p=3406"},"modified":"2024-02-11T21:12:42","modified_gmt":"2024-02-11T20:12:42","slug":"el-plan-de-desarrollo-llego-al-resguardo-indigena","status":"publish","type":"post","link":"https:\/\/chia-cundinamarca.gov.co\/web\/2024\/02\/el-plan-de-desarrollo-llego-al-resguardo-indigena\/","title":{"rendered":"El Plan de Desarrollo Municipal lleg\u00f3 al resguardo ind\u00edgena"},"content":{"rendered":"<style>\/*! elementor - v3.18.0 - 20-12-2023 *\/<br \/>\n.elementor-heading-title{padding:0;margin:0;line-height:1}.elementor-widget-heading .elementor-heading-title[class*=elementor-size-]>a{color:inherit;font-size:inherit;line-height:inherit}.elementor-widget-heading .elementor-heading-title.elementor-size-small{font-size:15px}.elementor-widget-heading .elementor-heading-title.elementor-size-medium{font-size:19px}.elementor-widget-heading .elementor-heading-title.elementor-size-large{font-size:29px}.elementor-widget-heading .elementor-heading-title.elementor-size-xl{font-size:39px}.elementor-widget-heading .elementor-heading-title.elementor-size-xxl{font-size:59px}<\/style>\n<h2>El Plan de Desarrollo Municipal lleg\u00f3 al resguardo ind\u00edgena<\/h2>\n<style>\/*! elementor - v3.18.0 - 20-12-2023 *\/<br \/>\n.elementor-widget-image{text-align:center}.elementor-widget-image a{display:inline-block}.elementor-widget-image a img[src$=\".svg\"]{width:48px}.elementor-widget-image img{vertical-align:middle;display:inline-block}<\/style>\n<p><img fetchpriority=\"high\" decoding=\"async\" src=\"https:\/\/chia-cundinamarca.gov.co\/web\/wp-content\/uploads\/2024\/02\/PDM-en-resguardo-indigena-768x512.jpeg\" sizes=\"(max-width: 768px) 100vw, 768px\" srcset=\"https:\/\/chia-cundinamarca.gov.co\/web\/wp-content\/uploads\/2024\/02\/PDM-en-resguardo-indigena-768x512.jpeg 768w, https:\/\/chia-cundinamarca.gov.co\/web\/wp-content\/uploads\/2024\/02\/PDM-en-resguardo-indigena-300x200.jpeg 300w, https:\/\/chia-cundinamarca.gov.co\/web\/wp-content\/uploads\/2024\/02\/PDM-en-resguardo-indigena-1024x683.jpeg 1024w, https:\/\/chia-cundinamarca.gov.co\/web\/wp-content\/uploads\/2024\/02\/PDM-en-resguardo-indigena.jpeg 1152w\" alt=\"PDM-en-resguardo-ind\u00edgena\" width=\"768\" height=\"512\" \/><\/p>\n<p>El <strong>resguardo ind\u00edgena<\/strong> de <strong>Ch\u00eda<\/strong> tuvo un cap\u00edtulo especial en Plan de Desarrollo <strong>7\/24 En Acci\u00f3n<\/strong>, donde se escucharon los aportes y opiniones de esta comunidad priorizando temas relacionados a la seguridad, la educaci\u00f3n y el medio ambiente.<\/p>\n<p>All\u00ed mismo, dicha comunidad afirm\u00f3 la importancia de trabajar por temas que consideran necesarios para el buen desarrollo del territorio como, la atenci\u00f3n a la <strong>primera infancia<\/strong>, control de basuras y mejoramiento de v\u00edas.<\/p>\n<p>Por otra parte, tambi\u00e9n se compartieron opiniones acerca de la construcci\u00f3n de una pol\u00edtica p\u00fablica para el resguardo ind\u00edgena y la necesidad de embellecer la<strong> iglesia de La Valvanera.<\/strong><\/p>\n<style>\/*! elementor-pro - v3.18.0 - 20-12-2023 *\/<br \/>\n.elementor-gallery__container{min-height:1px}.elementor-gallery-item{position:relative;overflow:hidden;display:block;text-decoration:none;border:solid var(--image-border-width) var(--image-border-color);border-radius:var(--image-border-radius)}.elementor-gallery-item__content,.elementor-gallery-item__overlay{height:100%;width:100%;position:absolute;top:0;left:0}.elementor-gallery-item__overlay{mix-blend-mode:var(--overlay-mix-blend-mode);transition-duration:var(--overlay-transition-duration);transition-property:mix-blend-mode,transform,opacity,background-color}.elementor-gallery-item__image.e-gallery-image{transition-duration:var(--image-transition-duration);transition-property:filter,transform}.elementor-gallery-item__content{display:flex;flex-direction:column;justify-content:var(--content-justify-content,center);align-items:center;text-align:var(--content-text-align);padding:var(--content-padding)}.elementor-gallery-item__content>div{transition-duration:var(--content-transition-duration)}.elementor-gallery-item__content.elementor-gallery--sequenced-animation>div:nth-child(2){transition-delay:calc(var(--content-transition-delay) \/ 3)}.elementor-gallery-item__content.elementor-gallery--sequenced-animation>div:nth-child(3){transition-delay:calc(var(--content-transition-delay) \/ 3 * 2)}.elementor-gallery-item__content.elementor-gallery--sequenced-animation>div:nth-child(4){transition-delay:calc(var(--content-transition-delay) \/ 3 * 3)}.elementor-gallery-item__description{color:var(--description-text-color,#fff);width:100%}.elementor-gallery-item__title{color:var(--title-text-color,#fff);font-weight:700;width:100%}.elementor-gallery__titles-container{display:flex;flex-wrap:wrap;justify-content:var(--titles-container-justify-content,center);margin-bottom:20px}.elementor-gallery__titles-container:not(.e--pointer-framed) .elementor-item:after,.elementor-gallery__titles-container:not(.e--pointer-framed) .elementor-item:before{background-color:var(--galleries-pointer-bg-color-hover)}.elementor-gallery__titles-container:not(.e--pointer-framed) .elementor-item.elementor-item-active:after,.elementor-gallery__titles-container:not(.e--pointer-framed) .elementor-item.elementor-item-active:before{background-color:var(--galleries-pointer-bg-color-active)}.elementor-gallery__titles-container.e--pointer-framed .elementor-item:before{border-color:var(--galleries-pointer-bg-color-hover);border-width:var(--galleries-pointer-border-width)}.elementor-gallery__titles-container.e--pointer-framed .elementor-item:after{border-color:var(--galleries-pointer-bg-color-hover)}.elementor-gallery__titles-container.e--pointer-framed .elementor-item.elementor-item-active:after,.elementor-gallery__titles-container.e--pointer-framed .elementor-item.elementor-item-active:before{border-color:var(--galleries-pointer-bg-color-active)}.elementor-gallery__titles-container.e--pointer-framed.e--animation-draw .elementor-item:before{border-left-width:var(--galleries-pointer-border-width);border-bottom-width:var(--galleries-pointer-border-width);border-right-width:0;border-top-width:0}.elementor-gallery__titles-container.e--pointer-framed.e--animation-draw .elementor-item:after{border-left-width:0;border-bottom-width:0;border-right-width:var(--galleries-pointer-border-width);border-top-width:var(--galleries-pointer-border-width)}.elementor-gallery__titles-container.e--pointer-framed.e--animation-corners .elementor-item:before{border-left-width:var(--galleries-pointer-border-width);border-bottom-width:0;border-right-width:0;border-top-width:var(--galleries-pointer-border-width)}.elementor-gallery__titles-container.e--pointer-framed.e--animation-corners .elementor-item:after{border-left-width:0;border-bottom-width:var(--galleries-pointer-border-width);border-right-width:var(--galleries-pointer-border-width);border-top-width:0}.elementor-gallery__titles-container .e--pointer-double-line .elementor-item:after,.elementor-gallery__titles-container .e--pointer-double-line .elementor-item:before,.elementor-gallery__titles-container .e--pointer-overline .elementor-item:before,.elementor-gallery__titles-container .e--pointer-underline .elementor-item:after{height:var(--galleries-pointer-border-width)}.elementor-gallery-title{--space-between:10px;cursor:pointer;color:#6d7882;font-weight:500;position:relative;padding:7px 14px;transition:all .3s}.elementor-gallery-title--active{color:#495157}.elementor-gallery-title:not(:last-child){margin-right:var(--space-between)}.elementor-gallery-item__title+.elementor-gallery-item__description{margin-top:var(--description-margin-top)}.e-gallery-item.elementor-gallery-item{transition-property:all}.e-gallery-item.elementor-animated-content .elementor-animated-item--enter-from-bottom,.e-gallery-item.elementor-animated-content .elementor-animated-item--enter-from-left,.e-gallery-item.elementor-animated-content .elementor-animated-item--enter-from-right,.e-gallery-item.elementor-animated-content .elementor-animated-item--enter-from-top,.e-gallery-item:focus .elementor-gallery__item-overlay-bg,.e-gallery-item:focus .elementor-gallery__item-overlay-content,.e-gallery-item:focus .elementor-gallery__item-overlay-content__description,.e-gallery-item:focus .elementor-gallery__item-overlay-content__title,.e-gallery-item:hover .elementor-gallery__item-overlay-bg,.e-gallery-item:hover .elementor-gallery__item-overlay-content,.e-gallery-item:hover .elementor-gallery__item-overlay-content__description,.e-gallery-item:hover .elementor-gallery__item-overlay-content__title{opacity:1}a.elementor-item.elementor-gallery-title{color:var(--galleries-title-color-normal)}a.elementor-item.elementor-gallery-title.elementor-item-active,a.elementor-item.elementor-gallery-title.highlighted,a.elementor-item.elementor-gallery-title:focus,a.elementor-item.elementor-gallery-title:hover{color:var(--galleries-title-color-hover)}a.elementor-item.elementor-gallery-title.elementor-item-active{color:var(--gallery-title-color-active)}.e-con-inner>.elementor-widget-gallery,.e-con>.elementor-widget-gallery{width:var(--container-widget-width);--flex-grow:var(--container-widget-flex-grow)}<\/style>\n<p><a href=\"https:\/\/chia-cundinamarca.gov.co\/web\/wp-content\/uploads\/2024\/02\/Alcalde-Donoso-con-el-resguardo.jpeg\" data-elementor-open-lightbox=\"yes\" data-elementor-lightbox-slideshow=\"86f6913\" data-elementor-lightbox-title=\"Alcalde Donoso con el resguardo\" data-e-action-hash=\"#elementor-action%3Aaction%3Dlightbox%26settings%3DeyJpZCI6MzQxMSwidXJsIjoiaHR0cHM6XC9cL2NoaWEtY3VuZGluYW1hcmNhLmdvdi5jb1wvd2ViXC93cC1jb250ZW50XC91cGxvYWRzXC8yMDI0XC8wMlwvQWxjYWxkZS1Eb25vc28tY29uLWVsLXJlc2d1YXJkby5qcGVnIiwic2xpZGVzaG93IjoiODZmNjkxMyJ9\"><br \/>\n<\/a><br \/>\n<a href=\"https:\/\/chia-cundinamarca.gov.co\/web\/wp-content\/uploads\/2024\/02\/Registro-PDM.jpeg\" data-elementor-open-lightbox=\"yes\" data-elementor-lightbox-slideshow=\"86f6913\" data-elementor-lightbox-title=\"Registro PDM\" data-e-action-hash=\"#elementor-action%3Aaction%3Dlightbox%26settings%3DeyJpZCI6MzQxMiwidXJsIjoiaHR0cHM6XC9cL2NoaWEtY3VuZGluYW1hcmNhLmdvdi5jb1wvd2ViXC93cC1jb250ZW50XC91cGxvYWRzXC8yMDI0XC8wMlwvUmVnaXN0cm8tUERNLmpwZWciLCJzbGlkZXNob3ciOiI4NmY2OTEzIn0%3D\"><br \/>\n<\/a><br \/>\n<a href=\"https:\/\/chia-cundinamarca.gov.co\/web\/wp-content\/uploads\/2024\/02\/Habla-la-comunidad.jpeg\" data-elementor-open-lightbox=\"yes\" data-elementor-lightbox-slideshow=\"86f6913\" data-elementor-lightbox-title=\"Habla la comunidad\" data-e-action-hash=\"#elementor-action%3Aaction%3Dlightbox%26settings%3DeyJpZCI6MzQxMywidXJsIjoiaHR0cHM6XC9cL2NoaWEtY3VuZGluYW1hcmNhLmdvdi5jb1wvd2ViXC93cC1jb250ZW50XC91cGxvYWRzXC8yMDI0XC8wMlwvSGFibGEtbGEtY29tdW5pZGFkLmpwZWciLCJzbGlkZXNob3ciOiI4NmY2OTEzIn0%3D\"><br \/>\n<\/a><br \/>\n<a href=\"https:\/\/chia-cundinamarca.gov.co\/web\/wp-content\/uploads\/2024\/02\/Todos-participan-en-el-PDM.jpeg\" data-elementor-open-lightbox=\"yes\" data-elementor-lightbox-slideshow=\"86f6913\" data-elementor-lightbox-title=\"Todos participan en el PDM\" data-e-action-hash=\"#elementor-action%3Aaction%3Dlightbox%26settings%3DeyJpZCI6MzQxNCwidXJsIjoiaHR0cHM6XC9cL2NoaWEtY3VuZGluYW1hcmNhLmdvdi5jb1wvd2ViXC93cC1jb250ZW50XC91cGxvYWRzXC8yMDI0XC8wMlwvVG9kb3MtcGFydGljaXBhbi1lbi1lbC1QRE0uanBlZyIsInNsaWRlc2hvdyI6Ijg2ZjY5MTMifQ%3D%3D\"><br \/>\n<\/a><\/p>\n","protected":false},"excerpt":{"rendered":"<p>El Plan de Desarrollo Municipal lleg\u00f3 al resguardo ind\u00edgena El resguardo ind\u00edgena de Ch\u00eda tuvo un cap\u00edtulo especial en Plan de Desarrollo 7\/24 En Acci\u00f3n, donde se escucharon los aportes y opiniones de esta comunidad priorizando temas relacionados a la seguridad, la educaci\u00f3n y el medio ambiente. All\u00ed mismo, dicha comunidad afirm\u00f3 la importancia de [&hellip;]<\/p>\n","protected":false},"author":1,"featured_media":3407,"comment_status":"closed","ping_status":"closed","sticky":false,"template":"","format":"standard","meta":{"footnotes":""},"categories":[17],"tags":[158,33,160,159,157],"class_list":["post-3406","post","type-post","status-publish","format-standard","has-post-thumbnail","hentry","category-noticias-2024","tag-7-24-en-accion","tag-chia","tag-iglesia-de-la-valvanera","tag-primera-infancia","tag-resguardo-indigena"],"_links":{"self":[{"href":"https:\/\/chia-cundinamarca.gov.co\/web\/wp-json\/wp\/v2\/posts\/3406","targetHints":{"allow":["GET"]}}],"collection":[{"href":"https:\/\/chia-cundinamarca.gov.co\/web\/wp-json\/wp\/v2\/posts"}],"about":[{"href":"https:\/\/chia-cundinamarca.gov.co\/web\/wp-json\/wp\/v2\/types\/post"}],"author":[{"embeddable":true,"href":"https:\/\/chia-cundinamarca.gov.co\/web\/wp-json\/wp\/v2\/users\/1"}],"replies":[{"embeddable":true,"href":"https:\/\/chia-cundinamarca.gov.co\/web\/wp-json\/wp\/v2\/comments?post=3406"}],"version-history":[{"count":0,"href":"https:\/\/chia-cundinamarca.gov.co\/web\/wp-json\/wp\/v2\/posts\/3406\/revisions"}],"wp:featuredmedia":[{"embeddable":true,"href":"https:\/\/chia-cundinamarca.gov.co\/web\/wp-json\/wp\/v2\/media\/3407"}],"wp:attachment":[{"href":"https:\/\/chia-cundinamarca.gov.co\/web\/wp-json\/wp\/v2\/media?parent=3406"}],"wp:term":[{"taxonomy":"category","embeddable":true,"href":"https:\/\/chia-cundinamarca.gov.co\/web\/wp-json\/wp\/v2\/categories?post=3406"},{"taxonomy":"post_tag","embeddable":true,"href":"https:\/\/chia-cundinamarca.gov.co\/web\/wp-json\/wp\/v2\/tags?post=3406"}],"curies":[{"name":"wp","href":"https:\/\/api.w.org\/{rel}","templated":true}]}}