{"id":34098,"date":"2026-03-11T17:21:14","date_gmt":"2026-03-11T22:21:14","guid":{"rendered":"https:\/\/chia-cundinamarca.gov.co\/web\/?p=34098"},"modified":"2026-03-11T17:26:58","modified_gmt":"2026-03-11T22:26:58","slug":"chia-lidero-consejo-provincial-de-seguridad-y-avanza-en-la-puesta-en-marcha-del-nuevo-centro-administrativo-de-seguridad-ceas","status":"publish","type":"post","link":"https:\/\/chia-cundinamarca.gov.co\/web\/2026\/03\/chia-lidero-consejo-provincial-de-seguridad-y-avanza-en-la-puesta-en-marcha-del-nuevo-centro-administrativo-de-seguridad-ceas\/","title":{"rendered":"Ch\u00eda lider\u00f3 Consejo Provincial de Seguridad y avanza en la puesta en marcha del nuevo Centro Administrativo de Seguridad CEAS"},"content":{"rendered":"\t\t<div data-elementor-type=\"wp-post\" data-elementor-id=\"34098\" class=\"elementor elementor-34098\" data-elementor-post-type=\"post\">\n\t\t\t\t<div class=\"elementor-element elementor-element-314858be e-flex e-con-boxed e-con e-parent\" data-id=\"314858be\" data-element_type=\"container\" data-e-type=\"container\">\n\t\t\t\t\t<div class=\"e-con-inner\">\n\t\t\t\t<div class=\"elementor-element elementor-element-d4448c7 elementor-widget elementor-widget-heading\" data-id=\"d4448c7\" data-element_type=\"widget\" data-e-type=\"widget\" data-widget_type=\"heading.default\">\n\t\t\t\t\t<h2 class=\"elementor-heading-title elementor-size-default\">Ch\u00eda lider\u00f3 Consejo Provincial de Seguridad y avanza en la puesta en marcha del nuevo Centro Administrativo de Seguridad CEAS<\/h2>\t\t\t\t<\/div>\n\t\t\t\t<div class=\"elementor-element elementor-element-34f3c10 elementor-widget elementor-widget-image\" data-id=\"34f3c10\" data-element_type=\"widget\" data-e-type=\"widget\" data-widget_type=\"image.default\">\n\t\t\t\t\t\t\t\t\t\t\t\t\t\t\t<img fetchpriority=\"high\" decoding=\"async\" width=\"768\" height=\"576\" src=\"https:\/\/chia-cundinamarca.gov.co\/web\/wp-content\/uploads\/2026\/03\/CEAS-768x576.jpeg\" class=\"attachment-medium_large size-medium_large wp-image-34099\" alt=\"Ch\u00eda lider\u00f3 Consejo Provincial de Seguridad y avanza en la puesta en marcha del nuevo Centro Administrativo de Seguridad CEAS\" srcset=\"https:\/\/chia-cundinamarca.gov.co\/web\/wp-content\/uploads\/2026\/03\/CEAS-768x576.jpeg 768w, https:\/\/chia-cundinamarca.gov.co\/web\/wp-content\/uploads\/2026\/03\/CEAS-300x225.jpeg 300w, https:\/\/chia-cundinamarca.gov.co\/web\/wp-content\/uploads\/2026\/03\/CEAS-1024x768.jpeg 1024w, https:\/\/chia-cundinamarca.gov.co\/web\/wp-content\/uploads\/2026\/03\/CEAS.jpeg 1280w\" sizes=\"(max-width: 768px) 100vw, 768px\" \/>\t\t\t\t\t\t\t\t\t\t\t\t\t\t\t<\/div>\n\t\t\t\t<div class=\"elementor-element elementor-element-41c554cf elementor-widget elementor-widget-text-editor\" data-id=\"41c554cf\" data-element_type=\"widget\" data-e-type=\"widget\" data-widget_type=\"text-editor.default\">\n\t\t\t\t\t\t\t\t\t\n<p>La Administraci\u00f3n Municipal de Ch\u00eda, encabezada por el alcalde Leonardo Donoso Ruiz y bajo el liderazgo de la Secretar\u00eda de Gobierno, instalaron el Consejo Provincial de Seguridad con el objetivo de fortalecer la articulaci\u00f3n institucional en la regi\u00f3n.<\/p>\n\n<p>El encuentro cont\u00f3 con la participaci\u00f3n de la directora nacional de Seguridad Territorial de la Fiscal\u00eda General de la Naci\u00f3n, Daisy Jaramillo, as\u00ed como delegados de municipios vecinos como Tabio, Cajic\u00e1 y Sop\u00f3, quienes se sumaron al di\u00e1logo para analizar las principales necesidades en materia de seguridad en el territorio.<\/p>\n\n<p>Durante la jornada se identificaron las problem\u00e1ticas m\u00e1s apremiantes a nivel nacional, departamental, territorial y local, con el fin de fortalecer las acciones conjuntas entre las autoridades y las instituciones encargadas de la seguridad y la justicia.<\/p>\n\n<p>Uno de los temas centrales fue las operaciones adelantadas en el Centro Administrativo de Seguridad CEAS, un espacio que concentra importantes entidades del Estado, como: La Fiscal\u00eda, la Defensor\u00eda del Pueblo, la Defensor\u00eda de Familia, Migraci\u00f3n Colombia, el Centro Regulador de Emergencias de Ch\u00eda 123 y el Instituto Colombiano de Medicina Legal y Ciencias Forenses.<\/p>\n\n<p>Adem\u00e1s, se abord\u00f3 el aumento de la capacidad de fiscales para atender las necesidades judiciales de Ch\u00eda y de los municipios cercanos que har\u00e1n parte de esta nueva cabecera regional, fortaleciendo as\u00ed el acceso a la justicia y la respuesta institucional.<\/p>\n\n<p>Con este Consejo Provincial de Seguridad, Ch\u00eda reafirma su liderazgo regional en materia de seguridad y coordinaci\u00f3n institucional, avanzando en la consolidaci\u00f3n del Centro Administrativo y Operativo de Seguridad CEAS, cuyas capacidades en implementaci\u00f3n ser\u00e1n oficialmente presentadas a la comunidad de manera gradual.<\/p>\n\t\t\t\t\t\t\t\t<\/div>\n\t\t\t\t\t<\/div>\n\t\t\t\t<\/div>\n\t\t\t\t<\/div>\n\t\t","protected":false},"excerpt":{"rendered":"<p>Ch\u00eda lider\u00f3 Consejo Provincial de Seguridad y avanza en la puesta en marcha del nuevo Centro Administrativo de Seguridad CEAS La Administraci\u00f3n Municipal de Ch\u00eda, encabezada por el alcalde Leonardo Donoso Ruiz y bajo el liderazgo de la Secretar\u00eda de Gobierno, instalaron el Consejo Provincial de Seguridad con el objetivo de fortalecer la articulaci\u00f3n institucional [&hellip;]<\/p>\n","protected":false},"author":1,"featured_media":34099,"comment_status":"closed","ping_status":"closed","sticky":false,"template":"","format":"standard","meta":{"footnotes":""},"categories":[1329],"tags":[],"class_list":["post-34098","post","type-post","status-publish","format-standard","has-post-thumbnail","hentry","category-noticias-2026"],"_links":{"self":[{"href":"https:\/\/chia-cundinamarca.gov.co\/web\/wp-json\/wp\/v2\/posts\/34098","targetHints":{"allow":["GET"]}}],"collection":[{"href":"https:\/\/chia-cundinamarca.gov.co\/web\/wp-json\/wp\/v2\/posts"}],"about":[{"href":"https:\/\/chia-cundinamarca.gov.co\/web\/wp-json\/wp\/v2\/types\/post"}],"author":[{"embeddable":true,"href":"https:\/\/chia-cundinamarca.gov.co\/web\/wp-json\/wp\/v2\/users\/1"}],"replies":[{"embeddable":true,"href":"https:\/\/chia-cundinamarca.gov.co\/web\/wp-json\/wp\/v2\/comments?post=34098"}],"version-history":[{"count":4,"href":"https:\/\/chia-cundinamarca.gov.co\/web\/wp-json\/wp\/v2\/posts\/34098\/revisions"}],"predecessor-version":[{"id":34103,"href":"https:\/\/chia-cundinamarca.gov.co\/web\/wp-json\/wp\/v2\/posts\/34098\/revisions\/34103"}],"wp:featuredmedia":[{"embeddable":true,"href":"https:\/\/chia-cundinamarca.gov.co\/web\/wp-json\/wp\/v2\/media\/34099"}],"wp:attachment":[{"href":"https:\/\/chia-cundinamarca.gov.co\/web\/wp-json\/wp\/v2\/media?parent=34098"}],"wp:term":[{"taxonomy":"category","embeddable":true,"href":"https:\/\/chia-cundinamarca.gov.co\/web\/wp-json\/wp\/v2\/categories?post=34098"},{"taxonomy":"post_tag","embeddable":true,"href":"https:\/\/chia-cundinamarca.gov.co\/web\/wp-json\/wp\/v2\/tags?post=34098"}],"curies":[{"name":"wp","href":"https:\/\/api.w.org\/{rel}","templated":true}]}}