{"id":34104,"date":"2026-03-11T17:43:20","date_gmt":"2026-03-11T22:43:20","guid":{"rendered":"https:\/\/chia-cundinamarca.gov.co\/web\/?p=34104"},"modified":"2026-04-09T17:06:20","modified_gmt":"2026-04-09T22:06:20","slug":"resultados-de-sabana-centro-como-vamos-2025-registraron-la-mejor-percepcion-de-seguridad-de-los-ultimos-8-anos","status":"publish","type":"post","link":"https:\/\/chia-cundinamarca.gov.co\/web\/2026\/03\/resultados-de-sabana-centro-como-vamos-2025-registraron-la-mejor-percepcion-de-seguridad-de-los-ultimos-8-anos\/","title":{"rendered":"\u201cSabana Centro C\u00f3mo Vamos 2025\u201d, registra mejor percepci\u00f3n de seguridad"},"content":{"rendered":"\t\t<div data-elementor-type=\"wp-post\" data-elementor-id=\"34104\" class=\"elementor elementor-34104\" data-elementor-post-type=\"post\">\n\t\t\t\t<div class=\"elementor-element elementor-element-38967207 e-flex e-con-boxed e-con e-parent\" data-id=\"38967207\" data-element_type=\"container\" data-e-type=\"container\">\n\t\t\t\t\t<div class=\"e-con-inner\">\n\t\t\t\t<div class=\"elementor-element elementor-element-1c55316 elementor-widget elementor-widget-heading\" data-id=\"1c55316\" data-element_type=\"widget\" data-e-type=\"widget\" data-widget_type=\"heading.default\">\n\t\t\t\t\t<h2 class=\"elementor-heading-title elementor-size-default\">Resultados de \u201cSabana Centro C\u00f3mo Vamos 2025\u201d, registraron la mejor percepci\u00f3n de seguridad de los \u00faltimos 8 a\u00f1os<\/h2>\t\t\t\t<\/div>\n\t\t\t\t<div class=\"elementor-element elementor-element-361f386 elementor-widget elementor-widget-image\" data-id=\"361f386\" data-element_type=\"widget\" data-e-type=\"widget\" data-widget_type=\"image.default\">\n\t\t\t\t\t\t\t\t\t\t\t\t\t\t\t<img fetchpriority=\"high\" decoding=\"async\" width=\"768\" height=\"432\" src=\"https:\/\/chia-cundinamarca.gov.co\/web\/wp-content\/uploads\/2026\/03\/SABANACOMOVAMOS-768x432.jpeg\" class=\"attachment-medium_large size-medium_large wp-image-34105\" alt=\"SABANACOMOVAMOS\" srcset=\"https:\/\/chia-cundinamarca.gov.co\/web\/wp-content\/uploads\/2026\/03\/SABANACOMOVAMOS-768x432.jpeg 768w, https:\/\/chia-cundinamarca.gov.co\/web\/wp-content\/uploads\/2026\/03\/SABANACOMOVAMOS-300x169.jpeg 300w, https:\/\/chia-cundinamarca.gov.co\/web\/wp-content\/uploads\/2026\/03\/SABANACOMOVAMOS-1024x576.jpeg 1024w, https:\/\/chia-cundinamarca.gov.co\/web\/wp-content\/uploads\/2026\/03\/SABANACOMOVAMOS-1536x864.jpeg 1536w, https:\/\/chia-cundinamarca.gov.co\/web\/wp-content\/uploads\/2026\/03\/SABANACOMOVAMOS-2048x1152.jpeg 2048w\" sizes=\"(max-width: 768px) 100vw, 768px\" \/>\t\t\t\t\t\t\t\t\t\t\t\t\t\t\t<\/div>\n\t\t\t\t<div class=\"elementor-element elementor-element-1143258c elementor-widget elementor-widget-text-editor\" data-id=\"1143258c\" data-element_type=\"widget\" data-e-type=\"widget\" data-widget_type=\"text-editor.default\">\n\t\t\t\t\t\t\t\t\t\n<p>Este mi\u00e9rcoles 11 de noviembre en las instalaciones del Centro Administrativo Municipal (CAM) de Ch\u00eda, se socializaron los resultados de la Encuesta de Percepci\u00f3n Ciudadana Sabana Centro C\u00f3mo Vamos 2025. El informe, que eval\u00faa la calidad de vida en los 11 municipios de la provincia, destaca un hito hist\u00f3rico, la percepci\u00f3n de seguridad de los habitantes alcanz\u00f3 su punto m\u00e1s alto desde el a\u00f1o 2017.<\/p>\n\n\n\n<p>Vale la pena mencionar, que esta encuesta de percepci\u00f3n ciudadana es un ejercicio que se realiza con el objetivo de conocer la opini\u00f3n, percepci\u00f3n y satisfacci\u00f3n de los habitantes de los 11 municipios de la Sabana Centro de Cundinamarca (Cajic\u00e1, Ch\u00eda, Cogua, Nemoc\u00f3n, Gachancip\u00e1, Sop\u00f3, Tabio, Tenjo, Tocancip\u00e1 y Zipaquir\u00e1) sobre aspectos relacionados con su bienestar.<\/p>\n\n\n\n<p>De esta manera, y de acuerdo con el estudio, la percepci\u00f3n positiva de seguridad ha mostrado un incremento sostenido, logrando cifras que no se ve\u00edan desde hace varios a\u00f1os, pues el 54% de los habitantes manifestaron sentirse seguros en su municipio, siendo el porcentaje m\u00e1s alto para la categor\u00eda en todas las encuestas realizadas desde el a\u00f1o 2017, representando un incremento de ocho puntos frente al 46% del a\u00f1o 2024.<\/p>\n\n\n\n<p>a pesar de este avance, los ciudadanos fueron enf\u00e1ticos en se\u00f1alar las prioridades que las administraciones municipales deben atender como la salud, el empleo, la educaci\u00f3n y la situaci\u00f3n econ\u00f3mica.<\/p>\n\n\n\n<p>Uno de los resultados m\u00e1s relevantes del informe es el deterioro en la percepci\u00f3n de Salud Mental, el reporte indica un incremento en la preocupaci\u00f3n de los ciudadanos por su bienestar emocional, lo que pone sobre la mesa la necesidad de fortalecer los programas de atenci\u00f3n psicosocial en la regi\u00f3n.<\/p>\n\n\n\n<p>Por otra parte, la encuesta evidenci\u00f3 frente a temas de movilidad, pertenencia regional y econom\u00eda datos contundentes sobre la din\u00e1mica del territorio:<\/p>\n\n\n\n<p>Integraci\u00f3n regional: El 81% de los habitantes realiza sus actividades y desplazamientos diarios dentro de la misma regi\u00f3n de Sabana Centro, reafirmando la autonom\u00eda y el crecimiento econ\u00f3mico local.<br>Optimismo territorial: Se mantiene una tendencia positiva frente al rumbo de la provincia; la mayor\u00eda de los encuestados coincide en que la regi\u00f3n \u00abva por buen camino\u00bb.<\/p>\n\n\n\n<p>econom\u00eda: Los encuestados manifestaron una mejora en la situaci\u00f3n econ\u00f3mica general de su hogar, sin embargo, durante el 2025 aument\u00f3 el porcentaje de personas que se auto perciben como pobres manifestando comer menos de tres comidas al d\u00eda.<\/p>\n\n\n\n<p>\u201cEstos resultados no solo nos muestran los logros en seguridad, sino que nos dan una hoja de ruta clara sobre las deudas hist\u00f3ricas en salud mental y empleo que debemos saldar para mantener el optimismo de nuestra gente\u00bb, afirm\u00f3 Mar\u00eda Carolina Serrano, directora de Sabana Centro C\u00f3mo Vamos.<\/p>\n\n\n\n<p>El evento realizado hoy en Ch\u00eda cont\u00f3 con la participaci\u00f3n de l\u00edderes regionales, acad\u00e9micos y autoridades locales, quienes analizaron c\u00f3mo estos datos servir\u00e1n de insumo para los Planes de Desarrollo vigentes.<\/p>\n\t\t\t\t\t\t\t\t<\/div>\n\t\t\t\t\t<\/div>\n\t\t\t\t<\/div>\n\t\t\t\t<\/div>\n\t\t","protected":false},"excerpt":{"rendered":"<p>Resultados de \u201cSabana Centro C\u00f3mo Vamos 2025\u201d, registraron la mejor percepci\u00f3n de seguridad de los \u00faltimos 8 a\u00f1os Este mi\u00e9rcoles 11 de noviembre en las instalaciones del Centro Administrativo Municipal (CAM) de Ch\u00eda, se socializaron los resultados de la Encuesta de Percepci\u00f3n Ciudadana Sabana Centro C\u00f3mo Vamos 2025. El informe, que eval\u00faa la calidad de [&hellip;]<\/p>\n","protected":false},"author":1,"featured_media":34105,"comment_status":"closed","ping_status":"closed","sticky":false,"template":"","format":"standard","meta":{"footnotes":""},"categories":[1329],"tags":[],"class_list":["post-34104","post","type-post","status-publish","format-standard","has-post-thumbnail","hentry","category-noticias-2026"],"_links":{"self":[{"href":"https:\/\/chia-cundinamarca.gov.co\/web\/wp-json\/wp\/v2\/posts\/34104","targetHints":{"allow":["GET"]}}],"collection":[{"href":"https:\/\/chia-cundinamarca.gov.co\/web\/wp-json\/wp\/v2\/posts"}],"about":[{"href":"https:\/\/chia-cundinamarca.gov.co\/web\/wp-json\/wp\/v2\/types\/post"}],"author":[{"embeddable":true,"href":"https:\/\/chia-cundinamarca.gov.co\/web\/wp-json\/wp\/v2\/users\/1"}],"replies":[{"embeddable":true,"href":"https:\/\/chia-cundinamarca.gov.co\/web\/wp-json\/wp\/v2\/comments?post=34104"}],"version-history":[{"count":5,"href":"https:\/\/chia-cundinamarca.gov.co\/web\/wp-json\/wp\/v2\/posts\/34104\/revisions"}],"predecessor-version":[{"id":34988,"href":"https:\/\/chia-cundinamarca.gov.co\/web\/wp-json\/wp\/v2\/posts\/34104\/revisions\/34988"}],"wp:featuredmedia":[{"embeddable":true,"href":"https:\/\/chia-cundinamarca.gov.co\/web\/wp-json\/wp\/v2\/media\/34105"}],"wp:attachment":[{"href":"https:\/\/chia-cundinamarca.gov.co\/web\/wp-json\/wp\/v2\/media?parent=34104"}],"wp:term":[{"taxonomy":"category","embeddable":true,"href":"https:\/\/chia-cundinamarca.gov.co\/web\/wp-json\/wp\/v2\/categories?post=34104"},{"taxonomy":"post_tag","embeddable":true,"href":"https:\/\/chia-cundinamarca.gov.co\/web\/wp-json\/wp\/v2\/tags?post=34104"}],"curies":[{"name":"wp","href":"https:\/\/api.w.org\/{rel}","templated":true}]}}