{"id":34239,"date":"2026-03-16T12:14:18","date_gmt":"2026-03-16T17:14:18","guid":{"rendered":"https:\/\/chia-cundinamarca.gov.co\/web\/?p=34239"},"modified":"2026-03-16T12:17:41","modified_gmt":"2026-03-16T17:17:41","slug":"la-administracion-salio-a-las-calles-para-promover-la-escolarizacion","status":"publish","type":"post","link":"https:\/\/chia-cundinamarca.gov.co\/web\/2026\/03\/la-administracion-salio-a-las-calles-para-promover-la-escolarizacion\/","title":{"rendered":"La Administraci\u00f3n sali\u00f3 a las calles para promover la escolarizaci\u00f3n"},"content":{"rendered":"\t\t<div data-elementor-type=\"wp-post\" data-elementor-id=\"34239\" class=\"elementor elementor-34239\" data-elementor-post-type=\"post\">\n\t\t\t\t<div class=\"elementor-element elementor-element-6f38c8da e-flex e-con-boxed e-con e-parent\" data-id=\"6f38c8da\" data-element_type=\"container\" data-e-type=\"container\">\n\t\t\t\t\t<div class=\"e-con-inner\">\n\t\t\t\t<div class=\"elementor-element elementor-element-af58c9e elementor-widget elementor-widget-heading\" data-id=\"af58c9e\" data-element_type=\"widget\" data-e-type=\"widget\" data-widget_type=\"heading.default\">\n\t\t\t\t\t<h2 class=\"elementor-heading-title elementor-size-default\">La Administraci\u00f3n sali\u00f3 a las calles para promover la escolarizaci\u00f3n<\/h2>\t\t\t\t<\/div>\n\t\t\t\t<div class=\"elementor-element elementor-element-bbcf380 elementor-widget elementor-widget-image\" data-id=\"bbcf380\" data-element_type=\"widget\" data-e-type=\"widget\" data-widget_type=\"image.default\">\n\t\t\t\t\t\t\t\t\t\t\t\t\t\t\t<img fetchpriority=\"high\" decoding=\"async\" width=\"768\" height=\"602\" src=\"https:\/\/chia-cundinamarca.gov.co\/web\/wp-content\/uploads\/2026\/03\/La-Administracion-salio-a-las-calles-para-promover-la-escolarizacion-768x602.jpeg\" class=\"attachment-medium_large size-medium_large wp-image-34242\" alt=\"La Administraci\u00f3n sali\u00f3 a las calles para promover la escolarizaci\u00f3n\" srcset=\"https:\/\/chia-cundinamarca.gov.co\/web\/wp-content\/uploads\/2026\/03\/La-Administracion-salio-a-las-calles-para-promover-la-escolarizacion-768x602.jpeg 768w, https:\/\/chia-cundinamarca.gov.co\/web\/wp-content\/uploads\/2026\/03\/La-Administracion-salio-a-las-calles-para-promover-la-escolarizacion-300x235.jpeg 300w, https:\/\/chia-cundinamarca.gov.co\/web\/wp-content\/uploads\/2026\/03\/La-Administracion-salio-a-las-calles-para-promover-la-escolarizacion-1024x803.jpeg 1024w, https:\/\/chia-cundinamarca.gov.co\/web\/wp-content\/uploads\/2026\/03\/La-Administracion-salio-a-las-calles-para-promover-la-escolarizacion-1536x1205.jpeg 1536w, https:\/\/chia-cundinamarca.gov.co\/web\/wp-content\/uploads\/2026\/03\/La-Administracion-salio-a-las-calles-para-promover-la-escolarizacion-2048x1606.jpeg 2048w\" sizes=\"(max-width: 768px) 100vw, 768px\" \/>\t\t\t\t\t\t\t\t\t\t\t\t\t\t\t<\/div>\n\t\t\t\t<div class=\"elementor-element elementor-element-385a84d3 elementor-widget elementor-widget-text-editor\" data-id=\"385a84d3\" data-element_type=\"widget\" data-e-type=\"widget\" data-widget_type=\"text-editor.default\">\n\t\t\t\t\t\t\t\t\t\n<p>Este fin de semana, la Secretar\u00eda de Educaci\u00f3n Municipal (SEM) adelant\u00f3 dos actividades que fortalecen el derecho de acceso a la educaci\u00f3n: una b\u00fasqueda activa de estudiantes en cuatro veredas del municipio y la socializaci\u00f3n de beneficiarios del FOES 2026-1.<\/p>\n\n<p><strong>Casa a casa: as\u00ed se busca a los ni\u00f1os y j\u00f3venes fuera del sistema educativo<\/strong><\/p>\n\n<p>\u201cDe acuerdo con la informaci\u00f3n del Sistema Integrado de Matr\u00edcula (SIMAT), sabemos que hay ni\u00f1as y ni\u00f1os que no est\u00e1n matriculados en el sistema educativo, por eso salimos a las calles a buscarlos\u201d, se\u00f1al\u00f3 Arnaldo Betancur, responsable de Cobertura Educativa.<\/p>\n\n<p>Por esta raz\u00f3n, la SEM adelant\u00f3 este 14 de marzo una jornada de b\u00fasqueda activa en las veredas La Balsa, Fagua, T\u00edquiza y Samaria, con el objetivo de identificar estos casos y facilitar su ingreso a las instituciones educativas oficiales.<\/p>\n\n<p><strong>1.600 beneficiarios del FOES fueron llamados a la socializaci\u00f3n 2026-1<\/strong><\/p>\n\n<p>El Fondo para el Fomento de la Educaci\u00f3n Superior de Ch\u00eda (FOES) es un programa dise\u00f1ado para apoyar el bienestar de los estudiantes residentes en el municipio, con recursos provenientes de los impuestos de los contribuyentes.<\/p>\n\n<p>Para el periodo 2026-1, 1.600 estudiantes fueron convocados entre el . en el Auditorio Zea Mays para participar en la socializaci\u00f3n del programa, donde se inform\u00f3 sobre los beneficiarios aprobados, el crecimiento del fondo en los \u00faltimos tres a\u00f1os, el balance financiero del fondo y los documentos necesarios para formalizar el apoyo de sostenimiento brindado por el FOES.<\/p>\n\n<p>Adem\u00e1s, se invit\u00f3 a los asistentes a diligenciar una encuesta en la que podr\u00e1n aportar propuestas para la modificaci\u00f3n del proyecto de acuerdo del fondo.<\/p>\n\n<p>Finalmente, en articulaci\u00f3n con la Secretar\u00eda de Participaci\u00f3n Ciudadana y Acci\u00f3n Comunitaria, la comunidad conoci\u00f3 algunos de los proyectos que podr\u00edan hacer parte de los presupuestos participativos, recordando que son los ciudadanos quienes tienen el poder de decisi\u00f3n sobre la inversi\u00f3n de estos recursos<strong>.<\/strong><\/p>\n\t\t\t\t\t\t\t\t<\/div>\n\t\t\t\t\t<\/div>\n\t\t\t\t<\/div>\n\t\t\t\t<\/div>\n\t\t","protected":false},"excerpt":{"rendered":"<p>La Administraci\u00f3n sali\u00f3 a las calles para promover la escolarizaci\u00f3n Este fin de semana, la Secretar\u00eda de Educaci\u00f3n Municipal (SEM) adelant\u00f3 dos actividades que fortalecen el derecho de acceso a la educaci\u00f3n: una b\u00fasqueda activa de estudiantes en cuatro veredas del municipio y la socializaci\u00f3n de beneficiarios del FOES 2026-1. Casa a casa: as\u00ed se [&hellip;]<\/p>\n","protected":false},"author":1,"featured_media":34240,"comment_status":"closed","ping_status":"closed","sticky":false,"template":"","format":"standard","meta":{"footnotes":""},"categories":[1329],"tags":[],"class_list":["post-34239","post","type-post","status-publish","format-standard","has-post-thumbnail","hentry","category-noticias-2026"],"_links":{"self":[{"href":"https:\/\/chia-cundinamarca.gov.co\/web\/wp-json\/wp\/v2\/posts\/34239","targetHints":{"allow":["GET"]}}],"collection":[{"href":"https:\/\/chia-cundinamarca.gov.co\/web\/wp-json\/wp\/v2\/posts"}],"about":[{"href":"https:\/\/chia-cundinamarca.gov.co\/web\/wp-json\/wp\/v2\/types\/post"}],"author":[{"embeddable":true,"href":"https:\/\/chia-cundinamarca.gov.co\/web\/wp-json\/wp\/v2\/users\/1"}],"replies":[{"embeddable":true,"href":"https:\/\/chia-cundinamarca.gov.co\/web\/wp-json\/wp\/v2\/comments?post=34239"}],"version-history":[{"count":7,"href":"https:\/\/chia-cundinamarca.gov.co\/web\/wp-json\/wp\/v2\/posts\/34239\/revisions"}],"predecessor-version":[{"id":34249,"href":"https:\/\/chia-cundinamarca.gov.co\/web\/wp-json\/wp\/v2\/posts\/34239\/revisions\/34249"}],"wp:featuredmedia":[{"embeddable":true,"href":"https:\/\/chia-cundinamarca.gov.co\/web\/wp-json\/wp\/v2\/media\/34240"}],"wp:attachment":[{"href":"https:\/\/chia-cundinamarca.gov.co\/web\/wp-json\/wp\/v2\/media?parent=34239"}],"wp:term":[{"taxonomy":"category","embeddable":true,"href":"https:\/\/chia-cundinamarca.gov.co\/web\/wp-json\/wp\/v2\/categories?post=34239"},{"taxonomy":"post_tag","embeddable":true,"href":"https:\/\/chia-cundinamarca.gov.co\/web\/wp-json\/wp\/v2\/tags?post=34239"}],"curies":[{"name":"wp","href":"https:\/\/api.w.org\/{rel}","templated":true}]}}