{"id":34259,"date":"2026-03-16T17:19:58","date_gmt":"2026-03-16T22:19:58","guid":{"rendered":"https:\/\/chia-cundinamarca.gov.co\/web\/?p=34259"},"modified":"2026-03-16T17:25:13","modified_gmt":"2026-03-16T22:25:13","slug":"chia-conmemoro-la-semana-de-la-mujer-con-una-amplia-oferta-de-servicios","status":"publish","type":"post","link":"https:\/\/chia-cundinamarca.gov.co\/web\/2026\/03\/chia-conmemoro-la-semana-de-la-mujer-con-una-amplia-oferta-de-servicios\/","title":{"rendered":"Ch\u00eda conmemor\u00f3 la Semana de la Mujer con una amplia oferta de servicios"},"content":{"rendered":"\t\t<div data-elementor-type=\"wp-post\" data-elementor-id=\"34259\" class=\"elementor elementor-34259\" data-elementor-post-type=\"post\">\n\t\t\t\t<div class=\"elementor-element elementor-element-51ddc388 e-flex e-con-boxed e-con e-parent\" data-id=\"51ddc388\" data-element_type=\"container\" data-e-type=\"container\">\n\t\t\t\t\t<div class=\"e-con-inner\">\n\t\t\t\t<div class=\"elementor-element elementor-element-fb63ba8 elementor-widget elementor-widget-heading\" data-id=\"fb63ba8\" data-element_type=\"widget\" data-e-type=\"widget\" data-widget_type=\"heading.default\">\n\t\t\t\t\t<h2 class=\"elementor-heading-title elementor-size-default\">Ch\u00eda conmemor\u00f3 la Semana de la Mujer con una amplia oferta de servicios<\/h2>\t\t\t\t<\/div>\n\t\t\t\t<div class=\"elementor-element elementor-element-001395e elementor-widget elementor-widget-image\" data-id=\"001395e\" data-element_type=\"widget\" data-e-type=\"widget\" data-widget_type=\"image.default\">\n\t\t\t\t\t\t\t\t\t\t\t\t\t\t\t<img fetchpriority=\"high\" decoding=\"async\" width=\"768\" height=\"576\" src=\"https:\/\/chia-cundinamarca.gov.co\/web\/wp-content\/uploads\/2026\/03\/Chia-conmemoro-la-Semana-de-la-Mujer-con-una-amplia-oferta-de-servicios-768x576.jpeg\" class=\"attachment-medium_large size-medium_large wp-image-34260\" alt=\"Ch\u00eda conmemor\u00f3 la Semana de la Mujer con una amplia oferta de servicios\" srcset=\"https:\/\/chia-cundinamarca.gov.co\/web\/wp-content\/uploads\/2026\/03\/Chia-conmemoro-la-Semana-de-la-Mujer-con-una-amplia-oferta-de-servicios-768x576.jpeg 768w, https:\/\/chia-cundinamarca.gov.co\/web\/wp-content\/uploads\/2026\/03\/Chia-conmemoro-la-Semana-de-la-Mujer-con-una-amplia-oferta-de-servicios-300x225.jpeg 300w, https:\/\/chia-cundinamarca.gov.co\/web\/wp-content\/uploads\/2026\/03\/Chia-conmemoro-la-Semana-de-la-Mujer-con-una-amplia-oferta-de-servicios-1024x768.jpeg 1024w, https:\/\/chia-cundinamarca.gov.co\/web\/wp-content\/uploads\/2026\/03\/Chia-conmemoro-la-Semana-de-la-Mujer-con-una-amplia-oferta-de-servicios-1536x1152.jpeg 1536w, https:\/\/chia-cundinamarca.gov.co\/web\/wp-content\/uploads\/2026\/03\/Chia-conmemoro-la-Semana-de-la-Mujer-con-una-amplia-oferta-de-servicios-2048x1536.jpeg 2048w\" sizes=\"(max-width: 768px) 100vw, 768px\" \/>\t\t\t\t\t\t\t\t\t\t\t\t\t\t\t<\/div>\n\t\t\t\t<div class=\"elementor-element elementor-element-49aa074a elementor-widget elementor-widget-text-editor\" data-id=\"49aa074a\" data-element_type=\"widget\" data-e-type=\"widget\" data-widget_type=\"text-editor.default\">\n\t\t\t\t\t\t\t\t\t\n<p>Con una agenda que integr\u00f3 la academia, la econom\u00eda, el arte y la identidad ancestral, la Administraci\u00f3n Municipal concluy\u00f3 con \u00e9xito la Semana de la Mujer. Bajo el lema \u00abDerechos, Justicia y Acci\u00f3n para todas las Mujeres y Ni\u00f1as\u00bb, y el hashtag #PorYParaTodas de la estrategia de la Gobernaci\u00f3n de Cundinamarca, el municipio reafirm\u00f3 su compromiso con el empoderamiento femenino en todas las etapas de la vida.<br>La conmemoraci\u00f3n arranc\u00f3 el 12 de marzo con una jornada de socializaci\u00f3n en varios colegios oficiales. Profesionales de la Casa de la Mujer recorrieron las instituciones para dar a conocer las Rutas de Atenci\u00f3n a las Violencias, asegurando que las ni\u00f1as y j\u00f3venes reconozcan los mecanismos de protecci\u00f3n a su disposici\u00f3n.<br>El 13 de marzo, el enfoque se traslad\u00f3 a la solidaridad con la Feria de Servicios y el Trueque Social con Prop\u00f3sito, un espacio de econom\u00eda circular donde las mujeres intercambiaron productos y fortalecieron los lazos comunitarios.<br>El 14 de marzo fue una jornada dedicada al pensamiento y la incidencia pol\u00edtica. Se llev\u00f3 a cabo el Primer Foro \u201cFrente a Ella\u201d Empoderamiento Femenino en el Rol de las Lideresas Juveniles, un espacio liderado por la Plataforma Municipal de Juventudes y la Direcci\u00f3n de Ciudadan\u00eda Juvenil de la Secretar\u00eda para el Desarrollo Social, donde las nuevas generaciones alzaron su voz.<br>Simult\u00e1neamente, la cultura y la historia se tomaron la agenda con:<\/p>\n\n\n\n<ul class=\"wp-block-list\">\n<li>Muestra Fotogr\u00e1fica: \u00abLa lucha de las Mujeres en la Historia de Colombia\u00bb, un recorrido visual por las conquistas sociales de las mujeres en el pa\u00eds.<\/li>\n\n\n\n<li>II Foro Conmemorativo: \u00abMujeres como Semillas del Cambio, Sembrando memoria y cultivando futuro\u00bb, donde se reflexion\u00f3 sobre el papel de la mujer en la construcci\u00f3n de paz y tejido social.<\/li>\n\n\n\n<li>Feria de Empleabilidad: Espacio clave donde la Secretar\u00eda para el Desarrollo Econ\u00f3mico conect\u00f3 a las mujeres con oportunidades laborales reales.<br>La semana culmin\u00f3, este s\u00e1bado 15 de marzo con un tributo a nuestras ra\u00edces, con un ritual muisca de armonizaci\u00f3n antes de emprender la caminata \u00abMujeres de la Monta\u00f1a: Territorio Muisca\u00bb hacia el sector de La Valvanera.<br>El descenso finaliz\u00f3 en la cancha del Taller Artesanal en la Vereda Fonquet\u00e1, donde se instal\u00f3 la \u00abPlacita Muisca\u00bb. En este espacio, el Resguardo Ind\u00edgena de Ch\u00eda ofreci\u00f3 una feria de servicios y una vitrina para sus productos artesanales, permitiendo que la comunidad apoyara el talento y la herencia cultural de las mujeres del resguardo.<\/li>\n<\/ul>\n\t\t\t\t\t\t\t\t<\/div>\n\t\t\t\t<div class=\"elementor-element elementor-element-8cf2876 elementor-widget elementor-widget-gallery\" data-id=\"8cf2876\" data-element_type=\"widget\" data-e-type=\"widget\" data-settings=\"{&quot;lazyload&quot;:&quot;yes&quot;,&quot;gallery_layout&quot;:&quot;grid&quot;,&quot;columns&quot;:4,&quot;columns_tablet&quot;:2,&quot;columns_mobile&quot;:1,&quot;gap&quot;:{&quot;unit&quot;:&quot;px&quot;,&quot;size&quot;:10,&quot;sizes&quot;:[]},&quot;gap_tablet&quot;:{&quot;unit&quot;:&quot;px&quot;,&quot;size&quot;:10,&quot;sizes&quot;:[]},&quot;gap_mobile&quot;:{&quot;unit&quot;:&quot;px&quot;,&quot;size&quot;:10,&quot;sizes&quot;:[]},&quot;link_to&quot;:&quot;file&quot;,&quot;aspect_ratio&quot;:&quot;3:2&quot;,&quot;overlay_background&quot;:&quot;yes&quot;,&quot;content_hover_animation&quot;:&quot;fade-in&quot;}\" data-widget_type=\"gallery.default\">\n\t\t\t\t\t\t\t<div class=\"elementor-gallery__container\">\n\t\t\t\t\t\t\t<a class=\"e-gallery-item elementor-gallery-item elementor-animated-content\" href=\"https:\/\/chia-cundinamarca.gov.co\/web\/wp-content\/uploads\/2026\/03\/MUJE1-scaled.jpeg\" data-elementor-open-lightbox=\"yes\" data-elementor-lightbox-slideshow=\"8cf2876\" data-elementor-lightbox-title=\"MUJE1\" data-e-action-hash=\"#elementor-action%3Aaction%3Dlightbox%26settings%3DeyJpZCI6MzQyNjIsInVybCI6Imh0dHBzOlwvXC9jaGlhLWN1bmRpbmFtYXJjYS5nb3YuY29cL3dlYlwvd3AtY29udGVudFwvdXBsb2Fkc1wvMjAyNlwvMDNcL01VSkUxLXNjYWxlZC5qcGVnIiwic2xpZGVzaG93IjoiOGNmMjg3NiJ9\">\n\t\t\t\t\t<div class=\"e-gallery-image elementor-gallery-item__image\" data-thumbnail=\"https:\/\/chia-cundinamarca.gov.co\/web\/wp-content\/uploads\/2026\/03\/MUJE1-300x179.jpeg\" data-width=\"300\" data-height=\"179\" aria-label=\"\" role=\"img\" ><\/div>\n\t\t\t\t\t\t\t\t\t\t\t<div class=\"elementor-gallery-item__overlay\"><\/div>\n\t\t\t\t\t\t\t\t\t\t\t\t\t\t<\/a>\n\t\t\t\t\t\t\t<a class=\"e-gallery-item elementor-gallery-item elementor-animated-content\" href=\"https:\/\/chia-cundinamarca.gov.co\/web\/wp-content\/uploads\/2026\/03\/MUJE2-scaled.jpeg\" data-elementor-open-lightbox=\"yes\" data-elementor-lightbox-slideshow=\"8cf2876\" data-elementor-lightbox-title=\"MUJE2\" data-e-action-hash=\"#elementor-action%3Aaction%3Dlightbox%26settings%3DeyJpZCI6MzQyNjMsInVybCI6Imh0dHBzOlwvXC9jaGlhLWN1bmRpbmFtYXJjYS5nb3YuY29cL3dlYlwvd3AtY29udGVudFwvdXBsb2Fkc1wvMjAyNlwvMDNcL01VSkUyLXNjYWxlZC5qcGVnIiwic2xpZGVzaG93IjoiOGNmMjg3NiJ9\">\n\t\t\t\t\t<div class=\"e-gallery-image elementor-gallery-item__image\" data-thumbnail=\"https:\/\/chia-cundinamarca.gov.co\/web\/wp-content\/uploads\/2026\/03\/MUJE2-300x200.jpeg\" data-width=\"300\" data-height=\"200\" aria-label=\"\" role=\"img\" ><\/div>\n\t\t\t\t\t\t\t\t\t\t\t<div class=\"elementor-gallery-item__overlay\"><\/div>\n\t\t\t\t\t\t\t\t\t\t\t\t\t\t<\/a>\n\t\t\t\t\t\t\t<a class=\"e-gallery-item elementor-gallery-item elementor-animated-content\" href=\"https:\/\/chia-cundinamarca.gov.co\/web\/wp-content\/uploads\/2026\/03\/MUJE3-scaled.jpeg\" data-elementor-open-lightbox=\"yes\" data-elementor-lightbox-slideshow=\"8cf2876\" data-elementor-lightbox-title=\"MUJE3\" data-e-action-hash=\"#elementor-action%3Aaction%3Dlightbox%26settings%3DeyJpZCI6MzQyNjUsInVybCI6Imh0dHBzOlwvXC9jaGlhLWN1bmRpbmFtYXJjYS5nb3YuY29cL3dlYlwvd3AtY29udGVudFwvdXBsb2Fkc1wvMjAyNlwvMDNcL01VSkUzLXNjYWxlZC5qcGVnIiwic2xpZGVzaG93IjoiOGNmMjg3NiJ9\">\n\t\t\t\t\t<div class=\"e-gallery-image elementor-gallery-item__image\" data-thumbnail=\"https:\/\/chia-cundinamarca.gov.co\/web\/wp-content\/uploads\/2026\/03\/MUJE3-300x225.jpeg\" data-width=\"300\" data-height=\"225\" aria-label=\"\" role=\"img\" ><\/div>\n\t\t\t\t\t\t\t\t\t\t\t<div class=\"elementor-gallery-item__overlay\"><\/div>\n\t\t\t\t\t\t\t\t\t\t\t\t\t\t<\/a>\n\t\t\t\t\t\t\t<a class=\"e-gallery-item elementor-gallery-item elementor-animated-content\" href=\"https:\/\/chia-cundinamarca.gov.co\/web\/wp-content\/uploads\/2026\/03\/MUJE4-scaled.jpeg\" data-elementor-open-lightbox=\"yes\" data-elementor-lightbox-slideshow=\"8cf2876\" data-elementor-lightbox-title=\"MUJE4\" data-e-action-hash=\"#elementor-action%3Aaction%3Dlightbox%26settings%3DeyJpZCI6MzQyNjYsInVybCI6Imh0dHBzOlwvXC9jaGlhLWN1bmRpbmFtYXJjYS5nb3YuY29cL3dlYlwvd3AtY29udGVudFwvdXBsb2Fkc1wvMjAyNlwvMDNcL01VSkU0LXNjYWxlZC5qcGVnIiwic2xpZGVzaG93IjoiOGNmMjg3NiJ9\">\n\t\t\t\t\t<div class=\"e-gallery-image elementor-gallery-item__image\" data-thumbnail=\"https:\/\/chia-cundinamarca.gov.co\/web\/wp-content\/uploads\/2026\/03\/MUJE4-300x203.jpeg\" data-width=\"300\" data-height=\"203\" aria-label=\"\" role=\"img\" ><\/div>\n\t\t\t\t\t\t\t\t\t\t\t<div class=\"elementor-gallery-item__overlay\"><\/div>\n\t\t\t\t\t\t\t\t\t\t\t\t\t\t<\/a>\n\t\t\t\t\t\t\t<a class=\"e-gallery-item elementor-gallery-item elementor-animated-content\" href=\"https:\/\/chia-cundinamarca.gov.co\/web\/wp-content\/uploads\/2026\/03\/MUJE5-scaled.jpeg\" data-elementor-open-lightbox=\"yes\" data-elementor-lightbox-slideshow=\"8cf2876\" data-elementor-lightbox-title=\"MUJE5\" data-e-action-hash=\"#elementor-action%3Aaction%3Dlightbox%26settings%3DeyJpZCI6MzQyNjcsInVybCI6Imh0dHBzOlwvXC9jaGlhLWN1bmRpbmFtYXJjYS5nb3YuY29cL3dlYlwvd3AtY29udGVudFwvdXBsb2Fkc1wvMjAyNlwvMDNcL01VSkU1LXNjYWxlZC5qcGVnIiwic2xpZGVzaG93IjoiOGNmMjg3NiJ9\">\n\t\t\t\t\t<div class=\"e-gallery-image elementor-gallery-item__image\" data-thumbnail=\"https:\/\/chia-cundinamarca.gov.co\/web\/wp-content\/uploads\/2026\/03\/MUJE5-300x221.jpeg\" data-width=\"300\" data-height=\"221\" aria-label=\"\" role=\"img\" ><\/div>\n\t\t\t\t\t\t\t\t\t\t\t<div class=\"elementor-gallery-item__overlay\"><\/div>\n\t\t\t\t\t\t\t\t\t\t\t\t\t\t<\/a>\n\t\t\t\t\t\t\t<a class=\"e-gallery-item elementor-gallery-item elementor-animated-content\" href=\"https:\/\/chia-cundinamarca.gov.co\/web\/wp-content\/uploads\/2026\/03\/MUJE6-scaled.jpeg\" data-elementor-open-lightbox=\"yes\" data-elementor-lightbox-slideshow=\"8cf2876\" data-elementor-lightbox-title=\"MUJE6\" data-e-action-hash=\"#elementor-action%3Aaction%3Dlightbox%26settings%3DeyJpZCI6MzQyNjgsInVybCI6Imh0dHBzOlwvXC9jaGlhLWN1bmRpbmFtYXJjYS5nb3YuY29cL3dlYlwvd3AtY29udGVudFwvdXBsb2Fkc1wvMjAyNlwvMDNcL01VSkU2LXNjYWxlZC5qcGVnIiwic2xpZGVzaG93IjoiOGNmMjg3NiJ9\">\n\t\t\t\t\t<div class=\"e-gallery-image elementor-gallery-item__image\" data-thumbnail=\"https:\/\/chia-cundinamarca.gov.co\/web\/wp-content\/uploads\/2026\/03\/MUJE6-300x169.jpeg\" data-width=\"300\" data-height=\"169\" aria-label=\"\" role=\"img\" ><\/div>\n\t\t\t\t\t\t\t\t\t\t\t<div class=\"elementor-gallery-item__overlay\"><\/div>\n\t\t\t\t\t\t\t\t\t\t\t\t\t\t<\/a>\n\t\t\t\t\t\t\t<a class=\"e-gallery-item elementor-gallery-item elementor-animated-content\" href=\"https:\/\/chia-cundinamarca.gov.co\/web\/wp-content\/uploads\/2026\/03\/Chia-conmemoro-la-Semana-de-la-Mujer-con-una-amplia-oferta-de-servicios-1-scaled.jpeg\" data-elementor-open-lightbox=\"yes\" data-elementor-lightbox-slideshow=\"8cf2876\" data-elementor-lightbox-title=\"Ch\u00eda conmemor\u00f3 la Semana de la Mujer con una amplia oferta de servicios\" data-e-action-hash=\"#elementor-action%3Aaction%3Dlightbox%26settings%3DeyJpZCI6MzQyNjksInVybCI6Imh0dHBzOlwvXC9jaGlhLWN1bmRpbmFtYXJjYS5nb3YuY29cL3dlYlwvd3AtY29udGVudFwvdXBsb2Fkc1wvMjAyNlwvMDNcL0NoaWEtY29ubWVtb3JvLWxhLVNlbWFuYS1kZS1sYS1NdWplci1jb24tdW5hLWFtcGxpYS1vZmVydGEtZGUtc2VydmljaW9zLTEtc2NhbGVkLmpwZWciLCJzbGlkZXNob3ciOiI4Y2YyODc2In0%3D\">\n\t\t\t\t\t<div class=\"e-gallery-image elementor-gallery-item__image\" data-thumbnail=\"https:\/\/chia-cundinamarca.gov.co\/web\/wp-content\/uploads\/2026\/03\/Chia-conmemoro-la-Semana-de-la-Mujer-con-una-amplia-oferta-de-servicios-1-300x225.jpeg\" data-width=\"300\" data-height=\"225\" aria-label=\"\" role=\"img\" ><\/div>\n\t\t\t\t\t\t\t\t\t\t\t<div class=\"elementor-gallery-item__overlay\"><\/div>\n\t\t\t\t\t\t\t\t\t\t\t\t\t\t<\/a>\n\t\t\t\t\t<\/div>\n\t\t\t\t\t<\/div>\n\t\t\t\t\t<\/div>\n\t\t\t\t<\/div>\n\t\t\t\t<\/div>\n\t\t","protected":false},"excerpt":{"rendered":"<p>Ch\u00eda conmemor\u00f3 la Semana de la Mujer con una amplia oferta de servicios Con una agenda que integr\u00f3 la academia, la econom\u00eda, el arte y la identidad ancestral, la Administraci\u00f3n Municipal concluy\u00f3 con \u00e9xito la Semana de la Mujer. Bajo el lema \u00abDerechos, Justicia y Acci\u00f3n para todas las Mujeres y Ni\u00f1as\u00bb, y el hashtag [&hellip;]<\/p>\n","protected":false},"author":1,"featured_media":34260,"comment_status":"closed","ping_status":"closed","sticky":false,"template":"","format":"standard","meta":{"footnotes":""},"categories":[1329],"tags":[],"class_list":["post-34259","post","type-post","status-publish","format-standard","has-post-thumbnail","hentry","category-noticias-2026"],"_links":{"self":[{"href":"https:\/\/chia-cundinamarca.gov.co\/web\/wp-json\/wp\/v2\/posts\/34259","targetHints":{"allow":["GET"]}}],"collection":[{"href":"https:\/\/chia-cundinamarca.gov.co\/web\/wp-json\/wp\/v2\/posts"}],"about":[{"href":"https:\/\/chia-cundinamarca.gov.co\/web\/wp-json\/wp\/v2\/types\/post"}],"author":[{"embeddable":true,"href":"https:\/\/chia-cundinamarca.gov.co\/web\/wp-json\/wp\/v2\/users\/1"}],"replies":[{"embeddable":true,"href":"https:\/\/chia-cundinamarca.gov.co\/web\/wp-json\/wp\/v2\/comments?post=34259"}],"version-history":[{"count":4,"href":"https:\/\/chia-cundinamarca.gov.co\/web\/wp-json\/wp\/v2\/posts\/34259\/revisions"}],"predecessor-version":[{"id":34272,"href":"https:\/\/chia-cundinamarca.gov.co\/web\/wp-json\/wp\/v2\/posts\/34259\/revisions\/34272"}],"wp:featuredmedia":[{"embeddable":true,"href":"https:\/\/chia-cundinamarca.gov.co\/web\/wp-json\/wp\/v2\/media\/34260"}],"wp:attachment":[{"href":"https:\/\/chia-cundinamarca.gov.co\/web\/wp-json\/wp\/v2\/media?parent=34259"}],"wp:term":[{"taxonomy":"category","embeddable":true,"href":"https:\/\/chia-cundinamarca.gov.co\/web\/wp-json\/wp\/v2\/categories?post=34259"},{"taxonomy":"post_tag","embeddable":true,"href":"https:\/\/chia-cundinamarca.gov.co\/web\/wp-json\/wp\/v2\/tags?post=34259"}],"curies":[{"name":"wp","href":"https:\/\/api.w.org\/{rel}","templated":true}]}}