{"id":3557,"date":"2024-02-16T17:15:43","date_gmt":"2024-02-16T16:15:43","guid":{"rendered":"https:\/\/chia-cundinamarca.gov.co\/web\/?p=3557"},"modified":"2024-02-16T18:20:55","modified_gmt":"2024-02-16T17:20:55","slug":"mas-de-10-mil-aportes-ciudadanos-recibio-el-plan-de-desarrollo-7-24-en-accion","status":"publish","type":"post","link":"https:\/\/chia-cundinamarca.gov.co\/web\/2024\/02\/mas-de-10-mil-aportes-ciudadanos-recibio-el-plan-de-desarrollo-7-24-en-accion\/","title":{"rendered":"M\u00e1s de 10 mil aportes ciudadanos recibi\u00f3 el Plan de Desarrollo 7\/24 En Acci\u00f3n"},"content":{"rendered":"\t\t<div data-elementor-type=\"wp-post\" data-elementor-id=\"3557\" class=\"elementor elementor-3557\" data-elementor-post-type=\"post\">\n\t\t\t\t<div class=\"elementor-element elementor-element-59198717 e-flex e-con-boxed e-con e-parent\" data-id=\"59198717\" data-element_type=\"container\" data-e-type=\"container\">\n\t\t\t\t\t<div class=\"e-con-inner\">\n\t\t\t\t<div class=\"elementor-element elementor-element-ee97fb0 elementor-widget elementor-widget-heading\" data-id=\"ee97fb0\" data-element_type=\"widget\" data-e-type=\"widget\" data-widget_type=\"heading.default\">\n\t\t\t\t\t<h2 class=\"elementor-heading-title elementor-size-default\">M\u00e1s de 10 mil aportes ciudadanos recibi\u00f3 el Plan de Desarrollo 7\/24 En Acci\u00f3n<\/h2>\t\t\t\t<\/div>\n\t\t\t\t<div class=\"elementor-element elementor-element-1c9d84f elementor-widget elementor-widget-image\" data-id=\"1c9d84f\" data-element_type=\"widget\" data-e-type=\"widget\" data-widget_type=\"image.default\">\n\t\t\t\t\t\t\t\t\t\t\t\t\t\t\t<img fetchpriority=\"high\" decoding=\"async\" width=\"768\" height=\"512\" src=\"https:\/\/chia-cundinamarca.gov.co\/web\/wp-content\/uploads\/2024\/02\/Plan-de-desarrollo-cierre-768x512.jpeg\" class=\"attachment-medium_large size-medium_large wp-image-3560\" alt=\"M\u00e1s de 10 mil aportes ciudadanos recibi\u00f3 el Plan de Desarrollo 7\/24 En Acci\u00f3n\" srcset=\"https:\/\/chia-cundinamarca.gov.co\/web\/wp-content\/uploads\/2024\/02\/Plan-de-desarrollo-cierre-768x512.jpeg 768w, https:\/\/chia-cundinamarca.gov.co\/web\/wp-content\/uploads\/2024\/02\/Plan-de-desarrollo-cierre-300x200.jpeg 300w, https:\/\/chia-cundinamarca.gov.co\/web\/wp-content\/uploads\/2024\/02\/Plan-de-desarrollo-cierre-1024x682.jpeg 1024w, https:\/\/chia-cundinamarca.gov.co\/web\/wp-content\/uploads\/2024\/02\/Plan-de-desarrollo-cierre.jpeg 1280w\" sizes=\"(max-width: 768px) 100vw, 768px\" \/>\t\t\t\t\t\t\t\t\t\t\t\t\t\t\t<\/div>\n\t\t\t\t<div class=\"elementor-element elementor-element-4e1785d9 elementor-widget elementor-widget-text-editor\" data-id=\"4e1785d9\" data-element_type=\"widget\" data-e-type=\"widget\" data-widget_type=\"text-editor.default\">\n\t\t\t\t\t\t\t\t\tCumpliendo con la normativa nacional y municipal, la administraci\u00f3n de Ch\u00eda realiz\u00f3 la <strong>socializaci\u00f3n del Plan de Desarrollo 7\/24 \u201cEn Acci\u00f3n\u201d<\/strong>, bajo tres metodolog\u00edas de participaci\u00f3n; la primera, mediante un <strong>c\u00f3digo QR;<\/strong> la segunda, con aplicaci\u00f3n de encuestas en las calles, y la tercera, con 11 <strong>mesas territoriales<\/strong> comunitarias en todos los sectores del municipio.\r\n\r\nM\u00e1s de 10 mil opiniones fueron recogidas luego de una amplia divulgaci\u00f3n que inici\u00f3 el 27 de enero a trav\u00e9s de la p\u00e1gina <strong>web oficial del municipio de Ch\u00eda,<\/strong> redes sociales (Facebook y X), publicidad fijada en edificios p\u00fablicos, sitios privados, transporte p\u00fablico y medios nacionales y locales.\r\n\r\nLa metodolog\u00eda del Plan de Desarrollo estableci\u00f3 6 l\u00edneas que denomin\u00f3: \u201cVida Plena\u201d, \u201cEco Gesti\u00f3n\u201d, \u201cRuta al Progreso\u201d, \u201cCh\u00eda Activa\u201d, \u201cFormaci\u00f3n para el Futuro\u201d, \u201cGobernabilidad y Confianza\u201d en once mesas territoriales divididas as\u00ed: (1) Fagua \u2013 T\u00edquiza; (2) Cerca de Piedra &#8211; Fonquet\u00e1 (3) Bojac\u00e1 \u2013 Mercedes de Calahorra; (4) Samaria, (5) Gremios, (6) Ni\u00f1os, ni\u00f1as y adolescentes, (7) Mesa de Inclusi\u00f3n, (8) La Balsa, (9) Sector Centro, (10) Resguardo Ind\u00edgena, (11) Fusca \u2013 Yerbabuena.\r\n\r\nLas <strong>once mesas territoriales<\/strong> se hicieron desde el 5 hasta el 11 de febrero con una asistencia aproximada de <strong>300 ciudadanos<\/strong> y una participaci\u00f3n estimada total de 3 mil quinientas personas.\r\n\r\nEl instrumento que se carg\u00f3 en el c\u00f3digo QR fue una encuesta que indag\u00f3 la ubicaci\u00f3n de residencia, el nivel educativo, el rango etario, el grado de satisfacci\u00f3n del transporte p\u00fablico, el conocimiento de la Regi\u00f3n Metropolitana, la ampliaci\u00f3n de\u00a0 la\u00a0 Avenida Pradilla, el reinicio de obras como la Troncal de Los Andes, la construcci\u00f3n de la Manzana Universitaria, la posible implementaci\u00f3n de la medida de \u201cPico y Placa\u201d y la valoraci\u00f3n y ponderaci\u00f3n de los problemas entre: seguridad, educaci\u00f3n, medio ambiente, v\u00edas, atenci\u00f3n a la primera infancia, salud, servicios p\u00fablicos, infraestructura y movilidad.\r\n\r\nLa misma encuesta postul\u00f3 si las personas se consideraban parte de la poblaci\u00f3n Rom, afro, ind\u00edgena, palenque, raizal, LGBTIQ+, si era v\u00edctima del conflicto, madre cabeza de hogar, su sexo, el estrato, alg\u00fan grado de discapacidad, si es poblaci\u00f3n migrante, entre otras.\r\n\r\nEl diagn\u00f3stico y la sistematizaci\u00f3n arroj\u00f3 un consolidado de 10 mil personas participantes y m\u00e1s de cuatro mil aportes ciudadanos recopilados en las mesas territoriales.\r\n\r\nLa estratificaci\u00f3n se concentr\u00f3 mayoritariamente desde el 1 hasta el 3, el rango etario con mayor protagonismo fue entre <strong>los 29 a los 45 a\u00f1os<\/strong> y las mujeres se destacaron sobre los hombres en la participaci\u00f3n en las encuestas.\r\n\r\nEn su mayor\u00eda los ciudadanos aprobaron la <strong>continuidad de la Troncal de Los Andes, la ampliaci\u00f3n de la Avenida Pradilla<\/strong> y como elemento adicional al Plan de Desarrollo propuesto por la Administraci\u00f3n, incrementar la atenci\u00f3n a la primera infancia.\t\t\t\t\t\t\t\t<\/div>\n\t\t\t\t<div class=\"elementor-element elementor-element-7923b2b elementor-widget elementor-widget-heading\" data-id=\"7923b2b\" data-element_type=\"widget\" data-e-type=\"widget\" data-widget_type=\"heading.default\">\n\t\t\t\t\t<h2 class=\"elementor-heading-title elementor-size-default\">As\u00ed registraron los medios nacionales la construcci\u00f3n del Plan de Desarrollo<\/h2>\t\t\t\t<\/div>\n\t\t\t\t\t<\/div>\n\t\t\t\t<\/div>\n\t\t<div class=\"elementor-element elementor-element-81f0a13 e-flex e-con-boxed e-con e-parent\" data-id=\"81f0a13\" data-element_type=\"container\" data-e-type=\"container\">\n\t\t\t\t\t<div class=\"e-con-inner\">\n\t\t\t\t\t<\/div>\n\t\t\t\t<\/div>\n\t\t\t\t<\/div>\n\t\t","protected":false},"excerpt":{"rendered":"<p>M\u00e1s de 10 mil aportes ciudadanos recibi\u00f3 el Plan de Desarrollo 7\/24 En Acci\u00f3n Cumpliendo con la normativa nacional y municipal, la administraci\u00f3n de Ch\u00eda realiz\u00f3 la socializaci\u00f3n del Plan de Desarrollo 7\/24 \u201cEn Acci\u00f3n\u201d, bajo tres metodolog\u00edas de participaci\u00f3n; la primera, mediante un c\u00f3digo QR; la segunda, con aplicaci\u00f3n de encuestas en las calles, [&hellip;]<\/p>\n","protected":false},"author":1,"featured_media":3318,"comment_status":"closed","ping_status":"closed","sticky":false,"template":"","format":"standard","meta":{"footnotes":""},"categories":[17],"tags":[127,185,39,184],"class_list":["post-3557","post","type-post","status-publish","format-standard","has-post-thumbnail","hentry","category-noticias-2024","tag-alcalde-de-chia","tag-ampliacion-de-la-avenida-pradilla","tag-leonardo-donoso-ruiz","tag-troncal-de-los-andes"],"_links":{"self":[{"href":"https:\/\/chia-cundinamarca.gov.co\/web\/wp-json\/wp\/v2\/posts\/3557","targetHints":{"allow":["GET"]}}],"collection":[{"href":"https:\/\/chia-cundinamarca.gov.co\/web\/wp-json\/wp\/v2\/posts"}],"about":[{"href":"https:\/\/chia-cundinamarca.gov.co\/web\/wp-json\/wp\/v2\/types\/post"}],"author":[{"embeddable":true,"href":"https:\/\/chia-cundinamarca.gov.co\/web\/wp-json\/wp\/v2\/users\/1"}],"replies":[{"embeddable":true,"href":"https:\/\/chia-cundinamarca.gov.co\/web\/wp-json\/wp\/v2\/comments?post=3557"}],"version-history":[{"count":0,"href":"https:\/\/chia-cundinamarca.gov.co\/web\/wp-json\/wp\/v2\/posts\/3557\/revisions"}],"wp:featuredmedia":[{"embeddable":true,"href":"https:\/\/chia-cundinamarca.gov.co\/web\/wp-json\/wp\/v2\/media\/3318"}],"wp:attachment":[{"href":"https:\/\/chia-cundinamarca.gov.co\/web\/wp-json\/wp\/v2\/media?parent=3557"}],"wp:term":[{"taxonomy":"category","embeddable":true,"href":"https:\/\/chia-cundinamarca.gov.co\/web\/wp-json\/wp\/v2\/categories?post=3557"},{"taxonomy":"post_tag","embeddable":true,"href":"https:\/\/chia-cundinamarca.gov.co\/web\/wp-json\/wp\/v2\/tags?post=3557"}],"curies":[{"name":"wp","href":"https:\/\/api.w.org\/{rel}","templated":true}]}}