{"id":3789,"date":"2024-02-21T19:36:26","date_gmt":"2024-02-21T18:36:26","guid":{"rendered":"https:\/\/chia-cundinamarca.gov.co\/web\/?p=3789"},"modified":"2024-02-21T19:51:16","modified_gmt":"2024-02-21T18:51:16","slug":"concejo-resalta-la-respuesta-de-la-administracion-frente-al-covid-19","status":"publish","type":"post","link":"https:\/\/chia-cundinamarca.gov.co\/web\/2024\/02\/concejo-resalta-la-respuesta-de-la-administracion-frente-al-covid-19\/","title":{"rendered":"Concejo resalta la respuesta de la Administraci\u00f3n frente al Covid 19"},"content":{"rendered":"\t\t<div data-elementor-type=\"wp-post\" data-elementor-id=\"3789\" class=\"elementor elementor-3789\" data-elementor-post-type=\"post\">\n\t\t\t\t<div class=\"elementor-element elementor-element-3d178baa e-flex e-con-boxed e-con e-parent\" data-id=\"3d178baa\" data-element_type=\"container\" data-e-type=\"container\">\n\t\t\t\t\t<div class=\"e-con-inner\">\n\t\t\t\t<div class=\"elementor-element elementor-element-9aaf38f elementor-widget elementor-widget-heading\" data-id=\"9aaf38f\" data-element_type=\"widget\" data-e-type=\"widget\" data-widget_type=\"heading.default\">\n\t\t\t\t\t<h2 class=\"elementor-heading-title elementor-size-default\">Concejo resalta la respuesta de la Administraci\u00f3n frente al Covid 19<\/h2>\t\t\t\t<\/div>\n\t\t\t\t<div class=\"elementor-element elementor-element-6e7b9db elementor-widget elementor-widget-image\" data-id=\"6e7b9db\" data-element_type=\"widget\" data-e-type=\"widget\" data-widget_type=\"image.default\">\n\t\t\t\t\t\t\t\t\t\t\t\t\t\t\t<img fetchpriority=\"high\" decoding=\"async\" width=\"768\" height=\"432\" src=\"https:\/\/chia-cundinamarca.gov.co\/web\/wp-content\/uploads\/2024\/02\/Funcionarios-en-el-control-politico-20.02.24-768x432.jpeg\" class=\"attachment-medium_large size-medium_large wp-image-3792\" alt=\"Concejo resalta la respuesta de la Administraci\u00f3n frente al Covid 19\" srcset=\"https:\/\/chia-cundinamarca.gov.co\/web\/wp-content\/uploads\/2024\/02\/Funcionarios-en-el-control-politico-20.02.24-768x432.jpeg 768w, https:\/\/chia-cundinamarca.gov.co\/web\/wp-content\/uploads\/2024\/02\/Funcionarios-en-el-control-politico-20.02.24-300x169.jpeg 300w, https:\/\/chia-cundinamarca.gov.co\/web\/wp-content\/uploads\/2024\/02\/Funcionarios-en-el-control-politico-20.02.24-1024x576.jpeg 1024w, https:\/\/chia-cundinamarca.gov.co\/web\/wp-content\/uploads\/2024\/02\/Funcionarios-en-el-control-politico-20.02.24-1536x864.jpeg 1536w, https:\/\/chia-cundinamarca.gov.co\/web\/wp-content\/uploads\/2024\/02\/Funcionarios-en-el-control-politico-20.02.24-2048x1152.jpeg 2048w\" sizes=\"(max-width: 768px) 100vw, 768px\" \/>\t\t\t\t\t\t\t\t\t\t\t\t\t\t\t<\/div>\n\t\t\t\t<div class=\"elementor-element elementor-element-1a1088cb elementor-widget elementor-widget-text-editor\" data-id=\"1a1088cb\" data-element_type=\"widget\" data-e-type=\"widget\" data-widget_type=\"text-editor.default\">\n\t\t\t\t\t\t\t\t\t<p>Con m\u00e1s de 180 folios<strong> los secretarios<\/strong> de Salud, de Educaci\u00f3n, de Desarrollo Social, de Desarrollo Econ\u00f3mico, de la Secretar\u00eda General, el director del IDUVI, del IMRD, la directora de la Funci\u00f3n P\u00fablica, y la gerente de Emserch\u00eda, <strong>acudieron al llamado de control pol\u00edtico del Concejo Municipa<\/strong>l para <strong>responder<\/strong> sobre la<strong> articulaci\u00f3n ante la nueva cepa del Covid 19.<\/strong><\/p><p>En la sesi\u00f3n, varios concejales <strong>destacaron la respuesta efectiva de la Administraci\u00f3n<\/strong> durante el pico epidemiol\u00f3gico de Enfermedad Respiratoria Aguda, ERA, que report\u00f3 el municipio y el pa\u00eds por los efectos clim\u00e1ticos de El fen\u00f3meno de El Ni\u00f1o, en el cual el municipio de Ch\u00eda, a trav\u00e9s de la Secretar\u00eda de Salud, hizo <strong>control efectivo en los reportes epidemiol\u00f3gicos<\/strong>, la capacidad de las salas de urgencias, la disponibilidad de recursos de las Entidades Administradores de Planes de Beneficios, EAPBS, y la traza en aspectos de salud p\u00fablica.<\/p><p>En las barras del Concejo asistieron voluntariamente los representantes de las IPS del municipio y de las EAPBS, quienes fueron convocados por la Secretaria de Salud, Luz Estella D\u00edaz, para <strong>validar positivamente la aplicaci\u00f3n de los protocolos dispuestos<\/strong> en las circulares y decretos emitidos por el Ministerio de Salud y Protecci\u00f3n Social, el Instituto Nacional de Salud, INS, y la Superintendencia de Salud, relacionados con el pico nacional de ERA.<\/p><p>Respecto a la contingencia frente al COVID 19 de la Empresa de Servicios P\u00fablicos de Ch\u00eda, Emserch\u00eda, los concejales <strong>destacaron el seguimiento posterior de la alerta emitida por la INS de la gerente de este ente municipal descentralizado, Cindy Garay Garz\u00f3n,<\/strong> quien ha hecho reportes peri\u00f3dicos del comportamiento epidemiol\u00f3gico de casos sospechosos de Covid de la planta de personal de este ente y los protocolos aplicados de prevenci\u00f3n y cuidado.<\/p><h5>Lea tambi\u00e9n: <a href=\"https:\/\/chia-cundinamarca.gov.co\/web\/2024\/02\/20\/los-funcionarios-del-nivel-central-de-la-administracion-participaron-en-la-construccion-del-plan-de-desarrollo\/\">Los funcionarios del nivel central de la Administraci\u00f3n participaron en la construcci\u00f3n del Plan de Desarrollo<\/a><\/h5><p>Por parte de algunos concejales, surgi\u00f3 la pregunta respecto al reporte de casos Covid &#8211; 19 de la IPS p\u00fablica departamental, <strong>Hospital San Antonio de Ch\u00eda,<\/strong> a lo cual se manifest\u00f3 que ese <b>proceso<\/b>\u00a0lo realiza esa IPS bajo su autonom\u00eda con un convenio.<\/p><p>Se espera que la Administraci\u00f3n Donoso contin\u00fae en sesiones de control pol\u00edtico convocadas por parte del Concejo Municipal y <strong>se atiendan los requerimientos relacionados con las necesidades de esta importante Corporaci\u00f3n.<\/strong><\/p>\t\t\t\t\t\t\t\t<\/div>\n\t\t\t\t\t<\/div>\n\t\t\t\t<\/div>\n\t\t\t\t<\/div>\n\t\t","protected":false},"excerpt":{"rendered":"<p>Concejo resalta la respuesta de la Administraci\u00f3n frente al Covid 19 Con m\u00e1s de 180 folios los secretarios de Salud, de Educaci\u00f3n, de Desarrollo Social, de Desarrollo Econ\u00f3mico, de la Secretar\u00eda General, el director del IDUVI, del IMRD, la directora de la Funci\u00f3n P\u00fablica, y la gerente de Emserch\u00eda, acudieron al llamado de control pol\u00edtico [&hellip;]<\/p>\n","protected":false},"author":1,"featured_media":3792,"comment_status":"closed","ping_status":"closed","sticky":false,"template":"","format":"standard","meta":{"footnotes":""},"categories":[17],"tags":[127,208,38,37],"class_list":["post-3789","post","type-post","status-publish","format-standard","has-post-thumbnail","hentry","category-noticias-2024","tag-alcalde-de-chia","tag-concejo-municipal","tag-covid-19","tag-leonardo-donoso"],"_links":{"self":[{"href":"https:\/\/chia-cundinamarca.gov.co\/web\/wp-json\/wp\/v2\/posts\/3789","targetHints":{"allow":["GET"]}}],"collection":[{"href":"https:\/\/chia-cundinamarca.gov.co\/web\/wp-json\/wp\/v2\/posts"}],"about":[{"href":"https:\/\/chia-cundinamarca.gov.co\/web\/wp-json\/wp\/v2\/types\/post"}],"author":[{"embeddable":true,"href":"https:\/\/chia-cundinamarca.gov.co\/web\/wp-json\/wp\/v2\/users\/1"}],"replies":[{"embeddable":true,"href":"https:\/\/chia-cundinamarca.gov.co\/web\/wp-json\/wp\/v2\/comments?post=3789"}],"version-history":[{"count":0,"href":"https:\/\/chia-cundinamarca.gov.co\/web\/wp-json\/wp\/v2\/posts\/3789\/revisions"}],"wp:featuredmedia":[{"embeddable":true,"href":"https:\/\/chia-cundinamarca.gov.co\/web\/wp-json\/wp\/v2\/media\/3792"}],"wp:attachment":[{"href":"https:\/\/chia-cundinamarca.gov.co\/web\/wp-json\/wp\/v2\/media?parent=3789"}],"wp:term":[{"taxonomy":"category","embeddable":true,"href":"https:\/\/chia-cundinamarca.gov.co\/web\/wp-json\/wp\/v2\/categories?post=3789"},{"taxonomy":"post_tag","embeddable":true,"href":"https:\/\/chia-cundinamarca.gov.co\/web\/wp-json\/wp\/v2\/tags?post=3789"}],"curies":[{"name":"wp","href":"https:\/\/api.w.org\/{rel}","templated":true}]}}