{"id":3829,"date":"2024-02-21T23:58:10","date_gmt":"2024-02-21T22:58:10","guid":{"rendered":"https:\/\/chia-cundinamarca.gov.co\/web\/?p=3829"},"modified":"2024-02-22T00:00:36","modified_gmt":"2024-02-21T23:00:36","slug":"los-adultos-mayores-fueron-protagonistas-en-chia","status":"publish","type":"post","link":"https:\/\/chia-cundinamarca.gov.co\/web\/2024\/02\/los-adultos-mayores-fueron-protagonistas-en-chia\/","title":{"rendered":"Los adultos mayores fueron protagonistas en Ch\u00eda"},"content":{"rendered":"\t\t<div data-elementor-type=\"wp-post\" data-elementor-id=\"3829\" class=\"elementor elementor-3829\" data-elementor-post-type=\"post\">\n\t\t\t\t<div class=\"elementor-element elementor-element-21e0a930 e-flex e-con-boxed e-con e-parent\" data-id=\"21e0a930\" data-element_type=\"container\" data-e-type=\"container\">\n\t\t\t\t\t<div class=\"e-con-inner\">\n\t\t\t\t<div class=\"elementor-element elementor-element-3477acc elementor-widget elementor-widget-heading\" data-id=\"3477acc\" data-element_type=\"widget\" data-e-type=\"widget\" data-widget_type=\"heading.default\">\n\t\t\t\t\t<h2 class=\"elementor-heading-title elementor-size-default\">Los adultos mayores fueron protagonistas en Ch\u00eda<\/h2>\t\t\t\t<\/div>\n\t\t\t\t<div class=\"elementor-element elementor-element-7189732 elementor-widget elementor-widget-image\" data-id=\"7189732\" data-element_type=\"widget\" data-e-type=\"widget\" data-widget_type=\"image.default\">\n\t\t\t\t\t\t\t\t\t\t\t\t\t\t\t<img fetchpriority=\"high\" decoding=\"async\" width=\"768\" height=\"512\" src=\"https:\/\/chia-cundinamarca.gov.co\/web\/wp-content\/uploads\/2024\/02\/Adultos-mayores-768x512.jpeg\" class=\"attachment-medium_large size-medium_large wp-image-3830\" alt=\"Dimos la bienvenida a los adultos mayores de Ch\u00eda\" srcset=\"https:\/\/chia-cundinamarca.gov.co\/web\/wp-content\/uploads\/2024\/02\/Adultos-mayores-768x512.jpeg 768w, https:\/\/chia-cundinamarca.gov.co\/web\/wp-content\/uploads\/2024\/02\/Adultos-mayores-300x200.jpeg 300w, https:\/\/chia-cundinamarca.gov.co\/web\/wp-content\/uploads\/2024\/02\/Adultos-mayores-1024x682.jpeg 1024w, https:\/\/chia-cundinamarca.gov.co\/web\/wp-content\/uploads\/2024\/02\/Adultos-mayores-1536x1023.jpeg 1536w, https:\/\/chia-cundinamarca.gov.co\/web\/wp-content\/uploads\/2024\/02\/Adultos-mayores.jpeg 1600w\" sizes=\"(max-width: 768px) 100vw, 768px\" \/>\t\t\t\t\t\t\t\t\t\t\t\t\t\t\t<\/div>\n\t\t\t\t<div class=\"elementor-element elementor-element-6121367a elementor-widget elementor-widget-text-editor\" data-id=\"6121367a\" data-element_type=\"widget\" data-e-type=\"widget\" data-widget_type=\"text-editor.default\">\n\t\t\t\t\t\t\t\t\t<p><em>En Casa D\u00eda Fagua, dimos <strong>la bienvenida a los adultos mayores<\/strong> en un espacio liderado por la <strong>gestora social Blanca Ang\u00e9lica Donoso<\/strong>.<\/em><\/p><p>Durante esta ceremonia, se dio inicio con la celebraci\u00f3n de la Sagrada Eucarist\u00eda, adem\u00e1s, en el desarrollo se llev\u00f3 a cabo una muestra musical con Bakonga Orquesta y art\u00edstica con Danzar Colombia, en donde los adultos mayores se sumaron en este momento para ellos.<\/p><p>La Gestora Social junto con la secretaria de desarrollo social Patricia Bernal, informaron que el <strong>programa de adulto mayor<\/strong> <strong>iniciar\u00e1 pr\u00f3ximamente<\/strong>; tambi\u00e9n, de las actividades que involucran a las entidades descentralizadas de la Alcald\u00eda Municipal, adem\u00e1s, las <strong>modalidades<\/strong> que tienen como: atenci\u00f3n descentralizada, domiciliarios en los salones comunales, atenci\u00f3n domiciliaria con paquetes nutricionales, atenci\u00f3n prioritaria para 20 adultos mayores de 8:00a.m. a 2.00 p.m. para quienes est\u00e9n en situaci\u00f3n de vulnerabilidad, el convenio con el hogar San Rafael y el convenio con Colombia Mayor.<\/p><p>Todo lo anterior con la finalidad de generar <strong>experiencias significativas<\/strong> para ellos, <strong>participaci\u00f3n de los grupos comunitarios<\/strong> y actividades que se desarrollar\u00e1n a lo largo del cuatrienio. \u201cEstaremos acompa\u00f1\u00e1ndolos en estas actividades de la Administraci\u00f3n porque ustedes son una parte muy importante para nosotros y para el alcalde Leonardo Donoso\u201d expuso Blanca Ang\u00e9lica Donoso, gestora social.<\/p><p>Adem\u00e1s, Sara Bernal, representante del adulto mayor agreg\u00f3, \u201cvamos a estar pendientes y pedir con respeto a la Administraci\u00f3n lo que necesitemos, sabemos que nos va ir bien en este <strong>cuatrienio<\/strong>\u201d.<\/p><p>Hoy, 21 de febrero los adultos mayores de Ch\u00eda fueron protagonistas y ser\u00e1n parte integral del <strong>Plan de Desarrollo \u201cEn Acci\u00f3n\u201d. <\/strong><\/p>\t\t\t\t\t\t\t\t<\/div>\n\t\t\t\t\t<\/div>\n\t\t\t\t<\/div>\n\t\t\t\t<\/div>\n\t\t","protected":false},"excerpt":{"rendered":"<p>Los adultos mayores fueron protagonistas en Ch\u00eda En Casa D\u00eda Fagua, dimos la bienvenida a los adultos mayores en un espacio liderado por la gestora social Blanca Ang\u00e9lica Donoso. Durante esta ceremonia, se dio inicio con la celebraci\u00f3n de la Sagrada Eucarist\u00eda, adem\u00e1s, en el desarrollo se llev\u00f3 a cabo una muestra musical con Bakonga [&hellip;]<\/p>\n","protected":false},"author":1,"featured_media":3830,"comment_status":"closed","ping_status":"closed","sticky":false,"template":"","format":"standard","meta":{"footnotes":""},"categories":[17],"tags":[218,205,216,220,219,217],"class_list":["post-3829","post","type-post","status-publish","format-standard","has-post-thumbnail","hentry","category-noticias-2024","tag-actividades","tag-adulto-mayor","tag-bienvenida","tag-casa-dia","tag-experiencias-significativas","tag-gestora-social"],"_links":{"self":[{"href":"https:\/\/chia-cundinamarca.gov.co\/web\/wp-json\/wp\/v2\/posts\/3829","targetHints":{"allow":["GET"]}}],"collection":[{"href":"https:\/\/chia-cundinamarca.gov.co\/web\/wp-json\/wp\/v2\/posts"}],"about":[{"href":"https:\/\/chia-cundinamarca.gov.co\/web\/wp-json\/wp\/v2\/types\/post"}],"author":[{"embeddable":true,"href":"https:\/\/chia-cundinamarca.gov.co\/web\/wp-json\/wp\/v2\/users\/1"}],"replies":[{"embeddable":true,"href":"https:\/\/chia-cundinamarca.gov.co\/web\/wp-json\/wp\/v2\/comments?post=3829"}],"version-history":[{"count":0,"href":"https:\/\/chia-cundinamarca.gov.co\/web\/wp-json\/wp\/v2\/posts\/3829\/revisions"}],"wp:featuredmedia":[{"embeddable":true,"href":"https:\/\/chia-cundinamarca.gov.co\/web\/wp-json\/wp\/v2\/media\/3830"}],"wp:attachment":[{"href":"https:\/\/chia-cundinamarca.gov.co\/web\/wp-json\/wp\/v2\/media?parent=3829"}],"wp:term":[{"taxonomy":"category","embeddable":true,"href":"https:\/\/chia-cundinamarca.gov.co\/web\/wp-json\/wp\/v2\/categories?post=3829"},{"taxonomy":"post_tag","embeddable":true,"href":"https:\/\/chia-cundinamarca.gov.co\/web\/wp-json\/wp\/v2\/tags?post=3829"}],"curies":[{"name":"wp","href":"https:\/\/api.w.org\/{rel}","templated":true}]}}