{"id":4786,"date":"2024-03-11T19:15:05","date_gmt":"2024-03-11T18:15:05","guid":{"rendered":"https:\/\/chia-cundinamarca.gov.co\/web\/?p=4786"},"modified":"2024-03-11T19:18:35","modified_gmt":"2024-03-11T18:18:35","slug":"chia-participo-en-la-primera-cumbre-de-convivencia-seguridad-y-justicia-2024","status":"publish","type":"post","link":"https:\/\/chia-cundinamarca.gov.co\/web\/2024\/03\/chia-participo-en-la-primera-cumbre-de-convivencia-seguridad-y-justicia-2024\/","title":{"rendered":"Ch\u00eda particip\u00f3 en la primera Cumbre de Convivencia, Seguridad y Justicia 2024"},"content":{"rendered":"\t\t<div data-elementor-type=\"wp-post\" data-elementor-id=\"4786\" class=\"elementor elementor-4786\" data-elementor-post-type=\"post\">\n\t\t\t\t<div class=\"elementor-element elementor-element-60cad8cc e-flex e-con-boxed e-con e-parent\" data-id=\"60cad8cc\" data-element_type=\"container\" data-e-type=\"container\">\n\t\t\t\t\t<div class=\"e-con-inner\">\n\t\t\t\t<div class=\"elementor-element elementor-element-a72df0a elementor-widget elementor-widget-heading\" data-id=\"a72df0a\" data-element_type=\"widget\" data-e-type=\"widget\" data-widget_type=\"heading.default\">\n\t\t\t\t\t<h2 class=\"elementor-heading-title elementor-size-default\"><p><b><span style=\",sans-serif\">Ch\u00eda particip\u00f3 en la primera\nCumbre de Convivencia, Seguridad y Justicia 2024<\/span><\/b><\/p>\n\n<\/h2>\t\t\t\t<\/div>\n\t\t\t\t<div class=\"elementor-element elementor-element-87e3bee elementor-widget elementor-widget-image\" data-id=\"87e3bee\" data-element_type=\"widget\" data-e-type=\"widget\" data-widget_type=\"image.default\">\n\t\t\t\t\t\t\t\t\t\t\t\t\t\t\t<img fetchpriority=\"high\" decoding=\"async\" width=\"768\" height=\"576\" src=\"https:\/\/chia-cundinamarca.gov.co\/web\/wp-content\/uploads\/2024\/03\/WhatsApp-Image-2024-03-11-at-1.09.51-PM-768x576.jpeg\" class=\"attachment-medium_large size-medium_large wp-image-4788\" alt=\"\" srcset=\"https:\/\/chia-cundinamarca.gov.co\/web\/wp-content\/uploads\/2024\/03\/WhatsApp-Image-2024-03-11-at-1.09.51-PM-768x576.jpeg 768w, https:\/\/chia-cundinamarca.gov.co\/web\/wp-content\/uploads\/2024\/03\/WhatsApp-Image-2024-03-11-at-1.09.51-PM-300x225.jpeg 300w, https:\/\/chia-cundinamarca.gov.co\/web\/wp-content\/uploads\/2024\/03\/WhatsApp-Image-2024-03-11-at-1.09.51-PM-1024x768.jpeg 1024w, https:\/\/chia-cundinamarca.gov.co\/web\/wp-content\/uploads\/2024\/03\/WhatsApp-Image-2024-03-11-at-1.09.51-PM.jpeg 1280w\" sizes=\"(max-width: 768px) 100vw, 768px\" \/>\t\t\t\t\t\t\t\t\t\t\t\t\t\t\t<\/div>\n\t\t\t\t<div class=\"elementor-element elementor-element-7be2b10e elementor-widget elementor-widget-text-editor\" data-id=\"7be2b10e\" data-element_type=\"widget\" data-e-type=\"widget\" data-widget_type=\"text-editor.default\">\n\t\t\t\t\t\t\t\t\t<p>Con el objetivo de identificar y priorizar <strong>acciones<\/strong> conjuntas entre los tres niveles de <strong>gobierno<\/strong> para <strong>mejorar<\/strong> las condiciones de <strong>seguridad<\/strong> y convivencia en los territorios, se desarroll\u00f3 el pasado viernes 08 de marzo la \u00abCumbre de Convivencia, Seguridad y Justicia con Departamentos y Ciudades Intermedias\u00bb, donde <strong>Ch\u00eda<\/strong> fue invitada.<\/p><p>Con la asistencia de 18 <strong>gobernadore<\/strong>s, 40 <strong>alcald\u00edas<\/strong> y la presencia de todas las ramas de las fuerzas militares y de Polic\u00eda del<strong> pa\u00eds<\/strong> se desarroll\u00f3 la cumbre en la que <strong>Ch\u00eda<\/strong>, a trav\u00e9s del director de Seguridad y Convivencia Ciudadana coronel (r) Oscar Pach\u00f3n cont\u00f3 sobre las estrategias de <strong>seguridad<\/strong> en el municipio para atacar el microtr\u00e1fico, la migraci\u00f3n de extranjeros y el hurto a residencias y personas, entre otras.<\/p><p>Dicho lo anterior, se mencion\u00f3 en medio del evento sobre las implementaciones que tendr\u00e1 el municipio para atender las necesidades en seguridad como, la llegada de la <strong>Red C\u00edvica de Apoyo<\/strong>, los gestores comunitarios, el fortalecimiento de la l\u00ednea 123, el circuito cerrado de televisi\u00f3n y las alarmas comunitarias.<\/p><p>De esta manera, y como parte del objetivo de la cumbre, fue concertar planes de trabajo conjuntos entre el nivel nacional, departamental y municipal para mejorar la seguridad en los territorios convocados, demostrando el poder de cooperaci\u00f3n en pro de la <strong>seguridad nacional<\/strong>.<\/p><p>Es de mencionar, que durante la Cumbre tambi\u00e9n se evidenciaron algunas inconformidades por parte de algunos gobernadores y alcaldes, quienes cuestionaron las medidas tomadas en el marco de la pol\u00edtica de \u2018paz total\u2019 y le pidieron al Ministerio de Defensa m\u00e1s acciones concretas en las regiones para mejorar la seguridad.<\/p><p>Como parte de los compromisos de la cumbre, se estableci\u00f3 la realizaci\u00f3n de una segunda mesa de trabajo para principios del mes de abril, que se realizar\u00e1 en la Gobernaci\u00f3n de Cundinamarca y donde se esperan plasmar las acciones espec\u00edficas en beneficio de la seguridad de cada territorio; al evento asistir\u00e1n la<strong> Fiscal\u00eda<\/strong>\u00a0General de la Naci\u00f3n, <strong>Migraci\u00f3n<\/strong> Colombia y el Instituto Colombiano de Bienestar Familiar (ICBF) para lograr mejorar los canales de comunicaci\u00f3n con estas entidades.<\/p>\t\t\t\t\t\t\t\t<\/div>\n\t\t\t\t\t<\/div>\n\t\t\t\t<\/div>\n\t\t<div class=\"elementor-element elementor-element-f688162 e-flex e-con-boxed e-con e-parent\" data-id=\"f688162\" data-element_type=\"container\" data-e-type=\"container\">\n\t\t\t\t\t<div class=\"e-con-inner\">\n\t\t\t\t<div class=\"elementor-element elementor-element-db4490e elementor-widget elementor-widget-gallery\" data-id=\"db4490e\" data-element_type=\"widget\" data-e-type=\"widget\" data-settings=\"{&quot;lazyload&quot;:&quot;yes&quot;,&quot;gallery_layout&quot;:&quot;grid&quot;,&quot;columns&quot;:4,&quot;columns_tablet&quot;:2,&quot;columns_mobile&quot;:1,&quot;gap&quot;:{&quot;unit&quot;:&quot;px&quot;,&quot;size&quot;:10,&quot;sizes&quot;:[]},&quot;gap_tablet&quot;:{&quot;unit&quot;:&quot;px&quot;,&quot;size&quot;:10,&quot;sizes&quot;:[]},&quot;gap_mobile&quot;:{&quot;unit&quot;:&quot;px&quot;,&quot;size&quot;:10,&quot;sizes&quot;:[]},&quot;link_to&quot;:&quot;file&quot;,&quot;aspect_ratio&quot;:&quot;3:2&quot;,&quot;overlay_background&quot;:&quot;yes&quot;,&quot;content_hover_animation&quot;:&quot;fade-in&quot;}\" data-widget_type=\"gallery.default\">\n\t\t\t\t\t\t\t<div class=\"elementor-gallery__container\">\n\t\t\t\t\t\t\t<a class=\"e-gallery-item elementor-gallery-item elementor-animated-content\" href=\"https:\/\/chia-cundinamarca.gov.co\/web\/wp-content\/uploads\/2024\/03\/WhatsApp-Image-2024-03-11-at-1.10.16-PM.jpeg\" data-elementor-open-lightbox=\"yes\" data-elementor-lightbox-slideshow=\"db4490e\" data-elementor-lightbox-title=\"WhatsApp Image 2024-03-11 at 1.10.16 PM\" data-e-action-hash=\"#elementor-action%3Aaction%3Dlightbox%26settings%3DeyJpZCI6NDc5MCwidXJsIjoiaHR0cHM6XC9cL2NoaWEtY3VuZGluYW1hcmNhLmdvdi5jb1wvd2ViXC93cC1jb250ZW50XC91cGxvYWRzXC8yMDI0XC8wM1wvV2hhdHNBcHAtSW1hZ2UtMjAyNC0wMy0xMS1hdC0xLjEwLjE2LVBNLmpwZWciLCJzbGlkZXNob3ciOiJkYjQ0OTBlIn0%3D\">\n\t\t\t\t\t<div class=\"e-gallery-image elementor-gallery-item__image\" data-thumbnail=\"https:\/\/chia-cundinamarca.gov.co\/web\/wp-content\/uploads\/2024\/03\/WhatsApp-Image-2024-03-11-at-1.10.16-PM-225x300.jpeg\" data-width=\"225\" data-height=\"300\" aria-label=\"\" role=\"img\" ><\/div>\n\t\t\t\t\t\t\t\t\t\t\t<div class=\"elementor-gallery-item__overlay\"><\/div>\n\t\t\t\t\t\t\t\t\t\t\t\t\t\t<\/a>\n\t\t\t\t\t\t\t<a class=\"e-gallery-item elementor-gallery-item elementor-animated-content\" href=\"https:\/\/chia-cundinamarca.gov.co\/web\/wp-content\/uploads\/2024\/03\/WhatsApp-Image-2024-03-11-at-1.09.50-PM.jpeg\" data-elementor-open-lightbox=\"yes\" data-elementor-lightbox-slideshow=\"db4490e\" data-elementor-lightbox-title=\"WhatsApp Image 2024-03-11 at 1.09.50 PM\" data-e-action-hash=\"#elementor-action%3Aaction%3Dlightbox%26settings%3DeyJpZCI6NDc5MSwidXJsIjoiaHR0cHM6XC9cL2NoaWEtY3VuZGluYW1hcmNhLmdvdi5jb1wvd2ViXC93cC1jb250ZW50XC91cGxvYWRzXC8yMDI0XC8wM1wvV2hhdHNBcHAtSW1hZ2UtMjAyNC0wMy0xMS1hdC0xLjA5LjUwLVBNLmpwZWciLCJzbGlkZXNob3ciOiJkYjQ0OTBlIn0%3D\">\n\t\t\t\t\t<div class=\"e-gallery-image elementor-gallery-item__image\" data-thumbnail=\"https:\/\/chia-cundinamarca.gov.co\/web\/wp-content\/uploads\/2024\/03\/WhatsApp-Image-2024-03-11-at-1.09.50-PM-300x201.jpeg\" data-width=\"300\" data-height=\"201\" aria-label=\"\" role=\"img\" ><\/div>\n\t\t\t\t\t\t\t\t\t\t\t<div class=\"elementor-gallery-item__overlay\"><\/div>\n\t\t\t\t\t\t\t\t\t\t\t\t\t\t<\/a>\n\t\t\t\t\t<\/div>\n\t\t\t\t\t<\/div>\n\t\t\t\t\t<\/div>\n\t\t\t\t<\/div>\n\t\t\t\t<\/div>\n\t\t","protected":false},"excerpt":{"rendered":"<p>Ch\u00eda particip\u00f3 en la primera Cumbre de Convivencia, Seguridad y Justicia 2024 Con el objetivo de identificar y priorizar acciones conjuntas entre los tres niveles de gobierno para mejorar las condiciones de seguridad y convivencia en los territorios, se desarroll\u00f3 el pasado viernes 08 de marzo la \u00abCumbre de Convivencia, Seguridad y Justicia con Departamentos [&hellip;]<\/p>\n","protected":false},"author":1,"featured_media":4788,"comment_status":"closed","ping_status":"closed","sticky":false,"template":"","format":"standard","meta":{"footnotes":""},"categories":[17],"tags":[335,339,33,343,338,336,337,131,340,341,40,342],"class_list":["post-4786","post","type-post","status-publish","format-standard","has-post-thumbnail","hentry","category-noticias-2024","tag-acciones","tag-alcaldias","tag-chia","tag-fiscalia","tag-gobernadores","tag-gobierno","tag-mejorar","tag-migracion","tag-pais","tag-red-civica-de-apoyo","tag-seguridad","tag-seguridad-nacional"],"_links":{"self":[{"href":"https:\/\/chia-cundinamarca.gov.co\/web\/wp-json\/wp\/v2\/posts\/4786","targetHints":{"allow":["GET"]}}],"collection":[{"href":"https:\/\/chia-cundinamarca.gov.co\/web\/wp-json\/wp\/v2\/posts"}],"about":[{"href":"https:\/\/chia-cundinamarca.gov.co\/web\/wp-json\/wp\/v2\/types\/post"}],"author":[{"embeddable":true,"href":"https:\/\/chia-cundinamarca.gov.co\/web\/wp-json\/wp\/v2\/users\/1"}],"replies":[{"embeddable":true,"href":"https:\/\/chia-cundinamarca.gov.co\/web\/wp-json\/wp\/v2\/comments?post=4786"}],"version-history":[{"count":0,"href":"https:\/\/chia-cundinamarca.gov.co\/web\/wp-json\/wp\/v2\/posts\/4786\/revisions"}],"wp:featuredmedia":[{"embeddable":true,"href":"https:\/\/chia-cundinamarca.gov.co\/web\/wp-json\/wp\/v2\/media\/4788"}],"wp:attachment":[{"href":"https:\/\/chia-cundinamarca.gov.co\/web\/wp-json\/wp\/v2\/media?parent=4786"}],"wp:term":[{"taxonomy":"category","embeddable":true,"href":"https:\/\/chia-cundinamarca.gov.co\/web\/wp-json\/wp\/v2\/categories?post=4786"},{"taxonomy":"post_tag","embeddable":true,"href":"https:\/\/chia-cundinamarca.gov.co\/web\/wp-json\/wp\/v2\/tags?post=4786"}],"curies":[{"name":"wp","href":"https:\/\/api.w.org\/{rel}","templated":true}]}}