{"id":4795,"date":"2024-03-11T19:37:05","date_gmt":"2024-03-11T18:37:05","guid":{"rendered":"https:\/\/chia-cundinamarca.gov.co\/web\/?p=4795"},"modified":"2024-03-18T19:09:21","modified_gmt":"2024-03-18T18:09:21","slug":"sinfonica-nacional-en-chia","status":"publish","type":"post","link":"https:\/\/chia-cundinamarca.gov.co\/web\/2024\/03\/sinfonica-nacional-en-chia\/","title":{"rendered":"Banda Sinf\u00f3nica Nacional de Colombia por primera vez en Ch\u00eda"},"content":{"rendered":"\t\t<div data-elementor-type=\"wp-post\" data-elementor-id=\"4795\" class=\"elementor elementor-4795\" data-elementor-post-type=\"post\">\n\t\t\t\t<div class=\"elementor-element elementor-element-297c4b5d e-flex e-con-boxed e-con e-parent\" data-id=\"297c4b5d\" data-element_type=\"container\" data-e-type=\"container\">\n\t\t\t\t\t<div class=\"e-con-inner\">\n\t\t\t\t<div class=\"elementor-element elementor-element-fcd8257 elementor-widget elementor-widget-heading\" data-id=\"fcd8257\" data-element_type=\"widget\" data-e-type=\"widget\" data-widget_type=\"heading.default\">\n\t\t\t\t\t<h2 class=\"elementor-heading-title elementor-size-default\">Banda Sinf\u00f3nica Nacional de Colombia por primera vez en Ch\u00eda<\/h2>\t\t\t\t<\/div>\n\t\t\t\t<div class=\"elementor-element elementor-element-dc0dba6 elementor-widget elementor-widget-image\" data-id=\"dc0dba6\" data-element_type=\"widget\" data-e-type=\"widget\" data-widget_type=\"image.default\">\n\t\t\t\t\t\t\t\t\t\t\t\t\t\t\t<img fetchpriority=\"high\" decoding=\"async\" width=\"768\" height=\"768\" src=\"https:\/\/chia-cundinamarca.gov.co\/web\/wp-content\/uploads\/2024\/03\/SinfonicaEnChia-768x768.jpeg\" class=\"attachment-medium_large size-medium_large wp-image-4796\" alt=\"Sinf\u00f3nicaEnChia\" srcset=\"https:\/\/chia-cundinamarca.gov.co\/web\/wp-content\/uploads\/2024\/03\/SinfonicaEnChia-768x768.jpeg 768w, https:\/\/chia-cundinamarca.gov.co\/web\/wp-content\/uploads\/2024\/03\/SinfonicaEnChia-300x300.jpeg 300w, https:\/\/chia-cundinamarca.gov.co\/web\/wp-content\/uploads\/2024\/03\/SinfonicaEnChia-1024x1024.jpeg 1024w, https:\/\/chia-cundinamarca.gov.co\/web\/wp-content\/uploads\/2024\/03\/SinfonicaEnChia-150x150.jpeg 150w, https:\/\/chia-cundinamarca.gov.co\/web\/wp-content\/uploads\/2024\/03\/SinfonicaEnChia-250x250.jpeg 250w, https:\/\/chia-cundinamarca.gov.co\/web\/wp-content\/uploads\/2024\/03\/SinfonicaEnChia.jpeg 1201w\" sizes=\"(max-width: 768px) 100vw, 768px\" \/>\t\t\t\t\t\t\t\t\t\t\t\t\t\t\t<\/div>\n\t\t\t\t<div class=\"elementor-element elementor-element-37aeb718 elementor-widget elementor-widget-text-editor\" data-id=\"37aeb718\" data-element_type=\"widget\" data-e-type=\"widget\" data-widget_type=\"text-editor.default\">\n\t\t\t\t\t\t\t\t\t<p>Este viernes 15 de marzo a las 7:00 p.m.\u00a0en el Auditorio Zea mays,\u00a0<\/p><p><strong>La Banda Sinf\u00f3nica Nacional de Colombia<\/strong>\u00a0se presentar\u00e1 por primera vez en el municipio de Ch\u00eda, con obras colombianas y universales en el concierto denominado\u00a0<strong>\u201cNUEVA ERA\u201d,<\/strong>\u00a0con entrada libre y hasta llenar el aforo.<\/p><p>\u00a0<\/p><p><strong>La Banda Sinf\u00f3nica Nacional de Colombia<\/strong>\u00a0contar\u00e1 con la presencia y el talento del maestro\u00a0<strong>Germ\u00e1n Hern\u00e1ndez Castro,<\/strong>\u00a0quien se desempe\u00f1a como director general de esta majestuosa joya del patrimonio cultural de Colombia, y del director musical,\u00a0<strong>Cristian Camilo Malag\u00f3n<\/strong>, ambos con alta trayectoria y experiencia en diversos escenarios del mundo, quienes, junto con sus m\u00fasicos, nos estar\u00e1n acompa\u00f1ando en este gran evento.<\/p><p>\u00a0<\/p><p>La administraci\u00f3n Donoso, tiene el prop\u00f3sito de incentivar eventos culturales de alto impacto, as\u00ed como la proyecci\u00f3n de grandes espect\u00e1culos que promuevan el arte, la cultura general y el aprendizaje de nuevos h\u00e1bitos de esparcimiento.<\/p>\t\t\t\t\t\t\t\t<\/div>\n\t\t\t\t\t<\/div>\n\t\t\t\t<\/div>\n\t\t\t\t<\/div>\n\t\t","protected":false},"excerpt":{"rendered":"<p>La administraci\u00f3n Donoso, tiene el prop\u00f3sito de incentivar eventos culturales de alto impacto, as\u00ed como la proyecci\u00f3n de grandes espect\u00e1culos que promuevan el arte, la cultura general y el aprendizaje de nuevos h\u00e1bitos de esparcimiento.<\/p>\n","protected":false},"author":1,"featured_media":4796,"comment_status":"closed","ping_status":"closed","sticky":false,"template":"","format":"standard","meta":{"footnotes":""},"categories":[17],"tags":[345,344,346,237],"class_list":["post-4795","post","type-post","status-publish","format-standard","has-post-thumbnail","hentry","category-noticias-2024","tag-arte","tag-banda-sinfonica-nacional-de-colombia","tag-casa-de-la-cultura","tag-donoso"],"_links":{"self":[{"href":"https:\/\/chia-cundinamarca.gov.co\/web\/wp-json\/wp\/v2\/posts\/4795","targetHints":{"allow":["GET"]}}],"collection":[{"href":"https:\/\/chia-cundinamarca.gov.co\/web\/wp-json\/wp\/v2\/posts"}],"about":[{"href":"https:\/\/chia-cundinamarca.gov.co\/web\/wp-json\/wp\/v2\/types\/post"}],"author":[{"embeddable":true,"href":"https:\/\/chia-cundinamarca.gov.co\/web\/wp-json\/wp\/v2\/users\/1"}],"replies":[{"embeddable":true,"href":"https:\/\/chia-cundinamarca.gov.co\/web\/wp-json\/wp\/v2\/comments?post=4795"}],"version-history":[{"count":0,"href":"https:\/\/chia-cundinamarca.gov.co\/web\/wp-json\/wp\/v2\/posts\/4795\/revisions"}],"wp:featuredmedia":[{"embeddable":true,"href":"https:\/\/chia-cundinamarca.gov.co\/web\/wp-json\/wp\/v2\/media\/4796"}],"wp:attachment":[{"href":"https:\/\/chia-cundinamarca.gov.co\/web\/wp-json\/wp\/v2\/media?parent=4795"}],"wp:term":[{"taxonomy":"category","embeddable":true,"href":"https:\/\/chia-cundinamarca.gov.co\/web\/wp-json\/wp\/v2\/categories?post=4795"},{"taxonomy":"post_tag","embeddable":true,"href":"https:\/\/chia-cundinamarca.gov.co\/web\/wp-json\/wp\/v2\/tags?post=4795"}],"curies":[{"name":"wp","href":"https:\/\/api.w.org\/{rel}","templated":true}]}}