{"id":4934,"date":"2024-03-13T23:15:51","date_gmt":"2024-03-13T22:15:51","guid":{"rendered":"https:\/\/chia-cundinamarca.gov.co\/web\/?p=4934"},"modified":"2024-03-18T18:54:15","modified_gmt":"2024-03-18T17:54:15","slug":"programa-de-discapacidad","status":"publish","type":"post","link":"https:\/\/chia-cundinamarca.gov.co\/web\/2024\/03\/programa-de-discapacidad\/","title":{"rendered":"Dimos la bienvenida al Programa de Discapacidad"},"content":{"rendered":"\t\t<div data-elementor-type=\"wp-post\" data-elementor-id=\"4934\" class=\"elementor elementor-4934\" data-elementor-post-type=\"post\">\n\t\t\t\t<div class=\"elementor-element elementor-element-7f163256 e-flex e-con-boxed e-con e-parent\" data-id=\"7f163256\" data-element_type=\"container\" data-e-type=\"container\">\n\t\t\t\t\t<div class=\"e-con-inner\">\n\t\t\t\t<div class=\"elementor-element elementor-element-512225a elementor-widget elementor-widget-heading\" data-id=\"512225a\" data-element_type=\"widget\" data-e-type=\"widget\" data-widget_type=\"heading.default\">\n\t\t\t\t\t<h2 class=\"elementor-heading-title elementor-size-default\">Dimos la bienvenida al Programa de Discapacidad<\/h2>\t\t\t\t<\/div>\n\t\t\t\t<div class=\"elementor-element elementor-element-a2b75e0 elementor-widget elementor-widget-image\" data-id=\"a2b75e0\" data-element_type=\"widget\" data-e-type=\"widget\" data-widget_type=\"image.default\">\n\t\t\t\t\t\t\t\t\t\t\t\t\t\t\t<img fetchpriority=\"high\" decoding=\"async\" width=\"768\" height=\"431\" src=\"https:\/\/chia-cundinamarca.gov.co\/web\/wp-content\/uploads\/2024\/03\/Programa-de-discapacidad-768x431.jpeg\" class=\"attachment-medium_large size-medium_large wp-image-4936\" alt=\"Dimos la bienvenida al Programa de Discapacidad\" srcset=\"https:\/\/chia-cundinamarca.gov.co\/web\/wp-content\/uploads\/2024\/03\/Programa-de-discapacidad-768x431.jpeg 768w, https:\/\/chia-cundinamarca.gov.co\/web\/wp-content\/uploads\/2024\/03\/Programa-de-discapacidad-300x168.jpeg 300w, https:\/\/chia-cundinamarca.gov.co\/web\/wp-content\/uploads\/2024\/03\/Programa-de-discapacidad-1024x575.jpeg 1024w, https:\/\/chia-cundinamarca.gov.co\/web\/wp-content\/uploads\/2024\/03\/Programa-de-discapacidad-1536x863.jpeg 1536w, https:\/\/chia-cundinamarca.gov.co\/web\/wp-content\/uploads\/2024\/03\/Programa-de-discapacidad-2048x1150.jpeg 2048w\" sizes=\"(max-width: 768px) 100vw, 768px\" \/>\t\t\t\t\t\t\t\t\t\t\t\t\t\t\t<\/div>\n\t\t\t\t<div class=\"elementor-element elementor-element-7dfdd9d4 elementor-widget elementor-widget-text-editor\" data-id=\"7dfdd9d4\" data-element_type=\"widget\" data-e-type=\"widget\" data-widget_type=\"text-editor.default\">\n\t\t\t\t\t\t\t\t\t<p>El alcalde Donoso, dio apertura <strong>al Programa de Discapacidad<\/strong> desde el pasado 10 de febrero y con el \u00e1nimo de brindar una actividad de integraci\u00f3n, la Fundaci\u00f3n ICAL y la Secretar\u00eda de Desarrollo Social reunieron a m\u00e1s de 80 beneficiarios entre adultos y menores de edad para que conocieran la oferta de servicios integrales de la administraci\u00f3n.<\/p><p>\u00a0<\/p><p><strong>Del programa hacen parte 530<\/strong> ni\u00f1os, j\u00f3venes y adultos y 80 de ellos participaron en el evento, en el que se socializaron los mecanismos de trabajo del programa teniendo en cuenta la importancia que representa tanto para los beneficiarios como para sus familias, raz\u00f3n por la cual se dio a conocer el trabajo conjunto entre el IMRD, la Casa de la Cultura y las Secretar\u00edas de salud y la de educaci\u00f3n.<\/p><p>\u00a0<\/p><p>Adem\u00e1s, la Secretar\u00eda de Desarrollo Social por <strong>gesti\u00f3n, ha hecho alianzas<\/strong> con <strong>Fundaci\u00f3n ICAL<\/strong>, la <strong>Beneficencia de Cundinamarca y la Fundaci\u00f3n FEL<\/strong>, para los ni\u00f1os y adultos que requieren apoyo terap\u00e9utico, educaci\u00f3n, entre otros. Adicionalmente, con la Gobernaci\u00f3n de Cundinamarca tiene un subsidio econ\u00f3mico para 13 de ellos.<\/p><p>\u00a0<\/p><p>El alcalde Donoso y la gestora social, Blanca Donoso, han hecho seguimiento a los programas sociales del para que se ejecuten y ofrezcan servicios \u00fatiles y de gran beneficio tanto para los beneficiarios y a sus cuidadores.<\/p>\t\t\t\t\t\t\t\t<\/div>\n\t\t\t\t\t<\/div>\n\t\t\t\t<\/div>\n\t\t\t\t<\/div>\n\t\t","protected":false},"excerpt":{"rendered":"<p>Del programa hacen parte 530 ni\u00f1os, j\u00f3venes y adultos.<\/p>\n","protected":false},"author":1,"featured_media":4936,"comment_status":"closed","ping_status":"closed","sticky":false,"template":"","format":"standard","meta":{"footnotes":""},"categories":[17],"tags":[360,218,361,362],"class_list":["post-4934","post","type-post","status-publish","format-standard","has-post-thumbnail","hentry","category-noticias-2024","tag-programa-de-discapacidad","tag-actividades","tag-gestion","tag-servicios-integrales"],"_links":{"self":[{"href":"https:\/\/chia-cundinamarca.gov.co\/web\/wp-json\/wp\/v2\/posts\/4934","targetHints":{"allow":["GET"]}}],"collection":[{"href":"https:\/\/chia-cundinamarca.gov.co\/web\/wp-json\/wp\/v2\/posts"}],"about":[{"href":"https:\/\/chia-cundinamarca.gov.co\/web\/wp-json\/wp\/v2\/types\/post"}],"author":[{"embeddable":true,"href":"https:\/\/chia-cundinamarca.gov.co\/web\/wp-json\/wp\/v2\/users\/1"}],"replies":[{"embeddable":true,"href":"https:\/\/chia-cundinamarca.gov.co\/web\/wp-json\/wp\/v2\/comments?post=4934"}],"version-history":[{"count":0,"href":"https:\/\/chia-cundinamarca.gov.co\/web\/wp-json\/wp\/v2\/posts\/4934\/revisions"}],"wp:featuredmedia":[{"embeddable":true,"href":"https:\/\/chia-cundinamarca.gov.co\/web\/wp-json\/wp\/v2\/media\/4936"}],"wp:attachment":[{"href":"https:\/\/chia-cundinamarca.gov.co\/web\/wp-json\/wp\/v2\/media?parent=4934"}],"wp:term":[{"taxonomy":"category","embeddable":true,"href":"https:\/\/chia-cundinamarca.gov.co\/web\/wp-json\/wp\/v2\/categories?post=4934"},{"taxonomy":"post_tag","embeddable":true,"href":"https:\/\/chia-cundinamarca.gov.co\/web\/wp-json\/wp\/v2\/tags?post=4934"}],"curies":[{"name":"wp","href":"https:\/\/api.w.org\/{rel}","templated":true}]}}