{"id":4944,"date":"2024-03-14T00:02:41","date_gmt":"2024-03-13T23:02:41","guid":{"rendered":"https:\/\/chia-cundinamarca.gov.co\/web\/?p=4944"},"modified":"2024-03-18T18:52:53","modified_gmt":"2024-03-18T17:52:53","slug":"inicio-el-programa-tu-secretaria-de-educacion-al-colegio","status":"publish","type":"post","link":"https:\/\/chia-cundinamarca.gov.co\/web\/2024\/03\/inicio-el-programa-tu-secretaria-de-educacion-al-colegio\/","title":{"rendered":"Inici\u00f3 el programa \u2018Tu Secretar\u00eda de Educaci\u00f3n al Colegio\u2019"},"content":{"rendered":"\t\t<div data-elementor-type=\"wp-post\" data-elementor-id=\"4944\" class=\"elementor elementor-4944\" data-elementor-post-type=\"post\">\n\t\t\t\t<div class=\"elementor-element elementor-element-5b131d2d e-flex e-con-boxed e-con e-parent\" data-id=\"5b131d2d\" data-element_type=\"container\" data-e-type=\"container\">\n\t\t\t\t\t<div class=\"e-con-inner\">\n\t\t\t\t<div class=\"elementor-element elementor-element-2520527 elementor-widget elementor-widget-heading\" data-id=\"2520527\" data-element_type=\"widget\" data-e-type=\"widget\" data-widget_type=\"heading.default\">\n\t\t\t\t\t<h2 class=\"elementor-heading-title elementor-size-default\">Inici\u00f3 el programa \u2018Tu Secretar\u00eda de Educaci\u00f3n al Colegio\u2019<\/h2>\t\t\t\t<\/div>\n\t\t\t\t<div class=\"elementor-element elementor-element-7e9c31f elementor-widget elementor-widget-image\" data-id=\"7e9c31f\" data-element_type=\"widget\" data-e-type=\"widget\" data-widget_type=\"image.default\">\n\t\t\t\t\t\t\t\t\t\t\t\t\t\t\t<img fetchpriority=\"high\" decoding=\"async\" width=\"768\" height=\"346\" src=\"https:\/\/chia-cundinamarca.gov.co\/web\/wp-content\/uploads\/2024\/03\/WhatsApp-Image-2024-03-13-at-4.42.52-PM-768x346.jpeg\" class=\"attachment-medium_large size-medium_large wp-image-4947\" alt=\"\" srcset=\"https:\/\/chia-cundinamarca.gov.co\/web\/wp-content\/uploads\/2024\/03\/WhatsApp-Image-2024-03-13-at-4.42.52-PM-768x346.jpeg 768w, https:\/\/chia-cundinamarca.gov.co\/web\/wp-content\/uploads\/2024\/03\/WhatsApp-Image-2024-03-13-at-4.42.52-PM-300x135.jpeg 300w, https:\/\/chia-cundinamarca.gov.co\/web\/wp-content\/uploads\/2024\/03\/WhatsApp-Image-2024-03-13-at-4.42.52-PM-1024x461.jpeg 1024w, https:\/\/chia-cundinamarca.gov.co\/web\/wp-content\/uploads\/2024\/03\/WhatsApp-Image-2024-03-13-at-4.42.52-PM-1536x691.jpeg 1536w, https:\/\/chia-cundinamarca.gov.co\/web\/wp-content\/uploads\/2024\/03\/WhatsApp-Image-2024-03-13-at-4.42.52-PM.jpeg 1600w\" sizes=\"(max-width: 768px) 100vw, 768px\" \/>\t\t\t\t\t\t\t\t\t\t\t\t\t\t\t<\/div>\n\t\t\t\t<div class=\"elementor-element elementor-element-3f80ec3b elementor-widget elementor-widget-text-editor\" data-id=\"3f80ec3b\" data-element_type=\"widget\" data-e-type=\"widget\" data-widget_type=\"text-editor.default\">\n\t\t\t\t\t\t\t\t\t<p>Con este programa la Secretar\u00eda de <strong>Educaci\u00f3n<\/strong> de <strong>Ch\u00eda<\/strong> pretende llegar a todas las 12 Instituciones Educativas Oficiales del municipio para conocer y <strong>atender<\/strong> las <strong>necesidades<\/strong> puntuales que cada una tiene en aspectos normativos, pedag\u00f3gicos y financieros.<\/p><p>El programa inici\u00f3 este mi\u00e9rcoles 13 de marzo con la Instituci\u00f3n Educativa Jos\u00e9 Mar\u00eda Escriv\u00e1 de Balaguer, donde se realiz\u00f3 el debido acompa\u00f1amiento para conocer de primera mano sus necesidades o requerimientos, centradas principalmente en infraestructura y comunicaci\u00f3n educativa; un espacio en el que se <strong>escuch\u00f3<\/strong> a los <strong>estudiantes<\/strong>, docentes, directivos y padres de familia.<\/p><p>Como parte de la iniciativa la <strong>Secretar\u00eda de Educaci\u00f3n<\/strong> llegar\u00e1 a cada una de las instituciones con sus direcciones de Inspecci\u00f3n y Vigilancia, Gesti\u00f3n de Fomento a la Educaci\u00f3n y Administrativa y Financiera, con el fin de atender las diferentes tem\u00e1ticas que surjan en cada encuentro.<\/p><p>\u201cEste es un espacio para el acompa\u00f1amiento y la orientaci\u00f3n con cada una de las Instituciones Educativas Oficiales del municipio, incluso queremos llegar a los colegios privados, que nos permitan conocer sus falencias para convertirlas en aspectos positivos que mejoren la calidad educativa en Ch\u00eda\u201d, asegur\u00f3 la secretaria de Educaci\u00f3n del municipio, Patricia Ortiz.<\/p><p>De esta manera, se espera que el proyecto llegue la pr\u00f3xima semana a la Instituci\u00f3n Educativa <strong>Fonquet\u00e1<\/strong> para conocer el diagnostico real del plantel, llevando soluciones prontas y efectivas.<\/p>\t\t\t\t\t\t\t\t<\/div>\n\t\t\t\t\t<\/div>\n\t\t\t\t<\/div>\n\t\t<div class=\"elementor-element elementor-element-b1a1725 e-flex e-con-boxed e-con e-parent\" data-id=\"b1a1725\" data-element_type=\"container\" data-e-type=\"container\">\n\t\t\t\t\t<div class=\"e-con-inner\">\n\t\t\t\t<div class=\"elementor-element elementor-element-d1fd421 elementor-widget elementor-widget-gallery\" data-id=\"d1fd421\" data-element_type=\"widget\" data-e-type=\"widget\" data-settings=\"{&quot;lazyload&quot;:&quot;yes&quot;,&quot;gallery_layout&quot;:&quot;grid&quot;,&quot;columns&quot;:4,&quot;columns_tablet&quot;:2,&quot;columns_mobile&quot;:1,&quot;gap&quot;:{&quot;unit&quot;:&quot;px&quot;,&quot;size&quot;:10,&quot;sizes&quot;:[]},&quot;gap_tablet&quot;:{&quot;unit&quot;:&quot;px&quot;,&quot;size&quot;:10,&quot;sizes&quot;:[]},&quot;gap_mobile&quot;:{&quot;unit&quot;:&quot;px&quot;,&quot;size&quot;:10,&quot;sizes&quot;:[]},&quot;link_to&quot;:&quot;file&quot;,&quot;aspect_ratio&quot;:&quot;3:2&quot;,&quot;overlay_background&quot;:&quot;yes&quot;,&quot;content_hover_animation&quot;:&quot;fade-in&quot;}\" data-widget_type=\"gallery.default\">\n\t\t\t\t\t\t\t<div class=\"elementor-gallery__container\">\n\t\t\t\t\t\t\t<a class=\"e-gallery-item elementor-gallery-item elementor-animated-content\" href=\"https:\/\/chia-cundinamarca.gov.co\/web\/wp-content\/uploads\/2024\/03\/WhatsApp-Image-2024-03-13-at-4.42.52-PM.jpeg\" data-elementor-open-lightbox=\"yes\" data-elementor-lightbox-slideshow=\"d1fd421\" data-elementor-lightbox-title=\"WhatsApp Image 2024-03-13 at 4.42.52 PM\" data-e-action-hash=\"#elementor-action%3Aaction%3Dlightbox%26settings%3DeyJpZCI6NDk0NywidXJsIjoiaHR0cHM6XC9cL2NoaWEtY3VuZGluYW1hcmNhLmdvdi5jb1wvd2ViXC93cC1jb250ZW50XC91cGxvYWRzXC8yMDI0XC8wM1wvV2hhdHNBcHAtSW1hZ2UtMjAyNC0wMy0xMy1hdC00LjQyLjUyLVBNLmpwZWciLCJzbGlkZXNob3ciOiJkMWZkNDIxIn0%3D\">\n\t\t\t\t\t<div class=\"e-gallery-image elementor-gallery-item__image\" data-thumbnail=\"https:\/\/chia-cundinamarca.gov.co\/web\/wp-content\/uploads\/2024\/03\/WhatsApp-Image-2024-03-13-at-4.42.52-PM-300x135.jpeg\" data-width=\"300\" data-height=\"135\" aria-label=\"\" role=\"img\" ><\/div>\n\t\t\t\t\t\t\t\t\t\t\t<div class=\"elementor-gallery-item__overlay\"><\/div>\n\t\t\t\t\t\t\t\t\t\t\t\t\t\t<\/a>\n\t\t\t\t\t\t\t<a class=\"e-gallery-item elementor-gallery-item elementor-animated-content\" href=\"https:\/\/chia-cundinamarca.gov.co\/web\/wp-content\/uploads\/2024\/03\/WhatsApp-Image-2024-03-13-at-4.44.54-PM-1.jpeg\" data-elementor-open-lightbox=\"yes\" data-elementor-lightbox-slideshow=\"d1fd421\" data-elementor-lightbox-title=\"WhatsApp Image 2024-03-13 at 4.44.54 PM (1)\" data-e-action-hash=\"#elementor-action%3Aaction%3Dlightbox%26settings%3DeyJpZCI6NDk0OCwidXJsIjoiaHR0cHM6XC9cL2NoaWEtY3VuZGluYW1hcmNhLmdvdi5jb1wvd2ViXC93cC1jb250ZW50XC91cGxvYWRzXC8yMDI0XC8wM1wvV2hhdHNBcHAtSW1hZ2UtMjAyNC0wMy0xMy1hdC00LjQ0LjU0LVBNLTEuanBlZyIsInNsaWRlc2hvdyI6ImQxZmQ0MjEifQ%3D%3D\">\n\t\t\t\t\t<div class=\"e-gallery-image elementor-gallery-item__image\" data-thumbnail=\"https:\/\/chia-cundinamarca.gov.co\/web\/wp-content\/uploads\/2024\/03\/WhatsApp-Image-2024-03-13-at-4.44.54-PM-1-300x225.jpeg\" data-width=\"300\" data-height=\"225\" aria-label=\"\" role=\"img\" ><\/div>\n\t\t\t\t\t\t\t\t\t\t\t<div class=\"elementor-gallery-item__overlay\"><\/div>\n\t\t\t\t\t\t\t\t\t\t\t\t\t\t<\/a>\n\t\t\t\t\t\t\t<a class=\"e-gallery-item elementor-gallery-item elementor-animated-content\" href=\"https:\/\/chia-cundinamarca.gov.co\/web\/wp-content\/uploads\/2024\/03\/WhatsApp-Image-2024-03-13-at-4.44.54-PM.jpeg\" data-elementor-open-lightbox=\"yes\" data-elementor-lightbox-slideshow=\"d1fd421\" data-elementor-lightbox-title=\"WhatsApp Image 2024-03-13 at 4.44.54 PM\" data-e-action-hash=\"#elementor-action%3Aaction%3Dlightbox%26settings%3DeyJpZCI6NDk0OSwidXJsIjoiaHR0cHM6XC9cL2NoaWEtY3VuZGluYW1hcmNhLmdvdi5jb1wvd2ViXC93cC1jb250ZW50XC91cGxvYWRzXC8yMDI0XC8wM1wvV2hhdHNBcHAtSW1hZ2UtMjAyNC0wMy0xMy1hdC00LjQ0LjU0LVBNLmpwZWciLCJzbGlkZXNob3ciOiJkMWZkNDIxIn0%3D\">\n\t\t\t\t\t<div class=\"e-gallery-image elementor-gallery-item__image\" data-thumbnail=\"https:\/\/chia-cundinamarca.gov.co\/web\/wp-content\/uploads\/2024\/03\/WhatsApp-Image-2024-03-13-at-4.44.54-PM-300x225.jpeg\" data-width=\"300\" data-height=\"225\" aria-label=\"\" role=\"img\" ><\/div>\n\t\t\t\t\t\t\t\t\t\t\t<div class=\"elementor-gallery-item__overlay\"><\/div>\n\t\t\t\t\t\t\t\t\t\t\t\t\t\t<\/a>\n\t\t\t\t\t<\/div>\n\t\t\t\t\t<\/div>\n\t\t\t\t\t<\/div>\n\t\t\t\t<\/div>\n\t\t\t\t<\/div>\n\t\t","protected":false},"excerpt":{"rendered":"<p>Inici\u00f3 el programa \u2018Tu Secretar\u00eda de Educaci\u00f3n al Colegio\u2019 Con este programa la Secretar\u00eda de Educaci\u00f3n de Ch\u00eda pretende llegar a todas las 12 Instituciones Educativas Oficiales del municipio para conocer y atender las necesidades puntuales que cada una tiene en aspectos normativos, pedag\u00f3gicos y financieros. El programa inici\u00f3 este mi\u00e9rcoles 13 de marzo con [&hellip;]<\/p>\n","protected":false},"author":1,"featured_media":4945,"comment_status":"closed","ping_status":"closed","sticky":false,"template":"","format":"standard","meta":{"footnotes":""},"categories":[17],"tags":[363,33,307,365,366,364,49],"class_list":["post-4944","post","type-post","status-publish","format-standard","has-post-thumbnail","hentry","category-noticias-2024","tag-atender","tag-chia","tag-educacion","tag-estudiantes","tag-fonqueta","tag-necesidades","tag-secretaria-de-educacion"],"_links":{"self":[{"href":"https:\/\/chia-cundinamarca.gov.co\/web\/wp-json\/wp\/v2\/posts\/4944","targetHints":{"allow":["GET"]}}],"collection":[{"href":"https:\/\/chia-cundinamarca.gov.co\/web\/wp-json\/wp\/v2\/posts"}],"about":[{"href":"https:\/\/chia-cundinamarca.gov.co\/web\/wp-json\/wp\/v2\/types\/post"}],"author":[{"embeddable":true,"href":"https:\/\/chia-cundinamarca.gov.co\/web\/wp-json\/wp\/v2\/users\/1"}],"replies":[{"embeddable":true,"href":"https:\/\/chia-cundinamarca.gov.co\/web\/wp-json\/wp\/v2\/comments?post=4944"}],"version-history":[{"count":0,"href":"https:\/\/chia-cundinamarca.gov.co\/web\/wp-json\/wp\/v2\/posts\/4944\/revisions"}],"wp:featuredmedia":[{"embeddable":true,"href":"https:\/\/chia-cundinamarca.gov.co\/web\/wp-json\/wp\/v2\/media\/4945"}],"wp:attachment":[{"href":"https:\/\/chia-cundinamarca.gov.co\/web\/wp-json\/wp\/v2\/media?parent=4944"}],"wp:term":[{"taxonomy":"category","embeddable":true,"href":"https:\/\/chia-cundinamarca.gov.co\/web\/wp-json\/wp\/v2\/categories?post=4944"},{"taxonomy":"post_tag","embeddable":true,"href":"https:\/\/chia-cundinamarca.gov.co\/web\/wp-json\/wp\/v2\/tags?post=4944"}],"curies":[{"name":"wp","href":"https:\/\/api.w.org\/{rel}","templated":true}]}}