{"id":498,"date":"2023-12-26T22:56:45","date_gmt":"2023-12-26T21:56:45","guid":{"rendered":"https:\/\/chia-cundinamarca.gov.co\/web\/?p=498"},"modified":"2026-02-04T16:17:55","modified_gmt":"2026-02-04T21:17:55","slug":"8-4-convocatoria-jefes-de-control-interno","status":"publish","type":"post","link":"https:\/\/chia-cundinamarca.gov.co\/web\/2023\/12\/8-4-convocatoria-jefes-de-control-interno\/","title":{"rendered":"8.4 Convocatoria Jefes de Control Interno"},"content":{"rendered":"\t\t<div data-elementor-type=\"wp-post\" data-elementor-id=\"498\" class=\"elementor elementor-498\" data-elementor-post-type=\"post\">\n\t\t\t\t<div class=\"elementor-element elementor-element-6e317ec e-flex e-con-boxed e-con e-parent\" data-id=\"6e317ec\" data-element_type=\"container\" data-e-type=\"container\">\n\t\t\t\t\t<div class=\"e-con-inner\">\n\t\t\t\t<div class=\"elementor-element elementor-element-b17f9b6 elementor-widget elementor-widget-text-editor\" data-id=\"b17f9b6\" data-element_type=\"widget\" data-e-type=\"widget\" data-widget_type=\"text-editor.default\">\n\t\t\t\t\t\t\t\t\t<div id=\"MSOZoneCell_WebPartWPQ2\" class=\"s4-wpcell-plain ms-webpartzone-cell ms-webpart-cell-vertical ms-fullWidth \" style=\"margin: 0px; padding: 0px; color: #333333; font-family: Arial, Helvetica, Arial, sans-serif; font-size: 13px;\"><div class=\"ms-webpart-chrome ms-webpart-chrome-vertical ms-webpart-chrome-fullWidth \" style=\"margin: 0px; padding: 0px;\"><div id=\"WebPartWPQ2\" class=\"ms-WPBody noindex \" style=\"margin: 0px; padding: 0px;\"><div class=\"ms-rtestate-field\" style=\"margin: 0px; padding: 0px; text-align: justify;\"><span style=\"margin: 0px; padding: 0px; font-size: 12pt; font-family: arial, helvetica, sans-serif;\"><span class=\"ms-rteStyle-Titulo_Principal\" style=\"margin: 0px; padding: 0px;\">TRANSPARENCIA Y ACCESO A LA INFORMACI\u00d3N P\u00daBLICA<\/span><\/span><\/div><div class=\"ms-clear\" style=\"margin: 0px; padding: 0px; text-align: justify;\">\u00a0<\/div><\/div><\/div><div class=\"ms-PartSpacingVertical\" style=\"margin: 0px; padding: 0px; text-align: justify;\">\u00a0<\/div><\/div><div id=\"MSOZoneCell_WebPartWPQ1\" class=\"s4-wpcell-plain ms-webpartzone-cell ms-webpart-cell-vertical ms-fullWidth \" style=\"margin: 0px; padding: 0px; color: #333333; font-family: Arial, Helvetica, Arial, sans-serif; font-size: 13px;\"><div class=\"ms-webpart-chrome ms-webpart-chrome-vertical ms-webpart-chrome-fullWidth \" style=\"margin: 0px; padding: 0px;\"><div id=\"WebPartWPQ1\" class=\"ms-WPBody noindex \" style=\"margin: 0px; padding: 0px;\"><div class=\"ms-rtestate-field\" style=\"margin: 0px; padding: 0px;\"><h6><span style=\"margin: 0px; padding: 0px; font-weight: bold;\">&#8211; Ley 1712 de 2014<\/span><span style=\"margin: 0px; padding: 0px; font-family: arial, helvetica, sans-serif; font-size: 12pt; text-align: justify;\">\u00a0&#8211; Por medio de la cual se crea la Ley de Transparencia y del Derecho de Acceso a la Informaci\u00f3n P\u00fablica Nacional y se dictan otras disposiciones.<\/span><\/h6><p style=\"margin: 0px; padding: 5px 0px; text-align: justify;\"><span style=\"margin: 0px; padding: 0px; font-size: 12pt; font-family: arial, helvetica, sans-serif;\">Objeto. El objeto de la presente ley es regular el derecho de acceso a la informaci\u00f3n p\u00fablica, los procedimientos para el ejercicio y garant\u00eda del derecho y las excepciones a la publicidad de informaci\u00f3n.<\/span><\/p><p style=\"margin: 0px; padding: 5px 0px; text-align: justify;\"><span style=\"margin: 0px; padding: 0px; font-size: 12pt; font-family: arial, helvetica, sans-serif;\"><span style=\"margin: 0px; padding: 0px; font-weight: bold;\">&#8211; Decreto No. 1081 del 26 de mayo de 2015<\/span>\u00a0del Departamento Administrativo de la Presidencia de la Rep\u00fablica &#8211; Por medio del cual se expide el Decreto reglamentario \u00fanico del sector Presidencia de la Rep\u00fablica.<\/span><\/p><p style=\"margin: 0px; padding: 5px 0px; text-align: justify;\"><span style=\"margin: 0px; padding: 0px; font-size: 12pt; font-family: arial, helvetica, sans-serif;\"><span style=\"margin: 0px; padding: 0px; font-weight: bold;\">&#8211; Resoluci\u00f3n No. 3564 del 31 de Diciembre de 2015<\/span>\u00a0del Ministerio de Tecnolog\u00edas de la informaci\u00f3n y las comunicaciones &#8211; Por la cual se reglamentan los art\u00edculos 2.1.1.2.1.1, 2.1.1.2.1.11, 2.1.1.2.2.2 y el par\u00e1grafo 2 del art\u00edculo 2.1.1.3.1.1 del decreto No. 1081 de 2015<\/span><\/p><\/div><\/div><\/div><\/div>\t\t\t\t\t\t\t\t<\/div>\n\t\t\t\t\t<\/div>\n\t\t\t\t<\/div>\n\t\t<div class=\"elementor-element elementor-element-94bab70 e-flex e-con-boxed e-con e-parent\" data-id=\"94bab70\" data-element_type=\"container\" data-e-type=\"container\">\n\t\t\t\t\t<div class=\"e-con-inner\">\n\t\t\t\t<div class=\"elementor-element elementor-element-e3c2d6c elementor-widget elementor-widget-heading\" data-id=\"e3c2d6c\" data-element_type=\"widget\" data-e-type=\"widget\" data-widget_type=\"heading.default\">\n\t\t\t\t\t<h2 class=\"elementor-heading-title elementor-size-default\">Convocatoria Jefe de Control Interno<\/h2>\t\t\t\t<\/div>\n\t\t\t\t\t<\/div>\n\t\t\t\t<\/div>\n\t\t<div class=\"elementor-element elementor-element-289ca8a e-flex e-con-boxed e-con e-parent\" data-id=\"289ca8a\" data-element_type=\"container\" data-e-type=\"container\">\n\t\t\t\t\t<div class=\"e-con-inner\">\n\t\t\t\t<div class=\"elementor-element elementor-element-5fcb6d8 elementor-widget elementor-widget-n-accordion\" data-id=\"5fcb6d8\" data-element_type=\"widget\" data-e-type=\"widget\" data-settings=\"{&quot;default_state&quot;:&quot;expanded&quot;,&quot;max_items_expended&quot;:&quot;one&quot;,&quot;n_accordion_animation_duration&quot;:{&quot;unit&quot;:&quot;ms&quot;,&quot;size&quot;:400,&quot;sizes&quot;:[]}}\" data-widget_type=\"nested-accordion.default\">\n\t\t\t\t\t\t\t<div class=\"e-n-accordion\" aria-label=\"Accordion. Open links with Enter or Space, close with Escape, and navigate with Arrow Keys\">\n\t\t\t\t\t\t<details id=\"e-n-accordion-item-1000\" class=\"e-n-accordion-item\" open>\n\t\t\t\t<summary class=\"e-n-accordion-item-title\" data-accordion-index=\"1\" tabindex=\"0\" aria-expanded=\"true\" aria-controls=\"e-n-accordion-item-1000\" >\n\t\t\t\t\t<span class='e-n-accordion-item-title-header'><div class=\"e-n-accordion-item-title-text\"> 2025 <\/div><\/span>\n\t\t\t\t\t\t\t<span class='e-n-accordion-item-title-icon'>\n\t\t\t<span class='e-opened' ><svg aria-hidden=\"true\" class=\"e-font-icon-svg e-fas-minus\" viewBox=\"0 0 448 512\" xmlns=\"http:\/\/www.w3.org\/2000\/svg\"><path d=\"M416 208H32c-17.67 0-32 14.33-32 32v32c0 17.67 14.33 32 32 32h384c17.67 0 32-14.33 32-32v-32c0-17.67-14.33-32-32-32z\"><\/path><\/svg><\/span>\n\t\t\t<span class='e-closed'><svg aria-hidden=\"true\" class=\"e-font-icon-svg e-fas-plus\" viewBox=\"0 0 448 512\" xmlns=\"http:\/\/www.w3.org\/2000\/svg\"><path d=\"M416 208H272V64c0-17.67-14.33-32-32-32h-32c-17.67 0-32 14.33-32 32v144H32c-17.67 0-32 14.33-32 32v32c0 17.67 14.33 32 32 32h144v144c0 17.67 14.33 32 32 32h32c17.67 0 32-14.33 32-32V304h144c17.67 0 32-14.33 32-32v-32c0-17.67-14.33-32-32-32z\"><\/path><\/svg><\/span>\n\t\t<\/span>\n\n\t\t\t\t\t\t<\/summary>\n\t\t\t\t<div role=\"region\" aria-labelledby=\"e-n-accordion-item-1000\" class=\"elementor-element elementor-element-5b8dc08 e-con-full e-flex e-con e-child\" data-id=\"5b8dc08\" data-element_type=\"container\" data-e-type=\"container\">\n\t\t<div role=\"region\" aria-labelledby=\"e-n-accordion-item-1000\" class=\"elementor-element elementor-element-122460f e-flex e-con-boxed e-con e-child\" data-id=\"122460f\" data-element_type=\"container\" data-e-type=\"container\">\n\t\t\t\t\t<div class=\"e-con-inner\">\n\t\t\t\t<div class=\"elementor-element elementor-element-3348a0e elementor-widget elementor-widget-text-editor\" data-id=\"3348a0e\" data-element_type=\"widget\" data-e-type=\"widget\" data-widget_type=\"text-editor.default\">\n\t\t\t\t\t\t\t\t\t<ul><li><span style=\"text-decoration: underline;\"><a href=\"https:\/\/chia-cundinamarca.gov.co\/2025\/Otros\/LISTA%20DE%20ELEGIBLES%20JEFE%20DE%20CONTROL%20INTERNO.pdf\" target=\"_blank\" rel=\"noopener\">Lista de Elegibles para la Provisi\u00f3n del Empleo de Jefe de Control Interno de la Alcald\u00eda de Ch\u00eda y sus Entidades Descentralizadas<\/a><\/span><\/li><li><span style=\"text-decoration: underline;\"><a href=\"https:\/\/chia-cundinamarca.gov.co\/2025\/DOCUMENTOS\/resultados%20evaluacion%20hoja%20de%20vida%20control%20interno.pdf\" target=\"_blank\" rel=\"noopener\">Resultado de Evaluaci\u00f3n de Hojas de Vida, Prueba de Competencias y Entrevistas.<\/a><\/span><\/li><li><span style=\"text-decoration: underline;\"><a href=\"https:\/\/chia-cundinamarca.gov.co\/2025\/DOCUMENTOS\/007.Auto-19-12-2025-202501559-Admite-NegarMedidaProvisional%20(1).pdf\" target=\"_blank\" rel=\"noopener\">Acci\u00f3n de Tutela Radicado No. 251754003003-2025-01559-00<\/a><\/span><\/li><li><span style=\"text-decoration: underline;\"><a href=\"https:\/\/chia-cundinamarca.gov.co\/2025\/DOCUMENTOS\/LISTA%20DE%20ADMITIDOS%20JEFE%20CONTROL%20INTERNO.pdf\" target=\"_blank\" rel=\"noopener\">Listado de Aspirantes Admitidos para el Proceso de Selecci\u00f3n de Jefe de Control Interno del Nivel Central y las Entidades Descentralziadas de la Administraci\u00f3n Municipal de Ch\u00eda<\/a><\/span><\/li><li><span style=\"text-decoration: underline;\"><a href=\"https:\/\/chia-cundinamarca.gov.co\/2025\/DOCUMENTOS\/LISTADO%20POSTULADOS%20JEFE%20DE%20CONTROL%20INTERNO.pdf\" target=\"_blank\" rel=\"noopener\">Listado de Inscritos para el Cargo de Jefe de Control Interno Alcald\u00eda Municipal de Ch\u00eda Nivel Central y Entidades Descentralizadas.<\/a><\/span><\/li><\/ul>\t\t\t\t\t\t\t\t<\/div>\n\t\t\t\t\t<\/div>\n\t\t\t\t<\/div>\n\t\t\t\t<\/div>\n\t\t\t\t\t<\/details>\n\t\t\t\t\t\t<details id=\"e-n-accordion-item-1001\" class=\"e-n-accordion-item\" >\n\t\t\t\t<summary class=\"e-n-accordion-item-title\" data-accordion-index=\"2\" tabindex=\"-1\" aria-expanded=\"false\" aria-controls=\"e-n-accordion-item-1001\" >\n\t\t\t\t\t<span class='e-n-accordion-item-title-header'><div class=\"e-n-accordion-item-title-text\"> Convocatorias Vigencias Anteriores <\/div><\/span>\n\t\t\t\t\t\t\t<span class='e-n-accordion-item-title-icon'>\n\t\t\t<span class='e-opened' ><svg aria-hidden=\"true\" class=\"e-font-icon-svg e-fas-minus\" viewBox=\"0 0 448 512\" xmlns=\"http:\/\/www.w3.org\/2000\/svg\"><path d=\"M416 208H32c-17.67 0-32 14.33-32 32v32c0 17.67 14.33 32 32 32h384c17.67 0 32-14.33 32-32v-32c0-17.67-14.33-32-32-32z\"><\/path><\/svg><\/span>\n\t\t\t<span class='e-closed'><svg aria-hidden=\"true\" class=\"e-font-icon-svg e-fas-plus\" viewBox=\"0 0 448 512\" xmlns=\"http:\/\/www.w3.org\/2000\/svg\"><path d=\"M416 208H272V64c0-17.67-14.33-32-32-32h-32c-17.67 0-32 14.33-32 32v144H32c-17.67 0-32 14.33-32 32v32c0 17.67 14.33 32 32 32h144v144c0 17.67 14.33 32 32 32h32c17.67 0 32-14.33 32-32V304h144c17.67 0 32-14.33 32-32v-32c0-17.67-14.33-32-32-32z\"><\/path><\/svg><\/span>\n\t\t<\/span>\n\n\t\t\t\t\t\t<\/summary>\n\t\t\t\t<div role=\"region\" aria-labelledby=\"e-n-accordion-item-1001\" class=\"elementor-element elementor-element-96e29b4 e-con-full e-flex e-con e-child\" data-id=\"96e29b4\" data-element_type=\"container\" data-e-type=\"container\">\n\t\t<div role=\"region\" aria-labelledby=\"e-n-accordion-item-1001\" class=\"elementor-element elementor-element-b043143 e-flex e-con-boxed e-con e-child\" data-id=\"b043143\" data-element_type=\"container\" data-e-type=\"container\">\n\t\t\t\t\t<div class=\"e-con-inner\">\n\t\t\t\t<div class=\"elementor-element elementor-element-30e5644 elementor-widget elementor-widget-text-editor\" data-id=\"30e5644\" data-element_type=\"widget\" data-e-type=\"widget\" data-widget_type=\"text-editor.default\">\n\t\t\t\t\t\t\t\t\t<div class=\"page-header\"><h2><a lang=\"es_ES\" style=\"font-size: 16px;\" href=\"https:\/\/chia-cundinamarca.gov.co\/2021\/Decretos\/LISTA%20ELEGIBLES%20JEFE%20CONTROL%20INTERNO.pdf\" target=\"_blank\" rel=\"noopener\" hreflang=\"es_ES\">LISTA ELEGIBLES JEFE CONTROL INTERNO<\/a><\/h2><\/div><div><p><a lang=\"es_ES\" href=\"https:\/\/chia-cundinamarca.gov.co\/2021\/Decretos\/puntaje%20entrevista%20con%20el%20Alcalde%20Municipal.pdf\" target=\"_blank\" rel=\"noopener\" hreflang=\"es_ES\">INFORME DE ENTREVISTA CON EL ALCALDE MUNICIPAL<\/a><\/p><p class=\"s5_bluebox\">RECEPCION HOJAS DE VIDA JEFE DE CONTROL INTERNO<\/p><p><a lang=\"es_ES\" href=\"https:\/\/www.chia-cundinamarca.gov.co\/2021\/controlinterno\/RECEPCION%20HOJAS%20DE%20VIDA%20JEFE%20DE%20CONTROL%20INTERNO.pdf\" target=\"_blank\" rel=\"noopener\" hreflang=\"es_ES\">VER ARCHIVO<\/a><\/p><p class=\"s5_bluebox\">RESULTADO PRUEBA DE COMPETENCIAS<\/p><p><a lang=\"es_ES\" href=\"https:\/\/chia-cundinamarca.gov.co\/2021\/controlinterno\/resultadocompetencias.pdf\" target=\"_blank\" rel=\"noopener\" hreflang=\"es_ES\">RESULTADOS DE PRUEBA DE COMPETENCIAS REALIZADAS POR ALCALD\u00cdA MUNICIPAL DE CHIA Y SUS ENTIDADES DESCENTRALIZADAS CON EL APOYO\u00a0TECNICO DE LA FUNDACION UNIVERSITARIA DEL AREA ANDINA DE LA CONVOCATORIA PARA LA PROVISI\u00d3N DEL CARGO DE JEFE DE CONTROL INTERNO 2022-2025<\/a><\/p><p class=\"s5_bluebox\">LISTA DE ADMITIDOS CONVOCATORIA JEFE DE CONTROL INTERNO<\/p><p><a lang=\"es_ES\" href=\"https:\/\/chia-cundinamarca.gov.co\/2021\/Funcion_publica\/lista%20de%20admitidos%20convocatoria%20jefe%20de%20control%20interno.pdf\" target=\"_blank\" rel=\"noopener\" hreflang=\"es_ES\">VER ARCHIVO<\/a><\/p><p><a lang=\"es_ES\" href=\"https:\/\/www.chia-cundinamarca.gov.co\/2021\/controlinterno\/respuesta%20observaciones%20lista%20admitivos.pdf\" target=\"_blank\" rel=\"noopener\" hreflang=\"es_ES\"><strong>RESPUESTA OBSERVACIONES LISTA ADMITIDOS<\/strong><\/a><\/p><p><a lang=\"es_ES\" href=\"https:\/\/www.chia-cundinamarca.gov.co\/2021\/controlinterno\/listadefinitivaconvocatoria.pdf\" target=\"_blank\" rel=\"noopener\" hreflang=\"es_ES\"><strong>LISTA DE ADMITIDOS DEFINITIVA CONVOCATORIA JEFE DE CONTROL INTERNO<\/strong><\/a><\/p><p class=\"s5_bluebox\">VER DECRETOS CONVOCATORIA<\/p><table border=\"1\"><tbody><tr><td><a lang=\"es_ES\" href=\"https:\/\/chia-cundinamarca.gov.co\/2021\/Decretos\/DECRETO%20305%20DE%202021.pdf\" target=\"_blank\" rel=\"noopener\" hreflang=\"es_ES\">DECRETO 305 DE 2021.pdf<\/a><\/td><td class=\"cc_cursor\">\u00a0<\/td><td>\u00abQUE MODIFICA EL DECRETO 287 DEL 1 DE DICIEMBRE DE 2021 \u00abPOR EL CUAL SE REGLAMENTA EL PROCESO PARA LA PROVISI\u00d3N POR M\u00c9RITO DEL EMPLEO DE JEFE DE CONTROL INTERNO DEL NIVEL CENTRAL Y DE LAS ENTIDADES DESCENTRALIZADAS DE LA ALCALD\u00cdA MUNICIPAL DE CH\u00cdA 2022- 2025&#8243;\u00bb<\/td><\/tr><tr><td>\u00a0<\/td><td class=\"cc_cursor\">\u00a0<\/td><td>\u00a0<\/td><\/tr><tr><td><a lang=\"es_ES\" href=\"https:\/\/chia-cundinamarca.gov.co\/2021\/Decretos\/decreto%20288%20de%202021.pdf\" target=\"_blank\" rel=\"noopener\" hreflang=\"es_ES\">DECRETO 288 DE 2021.pdf<\/a><\/td><td class=\"cc_cursor\">\u00a0<\/td><td>\u00abPOR MEDIO DEL CUAL SE ACLARA Y SE CORRIGE UN ERROR FORMAL COMETIDO EN EL DECRETO No 287 DE 01 DE DICIEMBRE DE 2021\u00bb<\/td><\/tr><tr><td>\u00a0<\/td><td class=\"cc_cursor\">\u00a0<\/td><td>\u00a0<\/td><\/tr><tr><td><a lang=\"es_ES\" href=\"https:\/\/chia-cundinamarca.gov.co\/2021\/Decretos\/DECRETO%20287%20DE%202021.pdf\" target=\"_blank\" rel=\"noopener\" hreflang=\"es_ES\">DECRETO 287 DE 2021.pdf<\/a><\/td><td class=\"cc_cursor\">\u00a0<\/td><td>\u00abPOR EL CUAL SE REGLAMENTA EL PROCESO PARA LA PROVISI\u00d3N POR M\u00c9RITO DEL EMPLEO DE JEFE DE CONTROL INTERNO DEL NIVEL CENTRAL Y LAS ENIDADES DESCENTRALIZADAS\u00a0 DE LA ALCALD\u00cdA MUNICIPAL DE CH\u00cdA 2022-2025\u00bb<\/td><\/tr><\/tbody><\/table><\/div>\t\t\t\t\t\t\t\t<\/div>\n\t\t\t\t\t<\/div>\n\t\t\t\t<\/div>\n\t\t\t\t<\/div>\n\t\t\t\t\t<\/details>\n\t\t\t\t\t<\/div>\n\t\t\t\t\t\t<\/div>\n\t\t\t\t\t<\/div>\n\t\t\t\t<\/div>\n\t\t<div class=\"elementor-element elementor-element-1ae2c76 e-flex e-con-boxed e-con e-parent\" data-id=\"1ae2c76\" data-element_type=\"container\" data-e-type=\"container\">\n\t\t\t\t\t<div class=\"e-con-inner\">\n\t\t\t\t\t<\/div>\n\t\t\t\t<\/div>\n\t\t<div class=\"elementor-element elementor-element-56fc01b e-flex e-con-boxed e-con e-parent\" data-id=\"56fc01b\" data-element_type=\"container\" data-e-type=\"container\">\n\t\t\t\t\t<div class=\"e-con-inner\">\n\t\t\t\t<div class=\"elementor-element elementor-element-1af9818 elementor-align-center elementor-widget elementor-widget-button\" data-id=\"1af9818\" data-element_type=\"widget\" data-e-type=\"widget\" data-widget_type=\"button.default\">\n\t\t\t\t\t\t\t\t\t\t<a class=\"elementor-button elementor-button-link elementor-size-sm\" href=\"https:\/\/chia-cundinamarca.gov.co\/web\/transparencia-y-acceso-a-la-informacion-publica\/\">\n\t\t\t\t\t\t<span class=\"elementor-button-content-wrapper\">\n\t\t\t\t\t\t\t\t\t<span class=\"elementor-button-text\">volver al men\u00fa de transparencia<\/span>\n\t\t\t\t\t<\/span>\n\t\t\t\t\t<\/a>\n\t\t\t\t\t\t\t\t<\/div>\n\t\t\t\t\t<\/div>\n\t\t\t\t<\/div>\n\t\t\t\t<\/div>\n\t\t","protected":false},"excerpt":{"rendered":"<p>TRANSPARENCIA Y ACCESO A LA INFORMACI\u00d3N P\u00daBLICA\u00a0\u00a0 &#8211; Ley 1712 de 2014\u00a0&#8211; Por medio de la cual se crea la Ley de Transparencia y del Derecho de Acceso a la Informaci\u00f3n P\u00fablica Nacional y se dictan otras disposiciones. Objeto. El objeto de la presente ley es regular el derecho de acceso a la informaci\u00f3n p\u00fablica, [&hellip;]<\/p>\n","protected":false},"author":1,"featured_media":0,"comment_status":"closed","ping_status":"closed","sticky":false,"template":"","format":"standard","meta":{"footnotes":""},"categories":[6],"tags":[],"class_list":["post-498","post","type-post","status-publish","format-standard","hentry","category-transparencia-y-acceso-a-la-informacion-publica"],"_links":{"self":[{"href":"https:\/\/chia-cundinamarca.gov.co\/web\/wp-json\/wp\/v2\/posts\/498","targetHints":{"allow":["GET"]}}],"collection":[{"href":"https:\/\/chia-cundinamarca.gov.co\/web\/wp-json\/wp\/v2\/posts"}],"about":[{"href":"https:\/\/chia-cundinamarca.gov.co\/web\/wp-json\/wp\/v2\/types\/post"}],"author":[{"embeddable":true,"href":"https:\/\/chia-cundinamarca.gov.co\/web\/wp-json\/wp\/v2\/users\/1"}],"replies":[{"embeddable":true,"href":"https:\/\/chia-cundinamarca.gov.co\/web\/wp-json\/wp\/v2\/comments?post=498"}],"version-history":[{"count":30,"href":"https:\/\/chia-cundinamarca.gov.co\/web\/wp-json\/wp\/v2\/posts\/498\/revisions"}],"predecessor-version":[{"id":33301,"href":"https:\/\/chia-cundinamarca.gov.co\/web\/wp-json\/wp\/v2\/posts\/498\/revisions\/33301"}],"wp:attachment":[{"href":"https:\/\/chia-cundinamarca.gov.co\/web\/wp-json\/wp\/v2\/media?parent=498"}],"wp:term":[{"taxonomy":"category","embeddable":true,"href":"https:\/\/chia-cundinamarca.gov.co\/web\/wp-json\/wp\/v2\/categories?post=498"},{"taxonomy":"post_tag","embeddable":true,"href":"https:\/\/chia-cundinamarca.gov.co\/web\/wp-json\/wp\/v2\/tags?post=498"}],"curies":[{"name":"wp","href":"https:\/\/api.w.org\/{rel}","templated":true}]}}