{"id":5123,"date":"2024-03-18T22:23:55","date_gmt":"2024-03-18T21:23:55","guid":{"rendered":"https:\/\/chia-cundinamarca.gov.co\/web\/?p=5123"},"modified":"2024-03-18T22:25:53","modified_gmt":"2024-03-18T21:25:53","slug":"festival-hilos-de-luna","status":"publish","type":"post","link":"https:\/\/chia-cundinamarca.gov.co\/web\/2024\/03\/festival-hilos-de-luna\/","title":{"rendered":"\u2018Hilos de Luna\u2019, Primer festival de tejedur\u00eda en Ch\u00eda"},"content":{"rendered":"\t\t<div data-elementor-type=\"wp-post\" data-elementor-id=\"5123\" class=\"elementor elementor-5123\" data-elementor-post-type=\"post\">\n\t\t\t\t<div class=\"elementor-element elementor-element-2934592d e-flex e-con-boxed e-con e-parent\" data-id=\"2934592d\" data-element_type=\"container\" data-e-type=\"container\">\n\t\t\t\t\t<div class=\"e-con-inner\">\n\t\t\t\t<div class=\"elementor-element elementor-element-cd8dc40 elementor-widget elementor-widget-heading\" data-id=\"cd8dc40\" data-element_type=\"widget\" data-e-type=\"widget\" data-widget_type=\"heading.default\">\n\t\t\t\t\t<h2 class=\"elementor-heading-title elementor-size-default\">\u2018Hilos de Luna\u2019, Primer festival de tejedur\u00eda en Ch\u00eda<\/h2>\t\t\t\t<\/div>\n\t\t\t\t<div class=\"elementor-element elementor-element-ee487c3 elementor-widget elementor-widget-image\" data-id=\"ee487c3\" data-element_type=\"widget\" data-e-type=\"widget\" data-widget_type=\"image.default\">\n\t\t\t\t\t\t\t\t\t\t\t\t\t\t\t<img fetchpriority=\"high\" decoding=\"async\" width=\"768\" height=\"576\" src=\"https:\/\/chia-cundinamarca.gov.co\/web\/wp-content\/uploads\/2024\/03\/HilosDeLunaLEONARDO-768x576.jpeg\" class=\"attachment-medium_large size-medium_large wp-image-5124\" alt=\"\u2018Hilos de Luna\u2019, Primer festival de tejedur\u00eda\" srcset=\"https:\/\/chia-cundinamarca.gov.co\/web\/wp-content\/uploads\/2024\/03\/HilosDeLunaLEONARDO-768x576.jpeg 768w, https:\/\/chia-cundinamarca.gov.co\/web\/wp-content\/uploads\/2024\/03\/HilosDeLunaLEONARDO-300x225.jpeg 300w, https:\/\/chia-cundinamarca.gov.co\/web\/wp-content\/uploads\/2024\/03\/HilosDeLunaLEONARDO-1024x768.jpeg 1024w, https:\/\/chia-cundinamarca.gov.co\/web\/wp-content\/uploads\/2024\/03\/HilosDeLunaLEONARDO-1536x1152.jpeg 1536w, https:\/\/chia-cundinamarca.gov.co\/web\/wp-content\/uploads\/2024\/03\/HilosDeLunaLEONARDO.jpeg 1600w\" sizes=\"(max-width: 768px) 100vw, 768px\" \/>\t\t\t\t\t\t\t\t\t\t\t\t\t\t\t<\/div>\n\t\t\t\t<div class=\"elementor-element elementor-element-5bdfdd45 elementor-widget elementor-widget-text-editor\" data-id=\"5bdfdd45\" data-element_type=\"widget\" data-e-type=\"widget\" data-widget_type=\"text-editor.default\">\n\t\t\t\t\t\t\t\t\t<p>El 17 de marzo, se llev\u00f3 acabo la <strong>inauguraci\u00f3n del primer festival de tejido en el municipio de Ch\u00eda<\/strong> <strong>\u201cHilos de Luna\u201d<\/strong>, proyecto de la Fundaci\u00f3n Cultural Kynza Xie, ganador del Programa Nacional de Concertaci\u00f3n Cultural del Ministerio de Cultura y apoyado por la Alcald\u00eda Municipal.<\/p><p><br><\/p>\n<p>En el auditorio Zea Mays, los <strong>artesanos y artesanas locales participaron en tres actividades<\/strong>: un conversatorio, una protecci\u00f3n audiovisual y una construcci\u00f3n colectiva; compartiendo su sabidur\u00eda y visi\u00f3n, con el fin de reunir las miradas del sector frente al futuro del oficio de la tejedur\u00eda.<\/p><p><br><\/p>\n<p>Al evento asisti\u00f3 el Alcalde, Leonardo Donoso Ruiz quien expres\u00f3 su a<strong>poyo hacia la labor artesanal<\/strong> que se desarrolla el municipio.<br>\nEste festival busca realizar la primera caracterizaci\u00f3n del oficio en Ch\u00eda, mientras fortalece la trayectoria y recuperaci\u00f3n de esta herencia ancestral, que hace parte del patrimonio cultural inmaterial de la Ciudad de la Luna.<\/p><p><br><\/p>\n<p>La Administraci\u00f3n Donoso y la Direcci\u00f3n de Cultura, extienden una invitaci\u00f3n a la comunidad para disfrutar del<strong> cierre del Festival este 23 de marzo, en el Parque Santander,<\/strong> con una feria comercial, demostraciones en vivo de tejedur\u00eda, m\u00fasica en vivo y m\u00e1s.<\/p>\t\t\t\t\t\t\t\t<\/div>\n\t\t\t\t\t<\/div>\n\t\t\t\t<\/div>\n\t\t\t\t<\/div>\n\t\t","protected":false},"excerpt":{"rendered":"<p>El cierre del Festival ser\u00e1 este 23 de marzo, en el Parque Santander.<\/p>\n","protected":false},"author":1,"featured_media":5124,"comment_status":"closed","ping_status":"closed","sticky":false,"template":"","format":"standard","meta":{"footnotes":""},"categories":[17],"tags":[404,403],"class_list":["post-5123","post","type-post","status-publish","format-standard","has-post-thumbnail","hentry","category-noticias-2024","tag-alcalde-de-chia-leonardo-donoso","tag-festival-hilos-de-luna"],"_links":{"self":[{"href":"https:\/\/chia-cundinamarca.gov.co\/web\/wp-json\/wp\/v2\/posts\/5123","targetHints":{"allow":["GET"]}}],"collection":[{"href":"https:\/\/chia-cundinamarca.gov.co\/web\/wp-json\/wp\/v2\/posts"}],"about":[{"href":"https:\/\/chia-cundinamarca.gov.co\/web\/wp-json\/wp\/v2\/types\/post"}],"author":[{"embeddable":true,"href":"https:\/\/chia-cundinamarca.gov.co\/web\/wp-json\/wp\/v2\/users\/1"}],"replies":[{"embeddable":true,"href":"https:\/\/chia-cundinamarca.gov.co\/web\/wp-json\/wp\/v2\/comments?post=5123"}],"version-history":[{"count":0,"href":"https:\/\/chia-cundinamarca.gov.co\/web\/wp-json\/wp\/v2\/posts\/5123\/revisions"}],"wp:featuredmedia":[{"embeddable":true,"href":"https:\/\/chia-cundinamarca.gov.co\/web\/wp-json\/wp\/v2\/media\/5124"}],"wp:attachment":[{"href":"https:\/\/chia-cundinamarca.gov.co\/web\/wp-json\/wp\/v2\/media?parent=5123"}],"wp:term":[{"taxonomy":"category","embeddable":true,"href":"https:\/\/chia-cundinamarca.gov.co\/web\/wp-json\/wp\/v2\/categories?post=5123"},{"taxonomy":"post_tag","embeddable":true,"href":"https:\/\/chia-cundinamarca.gov.co\/web\/wp-json\/wp\/v2\/tags?post=5123"}],"curies":[{"name":"wp","href":"https:\/\/api.w.org\/{rel}","templated":true}]}}