{"id":5132,"date":"2024-03-18T23:14:57","date_gmt":"2024-03-18T22:14:57","guid":{"rendered":"https:\/\/chia-cundinamarca.gov.co\/web\/?p=5132"},"modified":"2024-03-18T23:16:58","modified_gmt":"2024-03-18T22:16:58","slug":"los-cdi-de-chia-entraron-en-accion","status":"publish","type":"post","link":"https:\/\/chia-cundinamarca.gov.co\/web\/2024\/03\/los-cdi-de-chia-entraron-en-accion\/","title":{"rendered":"Primera semana de los CDI de Ch\u00eda"},"content":{"rendered":"\t\t<div data-elementor-type=\"wp-post\" data-elementor-id=\"5132\" class=\"elementor elementor-5132\" data-elementor-post-type=\"post\">\n\t\t\t\t<div class=\"elementor-element elementor-element-78cba5b6 e-flex e-con-boxed e-con e-parent\" data-id=\"78cba5b6\" data-element_type=\"container\" data-e-type=\"container\">\n\t\t\t\t\t<div class=\"e-con-inner\">\n\t\t\t\t<div class=\"elementor-element elementor-element-b8709fd elementor-widget elementor-widget-heading\" data-id=\"b8709fd\" data-element_type=\"widget\" data-e-type=\"widget\" data-widget_type=\"heading.default\">\n\t\t\t\t\t<h2 class=\"elementor-heading-title elementor-size-default\">Primera semana de los CDI de Ch\u00eda<\/h2>\t\t\t\t<\/div>\n\t\t\t\t<div class=\"elementor-element elementor-element-051f926 elementor-widget elementor-widget-image\" data-id=\"051f926\" data-element_type=\"widget\" data-e-type=\"widget\" data-widget_type=\"image.default\">\n\t\t\t\t\t\t\t\t\t\t\t\t\t\t\t<img fetchpriority=\"high\" decoding=\"async\" width=\"768\" height=\"576\" src=\"https:\/\/chia-cundinamarca.gov.co\/web\/wp-content\/uploads\/2024\/03\/WhatsApp-Image-2024-03-18-at-1.59.14-PM-768x576.jpeg\" class=\"attachment-medium_large size-medium_large wp-image-5133\" alt=\"As\u00ed van los CDI en Ch\u00eda\" srcset=\"https:\/\/chia-cundinamarca.gov.co\/web\/wp-content\/uploads\/2024\/03\/WhatsApp-Image-2024-03-18-at-1.59.14-PM-768x576.jpeg 768w, https:\/\/chia-cundinamarca.gov.co\/web\/wp-content\/uploads\/2024\/03\/WhatsApp-Image-2024-03-18-at-1.59.14-PM-300x225.jpeg 300w, https:\/\/chia-cundinamarca.gov.co\/web\/wp-content\/uploads\/2024\/03\/WhatsApp-Image-2024-03-18-at-1.59.14-PM-1024x768.jpeg 1024w, https:\/\/chia-cundinamarca.gov.co\/web\/wp-content\/uploads\/2024\/03\/WhatsApp-Image-2024-03-18-at-1.59.14-PM-1536x1152.jpeg 1536w, https:\/\/chia-cundinamarca.gov.co\/web\/wp-content\/uploads\/2024\/03\/WhatsApp-Image-2024-03-18-at-1.59.14-PM-2048x1536.jpeg 2048w\" sizes=\"(max-width: 768px) 100vw, 768px\" \/>\t\t\t\t\t\t\t\t\t\t\t\t\t\t\t<\/div>\n\t\t\t\t<div class=\"elementor-element elementor-element-1a6af97 elementor-widget elementor-widget-text-editor\" data-id=\"1a6af97\" data-element_type=\"widget\" data-e-type=\"widget\" data-widget_type=\"text-editor.default\">\n\t\t\t\t\t\t\t\t\t<p>Este 18 de marzo, se habilitaron los CDI para atenci\u00f3n a <strong>la primera infancia del municipio, al evento de apertura <\/strong>asisti\u00f3 la <strong>gestora social<\/strong>, Blanca Donoso, quien realiz\u00f3 un <strong>recorrido<\/strong> para la verificaci\u00f3n de su ejecuci\u00f3n.<\/p><p>\u00a0<\/p><p>En la visita de la Gestora se evidenci\u00f3 que cuentan con todos los servicios de <strong>cobertura y habitaci\u00f3n<\/strong> de las instalaciones, servicios de alimentaci\u00f3n, insumos did\u00e1cticos y los profesionales disponibles.<\/p><p>\u00a0<\/p><h5>Ver m\u00e1s: <a href=\"https:\/\/chia-cundinamarca.gov.co\/web\/2024\/03\/13\/icbf-abrira-los-jardines-en-chia\/\">https:\/\/chia-cundinamarca.gov.co\/web\/2024\/03\/13\/icbf-abrira-los-jardines-en-chia\/<\/a><\/h5><p>\u00a0<\/p><p>La administraci\u00f3n de Ch\u00eda, pretende tener cobertura total de la primera infancia <strong>matriculada<\/strong> en estos espacios que se han trabajado para que despu\u00e9s de tres meses tuvieran <strong>atenci\u00f3n eficiente<\/strong>; estas y m\u00e1s <strong>acciones <\/strong>se llevar\u00e1n a cabo por la educaci\u00f3n y bienestar de los peque\u00f1os de Ch\u00eda.<\/p>\t\t\t\t\t\t\t\t<\/div>\n\t\t\t\t\t<\/div>\n\t\t\t\t<\/div>\n\t\t\t\t<\/div>\n\t\t","protected":false},"excerpt":{"rendered":"<p>La administraci\u00f3n de Ch\u00eda, pretende tener cobertura total de la primera infancia matriculada.<\/p>\n","protected":false},"author":1,"featured_media":5133,"comment_status":"closed","ping_status":"closed","sticky":false,"template":"","format":"standard","meta":{"footnotes":""},"categories":[17],"tags":[335,274,405,406,307,217,159],"class_list":["post-5132","post","type-post","status-publish","format-standard","has-post-thumbnail","hentry","category-noticias-2024","tag-acciones","tag-cdi","tag-cobertura","tag-cupos","tag-educacion","tag-gestora-social","tag-primera-infancia"],"_links":{"self":[{"href":"https:\/\/chia-cundinamarca.gov.co\/web\/wp-json\/wp\/v2\/posts\/5132","targetHints":{"allow":["GET"]}}],"collection":[{"href":"https:\/\/chia-cundinamarca.gov.co\/web\/wp-json\/wp\/v2\/posts"}],"about":[{"href":"https:\/\/chia-cundinamarca.gov.co\/web\/wp-json\/wp\/v2\/types\/post"}],"author":[{"embeddable":true,"href":"https:\/\/chia-cundinamarca.gov.co\/web\/wp-json\/wp\/v2\/users\/1"}],"replies":[{"embeddable":true,"href":"https:\/\/chia-cundinamarca.gov.co\/web\/wp-json\/wp\/v2\/comments?post=5132"}],"version-history":[{"count":0,"href":"https:\/\/chia-cundinamarca.gov.co\/web\/wp-json\/wp\/v2\/posts\/5132\/revisions"}],"wp:featuredmedia":[{"embeddable":true,"href":"https:\/\/chia-cundinamarca.gov.co\/web\/wp-json\/wp\/v2\/media\/5133"}],"wp:attachment":[{"href":"https:\/\/chia-cundinamarca.gov.co\/web\/wp-json\/wp\/v2\/media?parent=5132"}],"wp:term":[{"taxonomy":"category","embeddable":true,"href":"https:\/\/chia-cundinamarca.gov.co\/web\/wp-json\/wp\/v2\/categories?post=5132"},{"taxonomy":"post_tag","embeddable":true,"href":"https:\/\/chia-cundinamarca.gov.co\/web\/wp-json\/wp\/v2\/tags?post=5132"}],"curies":[{"name":"wp","href":"https:\/\/api.w.org\/{rel}","templated":true}]}}