{"id":5973,"date":"2024-04-03T01:46:13","date_gmt":"2024-04-02T23:46:13","guid":{"rendered":"https:\/\/chia-cundinamarca.gov.co\/web\/?p=5973"},"modified":"2025-01-23T00:23:12","modified_gmt":"2025-01-22T23:23:12","slug":"alcalde-leonardo-donoso-realizo-el-primer-congreso-de-propiedad-horizontal-de-chia","status":"publish","type":"post","link":"https:\/\/chia-cundinamarca.gov.co\/web\/2024\/04\/alcalde-leonardo-donoso-realizo-el-primer-congreso-de-propiedad-horizontal-de-chia\/","title":{"rendered":"Alcalde Leonardo Donoso realiz\u00f3 el primer Congreso de Propiedad Horizontal de Ch\u00eda"},"content":{"rendered":"\t\t<div data-elementor-type=\"wp-post\" data-elementor-id=\"5973\" class=\"elementor elementor-5973\" data-elementor-post-type=\"post\">\n\t\t\t\t<div class=\"elementor-element elementor-element-b70f5df e-flex e-con-boxed e-con e-parent\" data-id=\"b70f5df\" data-element_type=\"container\" data-e-type=\"container\">\n\t\t\t\t\t<div class=\"e-con-inner\">\n\t\t\t\t<div class=\"elementor-element elementor-element-cf23868 elementor-widget elementor-widget-heading\" data-id=\"cf23868\" data-element_type=\"widget\" data-e-type=\"widget\" data-widget_type=\"heading.default\">\n\t\t\t\t\t<h2 class=\"elementor-heading-title elementor-size-default\">Alcalde Leonardo Donoso realiz\u00f3 el primer Congreso de Propiedad Horizontal de Ch\u00eda <\/h2>\t\t\t\t<\/div>\n\t\t\t\t<div class=\"elementor-element elementor-element-1abdcd6 elementor-widget elementor-widget-image\" data-id=\"1abdcd6\" data-element_type=\"widget\" data-e-type=\"widget\" data-widget_type=\"image.default\">\n\t\t\t\t\t\t\t\t\t\t\t\t\t\t\t<img fetchpriority=\"high\" decoding=\"async\" width=\"768\" height=\"576\" src=\"https:\/\/chia-cundinamarca.gov.co\/web\/wp-content\/uploads\/2024\/04\/WhatsApp-Image-2024-04-02-at-6.43.34-PM-768x576.jpeg\" class=\"attachment-medium_large size-medium_large wp-image-5979\" alt=\"\" srcset=\"https:\/\/chia-cundinamarca.gov.co\/web\/wp-content\/uploads\/2024\/04\/WhatsApp-Image-2024-04-02-at-6.43.34-PM-768x576.jpeg 768w, https:\/\/chia-cundinamarca.gov.co\/web\/wp-content\/uploads\/2024\/04\/WhatsApp-Image-2024-04-02-at-6.43.34-PM-300x225.jpeg 300w, https:\/\/chia-cundinamarca.gov.co\/web\/wp-content\/uploads\/2024\/04\/WhatsApp-Image-2024-04-02-at-6.43.34-PM-1024x768.jpeg 1024w, https:\/\/chia-cundinamarca.gov.co\/web\/wp-content\/uploads\/2024\/04\/WhatsApp-Image-2024-04-02-at-6.43.34-PM-1536x1152.jpeg 1536w, https:\/\/chia-cundinamarca.gov.co\/web\/wp-content\/uploads\/2024\/04\/WhatsApp-Image-2024-04-02-at-6.43.34-PM-48x36.jpeg 48w, https:\/\/chia-cundinamarca.gov.co\/web\/wp-content\/uploads\/2024\/04\/WhatsApp-Image-2024-04-02-at-6.43.34-PM.jpeg 1600w\" sizes=\"(max-width: 768px) 100vw, 768px\" \/>\t\t\t\t\t\t\t\t\t\t\t\t\t\t\t<\/div>\n\t\t\t\t<div class=\"elementor-element elementor-element-6d8f3a32 elementor-widget elementor-widget-text-editor\" data-id=\"6d8f3a32\" data-element_type=\"widget\" data-e-type=\"widget\" data-widget_type=\"text-editor.default\">\n\t\t\t\t\t\t\t\t\t<p>Bajo la iniciativa \u00abAlcald\u00eda a tu conjunto\u00bb y como parte del plan de desarrollo del alcalde Donoso, se lanz\u00f3 el primer Congreso de Propiedad Horizontal, una actividad que busca conocer y atender las necesidades de este conglomerado del municipio.<\/p><p>Este espacio brind\u00f3, a m\u00e1s de <strong>300 personas<\/strong> entre administradores de conjuntos residenciales, copropietarios, consejeros, representantes de centros comerciales y ciudadan\u00eda en general, la oportunidad de expresar sus necesidades y preocupaciones en temas de convivencia, tenencia responsable de mascotas, seguridad e infraestructura. El objetivo principal es establecer un canal continuo de comunicaci\u00f3n para abordar estos temas de manera efectiva.<\/p><p>Una de las principales metas del congreso, Hecho en colaboraci\u00f3n con la<strong> Secretar\u00eda de Participaci\u00f3n Ciudadana<\/strong> y Acci\u00f3n Comunitaria, es activar el Comit\u00e9 de Convivencia dentro de las propiedades horizontales, evitando la represi\u00f3n de informaci\u00f3n en otras entidades y promover la pedagog\u00eda y la cultura en la comunidad.<\/p><p>Adem\u00e1s, se busca la articulaci\u00f3n de los comit\u00e9s de administraci\u00f3n de los conjuntos con la <strong>alcald\u00eda de Ch\u00eda<\/strong>, para garantizar una gesti\u00f3n m\u00e1s eficiente y coordinada en beneficio de todos los habitantes. Este evento marca un hito en la historia del ordenamiento territorial del municipio.<\/p>\t\t\t\t\t\t\t\t<\/div>\n\t\t\t\t<div class=\"elementor-element elementor-element-3d5bdf1 elementor-widget elementor-widget-gallery\" data-id=\"3d5bdf1\" data-element_type=\"widget\" data-e-type=\"widget\" data-settings=\"{&quot;lazyload&quot;:&quot;yes&quot;,&quot;gallery_layout&quot;:&quot;grid&quot;,&quot;columns&quot;:4,&quot;columns_tablet&quot;:2,&quot;columns_mobile&quot;:1,&quot;gap&quot;:{&quot;unit&quot;:&quot;px&quot;,&quot;size&quot;:10,&quot;sizes&quot;:[]},&quot;gap_tablet&quot;:{&quot;unit&quot;:&quot;px&quot;,&quot;size&quot;:10,&quot;sizes&quot;:[]},&quot;gap_mobile&quot;:{&quot;unit&quot;:&quot;px&quot;,&quot;size&quot;:10,&quot;sizes&quot;:[]},&quot;link_to&quot;:&quot;file&quot;,&quot;aspect_ratio&quot;:&quot;3:2&quot;,&quot;overlay_background&quot;:&quot;yes&quot;,&quot;content_hover_animation&quot;:&quot;fade-in&quot;}\" data-widget_type=\"gallery.default\">\n\t\t\t\t\t\t\t<div class=\"elementor-gallery__container\">\n\t\t\t\t\t\t\t<a class=\"e-gallery-item elementor-gallery-item elementor-animated-content\" href=\"https:\/\/chia-cundinamarca.gov.co\/web\/wp-content\/uploads\/2024\/04\/WhatsApp-Image-2024-04-02-at-6.43.12-PM-1-scaled.jpeg\" data-elementor-open-lightbox=\"yes\" data-elementor-lightbox-slideshow=\"3d5bdf1\" data-elementor-lightbox-title=\"WhatsApp Image 2024-04-02 at 6.43.12 PM (1)\" data-e-action-hash=\"#elementor-action%3Aaction%3Dlightbox%26settings%3DeyJpZCI6NTk4NiwidXJsIjoiaHR0cHM6XC9cL2NoaWEtY3VuZGluYW1hcmNhLmdvdi5jb1wvd2ViXC93cC1jb250ZW50XC91cGxvYWRzXC8yMDI0XC8wNFwvV2hhdHNBcHAtSW1hZ2UtMjAyNC0wNC0wMi1hdC02LjQzLjEyLVBNLTEtc2NhbGVkLmpwZWciLCJzbGlkZXNob3ciOiIzZDViZGYxIn0%3D\">\n\t\t\t\t\t<div class=\"e-gallery-image elementor-gallery-item__image\" data-thumbnail=\"https:\/\/chia-cundinamarca.gov.co\/web\/wp-content\/uploads\/2024\/04\/WhatsApp-Image-2024-04-02-at-6.43.12-PM-1-300x169.jpeg\" data-width=\"300\" data-height=\"169\" aria-label=\"\" role=\"img\" ><\/div>\n\t\t\t\t\t\t\t\t\t\t\t<div class=\"elementor-gallery-item__overlay\"><\/div>\n\t\t\t\t\t\t\t\t\t\t\t\t\t\t<\/a>\n\t\t\t\t\t\t\t<a class=\"e-gallery-item elementor-gallery-item elementor-animated-content\" href=\"https:\/\/chia-cundinamarca.gov.co\/web\/wp-content\/uploads\/2024\/04\/WhatsApp-Image-2024-04-02-at-6.43.12-PM-scaled.jpeg\" data-elementor-open-lightbox=\"yes\" data-elementor-lightbox-slideshow=\"3d5bdf1\" data-elementor-lightbox-title=\"WhatsApp Image 2024-04-02 at 6.43.12 PM\" data-e-action-hash=\"#elementor-action%3Aaction%3Dlightbox%26settings%3DeyJpZCI6NTk4NywidXJsIjoiaHR0cHM6XC9cL2NoaWEtY3VuZGluYW1hcmNhLmdvdi5jb1wvd2ViXC93cC1jb250ZW50XC91cGxvYWRzXC8yMDI0XC8wNFwvV2hhdHNBcHAtSW1hZ2UtMjAyNC0wNC0wMi1hdC02LjQzLjEyLVBNLXNjYWxlZC5qcGVnIiwic2xpZGVzaG93IjoiM2Q1YmRmMSJ9\">\n\t\t\t\t\t<div class=\"e-gallery-image elementor-gallery-item__image\" data-thumbnail=\"https:\/\/chia-cundinamarca.gov.co\/web\/wp-content\/uploads\/2024\/04\/WhatsApp-Image-2024-04-02-at-6.43.12-PM-300x169.jpeg\" data-width=\"300\" data-height=\"169\" aria-label=\"\" role=\"img\" ><\/div>\n\t\t\t\t\t\t\t\t\t\t\t<div class=\"elementor-gallery-item__overlay\"><\/div>\n\t\t\t\t\t\t\t\t\t\t\t\t\t\t<\/a>\n\t\t\t\t\t\t\t<a class=\"e-gallery-item elementor-gallery-item elementor-animated-content\" href=\"https:\/\/chia-cundinamarca.gov.co\/web\/wp-content\/uploads\/2024\/04\/WhatsApp-Image-2024-04-02-at-6.43.11-PM-scaled.jpeg\" data-elementor-open-lightbox=\"yes\" data-elementor-lightbox-slideshow=\"3d5bdf1\" data-elementor-lightbox-title=\"WhatsApp Image 2024-04-02 at 6.43.11 PM\" data-e-action-hash=\"#elementor-action%3Aaction%3Dlightbox%26settings%3DeyJpZCI6NTk4OCwidXJsIjoiaHR0cHM6XC9cL2NoaWEtY3VuZGluYW1hcmNhLmdvdi5jb1wvd2ViXC93cC1jb250ZW50XC91cGxvYWRzXC8yMDI0XC8wNFwvV2hhdHNBcHAtSW1hZ2UtMjAyNC0wNC0wMi1hdC02LjQzLjExLVBNLXNjYWxlZC5qcGVnIiwic2xpZGVzaG93IjoiM2Q1YmRmMSJ9\">\n\t\t\t\t\t<div class=\"e-gallery-image elementor-gallery-item__image\" data-thumbnail=\"https:\/\/chia-cundinamarca.gov.co\/web\/wp-content\/uploads\/2024\/04\/WhatsApp-Image-2024-04-02-at-6.43.11-PM-300x169.jpeg\" data-width=\"300\" data-height=\"169\" aria-label=\"\" role=\"img\" ><\/div>\n\t\t\t\t\t\t\t\t\t\t\t<div class=\"elementor-gallery-item__overlay\"><\/div>\n\t\t\t\t\t\t\t\t\t\t\t\t\t\t<\/a>\n\t\t\t\t\t<\/div>\n\t\t\t\t\t<\/div>\n\t\t\t\t\t<\/div>\n\t\t\t\t<\/div>\n\t\t\t\t<\/div>\n\t\t","protected":false},"excerpt":{"rendered":"<p>Alcalde Leonardo Donoso realiz\u00f3 el primer Congreso de Propiedad Horizontal de Ch\u00eda Bajo la iniciativa \u00abAlcald\u00eda a tu conjunto\u00bb y como parte del plan de desarrollo del alcalde Donoso, se lanz\u00f3 el primer Congreso de Propiedad Horizontal, una actividad que busca conocer y atender las necesidades de este conglomerado del municipio. Este espacio brind\u00f3, a [&hellip;]<\/p>\n","protected":false},"author":1,"featured_media":5979,"comment_status":"closed","ping_status":"closed","sticky":false,"template":"","format":"standard","meta":{"footnotes":""},"categories":[17],"tags":[496,122,60,495,364,493,494],"class_list":["post-5973","post","type-post","status-publish","format-standard","has-post-thumbnail","hentry","category-noticias-2024","tag-300-personas","tag-alcalde-donoso","tag-alcaldia-de-chia","tag-comite-de-convivencia","tag-necesidades","tag-primer-congreso-de-propiedad-horizontal","tag-secretaria-de-participacion-ciudadana-y-accion-comunitaria"],"_links":{"self":[{"href":"https:\/\/chia-cundinamarca.gov.co\/web\/wp-json\/wp\/v2\/posts\/5973","targetHints":{"allow":["GET"]}}],"collection":[{"href":"https:\/\/chia-cundinamarca.gov.co\/web\/wp-json\/wp\/v2\/posts"}],"about":[{"href":"https:\/\/chia-cundinamarca.gov.co\/web\/wp-json\/wp\/v2\/types\/post"}],"author":[{"embeddable":true,"href":"https:\/\/chia-cundinamarca.gov.co\/web\/wp-json\/wp\/v2\/users\/1"}],"replies":[{"embeddable":true,"href":"https:\/\/chia-cundinamarca.gov.co\/web\/wp-json\/wp\/v2\/comments?post=5973"}],"version-history":[{"count":6,"href":"https:\/\/chia-cundinamarca.gov.co\/web\/wp-json\/wp\/v2\/posts\/5973\/revisions"}],"predecessor-version":[{"id":23139,"href":"https:\/\/chia-cundinamarca.gov.co\/web\/wp-json\/wp\/v2\/posts\/5973\/revisions\/23139"}],"wp:featuredmedia":[{"embeddable":true,"href":"https:\/\/chia-cundinamarca.gov.co\/web\/wp-json\/wp\/v2\/media\/5979"}],"wp:attachment":[{"href":"https:\/\/chia-cundinamarca.gov.co\/web\/wp-json\/wp\/v2\/media?parent=5973"}],"wp:term":[{"taxonomy":"category","embeddable":true,"href":"https:\/\/chia-cundinamarca.gov.co\/web\/wp-json\/wp\/v2\/categories?post=5973"},{"taxonomy":"post_tag","embeddable":true,"href":"https:\/\/chia-cundinamarca.gov.co\/web\/wp-json\/wp\/v2\/tags?post=5973"}],"curies":[{"name":"wp","href":"https:\/\/api.w.org\/{rel}","templated":true}]}}