{"id":6481,"date":"2024-04-17T17:01:52","date_gmt":"2024-04-17T15:01:52","guid":{"rendered":"https:\/\/chia-cundinamarca.gov.co\/web\/?p=6481"},"modified":"2024-04-17T17:07:13","modified_gmt":"2024-04-17T15:07:13","slug":"operativos-de-migracion-colombia-llegan-a-las-veredas","status":"publish","type":"post","link":"https:\/\/chia-cundinamarca.gov.co\/web\/2024\/04\/operativos-de-migracion-colombia-llegan-a-las-veredas\/","title":{"rendered":"Operativos de Migraci\u00f3n Colombia llegan a las veredas"},"content":{"rendered":"\t\t<div data-elementor-type=\"wp-post\" data-elementor-id=\"6481\" class=\"elementor elementor-6481\" data-elementor-post-type=\"post\">\n\t\t\t\t<div class=\"elementor-element elementor-element-77b9f434 e-flex e-con-boxed e-con e-parent\" data-id=\"77b9f434\" data-element_type=\"container\" data-e-type=\"container\">\n\t\t\t\t\t<div class=\"e-con-inner\">\n\t\t\t\t<div class=\"elementor-element elementor-element-90b6682 elementor-widget elementor-widget-heading\" data-id=\"90b6682\" data-element_type=\"widget\" data-e-type=\"widget\" data-widget_type=\"heading.default\">\n\t\t\t\t\t<h2 class=\"elementor-heading-title elementor-size-default\"><div style=\"text-align: justify\">Operativos de Migraci\u00f3n Colombia llegan a las veredas de Ch\u00eda<\/div><p class=\"MsoNormal\" style=\"text-align:justify\"><span style=\"color: inherit;font-family: inherit;font-size: 2rem;text-align: center\"><\/span><\/p><\/h2>\t\t\t\t<\/div>\n\t\t\t\t<div class=\"elementor-element elementor-element-0822538 elementor-widget elementor-widget-image\" data-id=\"0822538\" data-element_type=\"widget\" data-e-type=\"widget\" data-widget_type=\"image.default\">\n\t\t\t\t\t\t\t\t\t\t\t\t\t\t\t<img fetchpriority=\"high\" decoding=\"async\" width=\"768\" height=\"432\" src=\"https:\/\/chia-cundinamarca.gov.co\/web\/wp-content\/uploads\/2024\/04\/WhatsApp-Image-2024-04-17-at-5.46.56-AM-768x432.jpeg\" class=\"attachment-medium_large size-medium_large wp-image-6482\" alt=\"\" srcset=\"https:\/\/chia-cundinamarca.gov.co\/web\/wp-content\/uploads\/2024\/04\/WhatsApp-Image-2024-04-17-at-5.46.56-AM-768x432.jpeg 768w, https:\/\/chia-cundinamarca.gov.co\/web\/wp-content\/uploads\/2024\/04\/WhatsApp-Image-2024-04-17-at-5.46.56-AM-300x169.jpeg 300w, https:\/\/chia-cundinamarca.gov.co\/web\/wp-content\/uploads\/2024\/04\/WhatsApp-Image-2024-04-17-at-5.46.56-AM-1024x577.jpeg 1024w, https:\/\/chia-cundinamarca.gov.co\/web\/wp-content\/uploads\/2024\/04\/WhatsApp-Image-2024-04-17-at-5.46.56-AM-1536x865.jpeg 1536w, https:\/\/chia-cundinamarca.gov.co\/web\/wp-content\/uploads\/2024\/04\/WhatsApp-Image-2024-04-17-at-5.46.56-AM-48x27.jpeg 48w, https:\/\/chia-cundinamarca.gov.co\/web\/wp-content\/uploads\/2024\/04\/WhatsApp-Image-2024-04-17-at-5.46.56-AM.jpeg 1600w\" sizes=\"(max-width: 768px) 100vw, 768px\" \/>\t\t\t\t\t\t\t\t\t\t\t\t\t\t\t<\/div>\n\t\t\t\t<div class=\"elementor-element elementor-element-56998c0a elementor-widget elementor-widget-text-editor\" data-id=\"56998c0a\" data-element_type=\"widget\" data-e-type=\"widget\" data-widget_type=\"text-editor.default\">\n\t\t\t\t\t\t\t\t\t<p>La <strong>madrugada<\/strong> de este mi\u00e9rcoles 17 de abril los <strong>operativos<\/strong> de <strong>Migraci\u00f3n Colombia<\/strong> y la Direcci\u00f3n de Seguridad y Convivencia Ciudadana de <strong>Ch\u00eda<\/strong>, llegaron a las <strong>veredas<\/strong> de Fagua y T\u00edquiza para hacer control a los ciudadanos <strong>extranjeros<\/strong> que est\u00e1n indocumentados o no cumplen con la <strong>ley<\/strong>.<\/p><p>Como parte de la operatividad, se generaron dos \u00f3rdenes de comparendo por incautaci\u00f3n de armas blancas y se registraron a m\u00e1s de <strong>100 personas<\/strong> que se movilizaban a pie, en bicicleta o motocicleta.<\/p><p>La intervenci\u00f3n institucional, que estuvo acompa\u00f1ada por efectivos de la<strong> Polic\u00eda<\/strong> y el <strong>Ejercito Nacional<\/strong>, se realiz\u00f3 de 4:00 a 6:00 de la ma\u00f1ana recorriendo cada sector de estas dos veredas. Se espera que los operativos contin\u00faen de manera frecuente durante las pr\u00f3ximas semanas.<\/p>\t\t\t\t\t\t\t\t<\/div>\n\t\t\t\t\t<\/div>\n\t\t\t\t<\/div>\n\t\t<div class=\"elementor-element elementor-element-b827d01 e-flex e-con-boxed e-con e-parent\" data-id=\"b827d01\" data-element_type=\"container\" data-e-type=\"container\">\n\t\t\t\t\t<div class=\"e-con-inner\">\n\t\t\t\t<div class=\"elementor-element elementor-element-cb63a2c elementor-widget elementor-widget-gallery\" data-id=\"cb63a2c\" data-element_type=\"widget\" data-e-type=\"widget\" data-settings=\"{&quot;lazyload&quot;:&quot;yes&quot;,&quot;gallery_layout&quot;:&quot;grid&quot;,&quot;columns&quot;:4,&quot;columns_tablet&quot;:2,&quot;columns_mobile&quot;:1,&quot;gap&quot;:{&quot;unit&quot;:&quot;px&quot;,&quot;size&quot;:10,&quot;sizes&quot;:[]},&quot;gap_tablet&quot;:{&quot;unit&quot;:&quot;px&quot;,&quot;size&quot;:10,&quot;sizes&quot;:[]},&quot;gap_mobile&quot;:{&quot;unit&quot;:&quot;px&quot;,&quot;size&quot;:10,&quot;sizes&quot;:[]},&quot;link_to&quot;:&quot;file&quot;,&quot;aspect_ratio&quot;:&quot;3:2&quot;,&quot;overlay_background&quot;:&quot;yes&quot;,&quot;content_hover_animation&quot;:&quot;fade-in&quot;}\" data-widget_type=\"gallery.default\">\n\t\t\t\t\t\t\t<div class=\"elementor-gallery__container\">\n\t\t\t\t\t\t\t<a class=\"e-gallery-item elementor-gallery-item elementor-animated-content\" href=\"https:\/\/chia-cundinamarca.gov.co\/web\/wp-content\/uploads\/2024\/04\/WhatsApp-Image-2024-04-17-at-7.28.03-AM.jpeg\" data-elementor-open-lightbox=\"yes\" data-elementor-lightbox-slideshow=\"cb63a2c\" data-elementor-lightbox-title=\"WhatsApp Image 2024-04-17 at 7.28.03 AM\" data-e-action-hash=\"#elementor-action%3Aaction%3Dlightbox%26settings%3DeyJpZCI6NjQ4NCwidXJsIjoiaHR0cHM6XC9cL2NoaWEtY3VuZGluYW1hcmNhLmdvdi5jb1wvd2ViXC93cC1jb250ZW50XC91cGxvYWRzXC8yMDI0XC8wNFwvV2hhdHNBcHAtSW1hZ2UtMjAyNC0wNC0xNy1hdC03LjI4LjAzLUFNLmpwZWciLCJzbGlkZXNob3ciOiJjYjYzYTJjIn0%3D\">\n\t\t\t\t\t<div class=\"e-gallery-image elementor-gallery-item__image\" data-thumbnail=\"https:\/\/chia-cundinamarca.gov.co\/web\/wp-content\/uploads\/2024\/04\/WhatsApp-Image-2024-04-17-at-7.28.03-AM-300x225.jpeg\" data-width=\"300\" data-height=\"225\" aria-label=\"\" role=\"img\" ><\/div>\n\t\t\t\t\t\t\t\t\t\t\t<div class=\"elementor-gallery-item__overlay\"><\/div>\n\t\t\t\t\t\t\t\t\t\t\t\t\t\t<\/a>\n\t\t\t\t\t\t\t<a class=\"e-gallery-item elementor-gallery-item elementor-animated-content\" href=\"https:\/\/chia-cundinamarca.gov.co\/web\/wp-content\/uploads\/2024\/04\/WhatsApp-Image-2024-04-17-at-5.46.56-AM-1.jpeg\" data-elementor-open-lightbox=\"yes\" data-elementor-lightbox-slideshow=\"cb63a2c\" data-elementor-lightbox-title=\"WhatsApp Image 2024-04-17 at 5.46.56 AM (1)\" data-e-action-hash=\"#elementor-action%3Aaction%3Dlightbox%26settings%3DeyJpZCI6NjQ4NSwidXJsIjoiaHR0cHM6XC9cL2NoaWEtY3VuZGluYW1hcmNhLmdvdi5jb1wvd2ViXC93cC1jb250ZW50XC91cGxvYWRzXC8yMDI0XC8wNFwvV2hhdHNBcHAtSW1hZ2UtMjAyNC0wNC0xNy1hdC01LjQ2LjU2LUFNLTEuanBlZyIsInNsaWRlc2hvdyI6ImNiNjNhMmMifQ%3D%3D\">\n\t\t\t\t\t<div class=\"e-gallery-image elementor-gallery-item__image\" data-thumbnail=\"https:\/\/chia-cundinamarca.gov.co\/web\/wp-content\/uploads\/2024\/04\/WhatsApp-Image-2024-04-17-at-5.46.56-AM-1-300x225.jpeg\" data-width=\"300\" data-height=\"225\" aria-label=\"\" role=\"img\" ><\/div>\n\t\t\t\t\t\t\t\t\t\t\t<div class=\"elementor-gallery-item__overlay\"><\/div>\n\t\t\t\t\t\t\t\t\t\t\t\t\t\t<\/a>\n\t\t\t\t\t\t\t<a class=\"e-gallery-item elementor-gallery-item elementor-animated-content\" href=\"https:\/\/chia-cundinamarca.gov.co\/web\/wp-content\/uploads\/2024\/04\/WhatsApp-Image-2024-04-17-at-5.46.55-AM-1.jpeg\" data-elementor-open-lightbox=\"yes\" data-elementor-lightbox-slideshow=\"cb63a2c\" data-elementor-lightbox-title=\"WhatsApp Image 2024-04-17 at 5.46.55 AM (1)\" data-e-action-hash=\"#elementor-action%3Aaction%3Dlightbox%26settings%3DeyJpZCI6NjQ4NiwidXJsIjoiaHR0cHM6XC9cL2NoaWEtY3VuZGluYW1hcmNhLmdvdi5jb1wvd2ViXC93cC1jb250ZW50XC91cGxvYWRzXC8yMDI0XC8wNFwvV2hhdHNBcHAtSW1hZ2UtMjAyNC0wNC0xNy1hdC01LjQ2LjU1LUFNLTEuanBlZyIsInNsaWRlc2hvdyI6ImNiNjNhMmMifQ%3D%3D\">\n\t\t\t\t\t<div class=\"e-gallery-image elementor-gallery-item__image\" data-thumbnail=\"https:\/\/chia-cundinamarca.gov.co\/web\/wp-content\/uploads\/2024\/04\/WhatsApp-Image-2024-04-17-at-5.46.55-AM-1-300x225.jpeg\" data-width=\"300\" data-height=\"225\" aria-label=\"\" role=\"img\" ><\/div>\n\t\t\t\t\t\t\t\t\t\t\t<div class=\"elementor-gallery-item__overlay\"><\/div>\n\t\t\t\t\t\t\t\t\t\t\t\t\t\t<\/a>\n\t\t\t\t\t\t\t<a class=\"e-gallery-item elementor-gallery-item elementor-animated-content\" href=\"https:\/\/chia-cundinamarca.gov.co\/web\/wp-content\/uploads\/2024\/04\/WhatsApp-Image-2024-04-17-at-5.46.55-AM.jpeg\" data-elementor-open-lightbox=\"yes\" data-elementor-lightbox-slideshow=\"cb63a2c\" data-elementor-lightbox-title=\"WhatsApp Image 2024-04-17 at 5.46.55 AM\" data-e-action-hash=\"#elementor-action%3Aaction%3Dlightbox%26settings%3DeyJpZCI6NjQ4NywidXJsIjoiaHR0cHM6XC9cL2NoaWEtY3VuZGluYW1hcmNhLmdvdi5jb1wvd2ViXC93cC1jb250ZW50XC91cGxvYWRzXC8yMDI0XC8wNFwvV2hhdHNBcHAtSW1hZ2UtMjAyNC0wNC0xNy1hdC01LjQ2LjU1LUFNLmpwZWciLCJzbGlkZXNob3ciOiJjYjYzYTJjIn0%3D\">\n\t\t\t\t\t<div class=\"e-gallery-image elementor-gallery-item__image\" data-thumbnail=\"https:\/\/chia-cundinamarca.gov.co\/web\/wp-content\/uploads\/2024\/04\/WhatsApp-Image-2024-04-17-at-5.46.55-AM-300x225.jpeg\" data-width=\"300\" data-height=\"225\" aria-label=\"\" role=\"img\" ><\/div>\n\t\t\t\t\t\t\t\t\t\t\t<div class=\"elementor-gallery-item__overlay\"><\/div>\n\t\t\t\t\t\t\t\t\t\t\t\t\t\t<\/a>\n\t\t\t\t\t<\/div>\n\t\t\t\t\t<\/div>\n\t\t\t\t\t<\/div>\n\t\t\t\t<\/div>\n\t\t\t\t<\/div>\n\t\t","protected":false},"excerpt":{"rendered":"<p>Operativos de Migraci\u00f3n Colombia llegan a las veredas de Ch\u00eda La madrugada de este mi\u00e9rcoles 17 de abril los operativos de Migraci\u00f3n Colombia y la Direcci\u00f3n de Seguridad y Convivencia Ciudadana de Ch\u00eda, llegaron a las veredas de Fagua y T\u00edquiza para hacer control a los ciudadanos extranjeros que est\u00e1n indocumentados o no cumplen con [&hellip;]<\/p>\n","protected":false},"author":1,"featured_media":6482,"comment_status":"closed","ping_status":"closed","sticky":false,"template":"","format":"standard","meta":{"footnotes":""},"categories":[17],"tags":[400,33,567,565,401,563,41,566,564],"class_list":["post-6481","post","type-post","status-publish","format-standard","has-post-thumbnail","hentry","category-noticias-2024","tag-100-personas","tag-chia","tag-ejercito-nacional","tag-extranjeros","tag-madrugada","tag-migracion-colombia","tag-operativos","tag-policia","tag-veredas"],"_links":{"self":[{"href":"https:\/\/chia-cundinamarca.gov.co\/web\/wp-json\/wp\/v2\/posts\/6481","targetHints":{"allow":["GET"]}}],"collection":[{"href":"https:\/\/chia-cundinamarca.gov.co\/web\/wp-json\/wp\/v2\/posts"}],"about":[{"href":"https:\/\/chia-cundinamarca.gov.co\/web\/wp-json\/wp\/v2\/types\/post"}],"author":[{"embeddable":true,"href":"https:\/\/chia-cundinamarca.gov.co\/web\/wp-json\/wp\/v2\/users\/1"}],"replies":[{"embeddable":true,"href":"https:\/\/chia-cundinamarca.gov.co\/web\/wp-json\/wp\/v2\/comments?post=6481"}],"version-history":[{"count":0,"href":"https:\/\/chia-cundinamarca.gov.co\/web\/wp-json\/wp\/v2\/posts\/6481\/revisions"}],"wp:featuredmedia":[{"embeddable":true,"href":"https:\/\/chia-cundinamarca.gov.co\/web\/wp-json\/wp\/v2\/media\/6482"}],"wp:attachment":[{"href":"https:\/\/chia-cundinamarca.gov.co\/web\/wp-json\/wp\/v2\/media?parent=6481"}],"wp:term":[{"taxonomy":"category","embeddable":true,"href":"https:\/\/chia-cundinamarca.gov.co\/web\/wp-json\/wp\/v2\/categories?post=6481"},{"taxonomy":"post_tag","embeddable":true,"href":"https:\/\/chia-cundinamarca.gov.co\/web\/wp-json\/wp\/v2\/tags?post=6481"}],"curies":[{"name":"wp","href":"https:\/\/api.w.org\/{rel}","templated":true}]}}